{"id":474093,"date":"2025-10-19T05:17:33","date_gmt":"2025-10-19T05:17:33","guid":{"rendered":"https:\/\/www.europesays.com\/fr\/474093\/"},"modified":"2025-10-19T05:17:33","modified_gmt":"2025-10-19T05:17:33","slug":"le-depart-de-la-course-principale-decale-au-gp-daustralie","status":"publish","type":"post","link":"https:\/\/www.europesays.com\/fr\/474093\/","title":{"rendered":"Le d\u00e9part de la course principale d\u00e9cal\u00e9 au GP d&rsquo;Australie"},"content":{"rendered":"<p>Vendredi, plusieurs pilotes, dont <a href=\"https:\/\/fr.motorsport.com\/driver\/pecco-bagnaia\/109394\/\" target=\"_blank\" rel=\"noopener\">Pecco Bagnaia<\/a> et <a href=\"https:\/\/fr.motorsport.com\/driver\/luca-marini\/201098\/\" target=\"_blank\" rel=\"noopener\">Luca Marini<\/a>, affichaient leurs inqui\u00e9tudes concernant les conditions pr\u00e9vues pour la course principale du Grand Prix d&rsquo;Australie, alors que des rafales de vent pouvant d\u00e9passer 70 km\/h sont annonc\u00e9s ce dimanche. Les concurrents demandaient \u00e0 ce que la course principale soit d\u00e9cal\u00e9e \u00e0 samedi.<\/p>\n<p>\u00ab\u00a0Je pense qu&rsquo;une bonne solution serait de faire la course longue demain\u00a0\u00bb, avait expliqu\u00e9 le pilote Ducati apr\u00e8s les essais libres ce vendredi. \u00ab\u00a0On va en parler en Commission de s\u00e9curit\u00e9. Ce sera important de bien faire les choses.\u00a0\u00bb<\/p>\n<p>Bagnaia n&rsquo;a pas \u00e9t\u00e9 directement \u00e9cout\u00e9 mais le programme va bel et bien \u00e9voluer : l&rsquo;horaire de d\u00e9part de la course principale sera finalement d\u00e9cal\u00e9 d&rsquo;une heure. Initialement pr\u00e9vu \u00e0 5h00 (heure fran\u00e7aise), le d\u00e9part sera donn\u00e9 \u00e0 6h00 (heure fran\u00e7aise) afin de laisser le temps aux conditions m\u00e9t\u00e9o de s&rsquo;am\u00e9liorer et de garantir la s\u00e9curit\u00e9 des pilotes. En cons\u00e9quence, les courses de Moto3 et Moto2, ainsi que le warm-up du MotoGP seront eux aussi d\u00e9cal\u00e9s d&rsquo;une heure.<\/p>\n<p>\u00ab\u00a0En raison des pr\u00e9visions m\u00e9t\u00e9orologiques \u00e0 Phillip Island, le programme du dimanche du Grand Prix d&rsquo;Australie MotoGP 2025 Liqui Moly a \u00e9t\u00e9 d\u00e9cal\u00e9 d&rsquo;une heure\u00a0\u00bb, peut-on lire dans le communiqu\u00e9 officiel du MotoGP. \u00ab\u00a0Ce changement pr\u00e9ventif vise \u00e0 garantir les meilleures conditions possibles pour l&rsquo;action en piste ainsi que pour les spectateurs.\u00a0\u00bb<\/p>\n<p>Ce type de sc\u00e9nario n&rsquo;est pas in\u00e9dit \u00e0 Phillip Island. En 2023, face \u00e0 une m\u00e9t\u00e9o extr\u00eame, la course du MotoGP avait \u00e9t\u00e9 avanc\u00e9e au samedi pour assurer son maintien, tandis que le sprint report\u00e9 au dimanche avait finalement \u00e9t\u00e9 annul\u00e9 en raison des mauvaises conditions. <a href=\"https:\/\/fr.motorsport.com\/driver\/johann-zarco\/96107\/\" target=\"_blank\" rel=\"noopener\">Johann Zarco<\/a> avait d&rsquo;ailleurs remport\u00e9 le Grand Prix, sa premi\u00e8re victoire dans la cat\u00e9gorie reine.<\/p>\n<p>Lire aussi :<\/p>\n<p>            Votre avis nous int\u00e9resse !<\/p>\n<p class=\"mt-auto\">Qu&rsquo;aimeriez-vous voir sur Motorsport.com ?<\/p>\n<p>            <a href=\"#\" class=\"ms-link text-link font-bold\">R\u00e9pondez \u00e0 notre enqu\u00eate de 5 minutes.<\/a><\/p>\n<p class=\"mt-1 font-info text-body\">&#8211; L&rsquo;\u00e9quipe Motorsport.com<\/p>\n","protected":false},"excerpt":{"rendered":"Vendredi, plusieurs pilotes, dont Pecco Bagnaia et Luca Marini, affichaient leurs inqui\u00e9tudes concernant les conditions pr\u00e9vues pour la&hellip;\n","protected":false},"author":2,"featured_media":474094,"comment_status":"","ping_status":"","sticky":false,"template":"","format":"standard","meta":{"footnotes":""},"categories":[1413],"tags":[1011,27,56962,59752,1457,1456,1458,56963,60],"class_list":{"0":"post-474093","1":"post","2":"type-post","3":"status-publish","4":"format-standard","5":"has-post-thumbnail","7":"category-moto","8":"tag-fr","9":"tag-france","10":"tag-gp-daustralie","11":"tag-le-du00e9part-de-la-course-principale-du00e9calu00e9-au-gp-daustralie","12":"tag-moto","13":"tag-motocycle","14":"tag-motogp","15":"tag-phillip-island-grand-prix-circuit","16":"tag-sports"},"share_on_mastodon":{"url":"https:\/\/pubeurope.com\/@fr\/115399140474869415","error":""},"_links":{"self":[{"href":"https:\/\/www.europesays.com\/fr\/wp-json\/wp\/v2\/posts\/474093","targetHints":{"allow":["GET"]}}],"collection":[{"href":"https:\/\/www.europesays.com\/fr\/wp-json\/wp\/v2\/posts"}],"about":[{"href":"https:\/\/www.europesays.com\/fr\/wp-json\/wp\/v2\/types\/post"}],"author":[{"embeddable":true,"href":"https:\/\/www.europesays.com\/fr\/wp-json\/wp\/v2\/users\/2"}],"replies":[{"embeddable":true,"href":"https:\/\/www.europesays.com\/fr\/wp-json\/wp\/v2\/comments?post=474093"}],"version-history":[{"count":0,"href":"https:\/\/www.europesays.com\/fr\/wp-json\/wp\/v2\/posts\/474093\/revisions"}],"wp:featuredmedia":[{"embeddable":true,"href":"https:\/\/www.europesays.com\/fr\/wp-json\/wp\/v2\/media\/474094"}],"wp:attachment":[{"href":"https:\/\/www.europesays.com\/fr\/wp-json\/wp\/v2\/media?parent=474093"}],"wp:term":[{"taxonomy":"category","embeddable":true,"href":"https:\/\/www.europesays.com\/fr\/wp-json\/wp\/v2\/categories?post=474093"},{"taxonomy":"post_tag","embeddable":true,"href":"https:\/\/www.europesays.com\/fr\/wp-json\/wp\/v2\/tags?post=474093"}],"curies":[{"name":"wp","href":"https:\/\/api.w.org\/{rel}","templated":true}]}}