{"id":474105,"date":"2025-10-19T05:23:13","date_gmt":"2025-10-19T05:23:13","guid":{"rendered":"https:\/\/www.europesays.com\/fr\/474105\/"},"modified":"2025-10-19T05:23:13","modified_gmt":"2025-10-19T05:23:13","slug":"litterature-avec-memorus-laveyronnaise-chloe-molinier-reveille-les-souvenirs","status":"publish","type":"post","link":"https:\/\/www.europesays.com\/fr\/474105\/","title":{"rendered":"Litt\u00e9rature : avec \u00ab\u00a0M\u00e9morus\u00a0\u00bb, l&rsquo;Aveyronnaise Chlo\u00e9 Molinier r\u00e9veille les souvenirs"},"content":{"rendered":"<p>\n                                                                La trentenaire originaire de Carcenac-Peyral\u00e8s vient de sortir son premier livre&#8230; Comme un troisi\u00e8me b\u00e9b\u00e9.\n                            <\/p>\n<p>A mes deux merveilleuses filles Jade et Victoire \u00ab\u00a0. L\u2019a\u00een\u00e9e a vu le jour en 2020 et la cadette en 2022. Install\u00e9e \u00e0 Cassagnes-B\u00e9gonh\u00e8s, o\u00f9 son mari Matthieu est agriculteur, Chlo\u00e9 Molinier est donc l\u2019heureuse maman de ces deux t\u00eates blondes, \u00e2g\u00e9es de 5 et 3 ans. Mais, elle avoue, dans un grand \u00e9clat de rire, qu\u2019elle a un troisi\u00e8me enfant. Elle l\u2019a baptis\u00e9 \u00ab\u00a0M\u00e9morus\u00a0\u00bb. Son livre, sorti en auto-\u00e9dition \u00e0 300 exemplaires, date de d\u00e9cembre 2024.<\/p>\n<p>Mais, sa g\u00e9n\u00e8se remonte un peu. \u00a0\u00bb J\u2019ai commenc\u00e9 \u00e0 l\u2019\u00e9crire pendant ma premi\u00e8re grossesse, explique l\u2019int\u00e9ress\u00e9e. C\u2019est cet heureux \u00e9v\u00e9nement qui a \u00e9t\u00e9 le d\u00e9clencheur pour que je passe \u00e0 l\u2019acte\u00a0\u00bb. Elle est intarissable sur le sujet : \u00ab\u00a0Je l\u2019ai fait pour mon b\u00e9b\u00e9. De nature, j\u2019ai de l\u2019imagination, je suis plut\u00f4t cr\u00e9ative, et je me suis prise au jeu. J\u2019ai choisi le roman comme forme d\u2019expression \u00ab\u00a0.<\/p>\n<p>Originaire de Carcenac-Peyral\u00e8s, n\u00e9e en 1993, Chlo\u00e9 Molinier a grandi entre Baraqueville et La Primaube. Apr\u00e8s le coll\u00e8ge baraquevillois, sa scolarit\u00e9 l\u2019a men\u00e9e au lyc\u00e9e Monteil, \u00e0 Rodez, o\u00f9 elle a d\u00e9croch\u00e9 un baccalaur\u00e9at s\u00e9rie STMG (sciences et technologies du management et de la gestion). Un BTS assistante de gestion PME et PMI, suivi \u00e0 la chambre de commerce et de l\u2019industrie \u00e0 Rodez, en poche, la trentenaire a int\u00e9gr\u00e9 la quincaillerie Angles. Elle est aujourd\u2019hui gestionnaire financier et comptable dans un \u00e9tablissement public.<\/p>\n<p>Si \u00a0\u00bb la lecture a toujours fait partie de mon quotidien \u00ab\u00a0, elle le reconna\u00eet volontiers : \u00ab\u00a0Je dois avouer qu\u2019\u00e9crire un livre ne faisait absolument pas partie d\u2019un de mes r\u00eaves. Je remercie le jour o\u00f9 j\u2019ai pris la d\u00e9cision de mettre des mots sur l\u2019id\u00e9e que j\u2019avais \u00e0 l\u2019esprit depuis un long moment. Quelques phrases sur une page Word sont devenues, au fur et \u00e0 mesure, ce roman\u00a0\u00bb. Elle pr\u00e9cise tout de go : \u00ab\u00a0Ce n\u2019est pas une autobiographie, mais c\u2019est vrai qu\u2019il y a des clins d\u2019\u0153il \u00e0 des personnes qui existent, \u00e0 ma famille\u00a0\u00bb.<\/p>\n<p>Une \u00ab\u00a0pens\u00e9e particuli\u00e8re\u00a0\u00bb pour mamie Armande<\/p>\n<p>La p\u00e9riode de gestation de sa premi\u00e8re fille a donc donn\u00e9 vie \u00e0 cet ouvrage. \u00ab\u00a0Je me suis jet\u00e9e \u00e0 l\u2019eau car je voulais aller au bout de mon id\u00e9e, la d\u00e9velopper, se r\u00e9jouit-elle. J\u2019ai \u00e9crit pendant la sieste de mes filles. J\u2019ai eu de la chance qu\u2019elles dorment ! L\u2019histoire est tr\u00e8s prenante, elle traite des souvenirs, mais \u00e9galement de la m\u00e9moire, de la maladie d\u2019Alzheimer&#8230;\u00a0\u00bb.<\/p>\n<p>Quand elle en \u00e9tait \u00e0 la moiti\u00e9, Chlo\u00e9 Molinier a fait lire son livre \u00e0 sept personnes (Patricia, Fanny, Adrien, Myriam, Eva, Ma\u00ebva et Bastien), un panel \u00ab\u00a0tr\u00e8s diff\u00e9rent\u00a0\u00bb : \u00a0\u00bb J\u2019avais besoin de savoir ! Si une majorit\u00e9 avait eu des doutes, j\u2019aurais tout rang\u00e9 dans un tiroir \u00ab\u00a0. \u00e0 souvenirs ? Au contraire, elle a \u00e9t\u00e9 au terme de son \u00e9criture et \u00ab\u00a0M\u00e9morus\u00a0\u00bb aura m\u00eame une suite. La jeune femme glisse du bout des l\u00e8vres : \u00ab\u00a0J\u2019en suis au huiti\u00e8me chapitre \u00ab\u00a0. Si elle respecte ses cycles, il sortira en 2026&#8230;<\/p>\n<p>\u00e0 l\u2019issue de ses 306 pages (12 \u20ac), l\u2019auteur lance une invitation : \u00ab\u00a0Ch\u00e8re lectrice, cher lecteur, si comme Anna, tu devais faire le choix de ne retenir que trois souvenirs qui d\u00e9termineront le reste de ta vie, lesquels choisiras-tu ? \u00ab\u00a0. \u00ab\u00a0M\u00e9morus\u00a0\u00bb, dont la couverture a \u00e9t\u00e9 r\u00e9alis\u00e9e par la maman de Chlo\u00e9 Molinier, est disponible au Leclerc culturel d\u2019Onet-le-Ch\u00e2teau (o\u00f9 elle a effectu\u00e9, voil\u00e0 une semaine, sa premi\u00e8re s\u00e9ance de d\u00e9dicaces), ainsi qu\u2019\u00e0 La maison du livre \u00e0 Rodez et Au cantou \u00e0 Arvieu.<\/p>\n<p>Avouant, tr\u00e8s \u00e9mue, que \u00a0\u00bb j\u2019ai, aujourd\u2019hui, touch\u00e9 du doigt un r\u00eave que je n\u2019avais m\u00eame pas imagin\u00e9 \u00ab\u00a0, elle a \u00ab\u00a0une pens\u00e9e particuli\u00e8re \u00a0\u00bb pour Armande, \u00ab\u00a0mamie des cabanes\u00a0\u00bb, demeurant \u00e0 Colombi\u00e8s et \u00e2g\u00e9e de 90 ans : \u00ab\u00a0C\u2019est ma plus grande lectrice&#8230; Elle a d\u00e9vor\u00e9 le livre \u00e0 deux reprises !\u00a0\u00bb.<\/p>\n","protected":false},"excerpt":{"rendered":"La trentenaire originaire de Carcenac-Peyral\u00e8s vient de sortir son premier livre&#8230; Comme un troisi\u00e8me b\u00e9b\u00e9. A mes deux&hellip;\n","protected":false},"author":2,"featured_media":474106,"comment_status":"","ping_status":"","sticky":false,"template":"","format":"standard","meta":{"footnotes":""},"categories":[1357],"tags":[1379,58,59,1011,27,1380],"class_list":{"0":"post-474105","1":"post","2":"type-post","3":"status-publish","4":"format-standard","5":"has-post-thumbnail","7":"category-livres","8":"tag-books","9":"tag-divertissement","10":"tag-entertainment","11":"tag-fr","12":"tag-france","13":"tag-livres"},"share_on_mastodon":{"url":"https:\/\/pubeurope.com\/@fr\/115399164133350482","error":""},"_links":{"self":[{"href":"https:\/\/www.europesays.com\/fr\/wp-json\/wp\/v2\/posts\/474105","targetHints":{"allow":["GET"]}}],"collection":[{"href":"https:\/\/www.europesays.com\/fr\/wp-json\/wp\/v2\/posts"}],"about":[{"href":"https:\/\/www.europesays.com\/fr\/wp-json\/wp\/v2\/types\/post"}],"author":[{"embeddable":true,"href":"https:\/\/www.europesays.com\/fr\/wp-json\/wp\/v2\/users\/2"}],"replies":[{"embeddable":true,"href":"https:\/\/www.europesays.com\/fr\/wp-json\/wp\/v2\/comments?post=474105"}],"version-history":[{"count":0,"href":"https:\/\/www.europesays.com\/fr\/wp-json\/wp\/v2\/posts\/474105\/revisions"}],"wp:featuredmedia":[{"embeddable":true,"href":"https:\/\/www.europesays.com\/fr\/wp-json\/wp\/v2\/media\/474106"}],"wp:attachment":[{"href":"https:\/\/www.europesays.com\/fr\/wp-json\/wp\/v2\/media?parent=474105"}],"wp:term":[{"taxonomy":"category","embeddable":true,"href":"https:\/\/www.europesays.com\/fr\/wp-json\/wp\/v2\/categories?post=474105"},{"taxonomy":"post_tag","embeddable":true,"href":"https:\/\/www.europesays.com\/fr\/wp-json\/wp\/v2\/tags?post=474105"}],"curies":[{"name":"wp","href":"https:\/\/api.w.org\/{rel}","templated":true}]}}