{"id":474120,"date":"2025-10-19T05:32:09","date_gmt":"2025-10-19T05:32:09","guid":{"rendered":"https:\/\/www.europesays.com\/fr\/474120\/"},"modified":"2025-10-19T05:32:09","modified_gmt":"2025-10-19T05:32:09","slug":"suivi-par-la-television-et-la-presse-a-letranger-le-jeune-lucas-est-devenu-un-phenomene-de-societe","status":"publish","type":"post","link":"https:\/\/www.europesays.com\/fr\/474120\/","title":{"rendered":"Suivi par la t\u00e9l\u00e9vision et la presse \u00e0 l&rsquo;\u00e9tranger, le jeune Lucas est devenu un ph\u00e9nom\u00e8ne de soci\u00e9t\u00e9"},"content":{"rendered":"<p>            Par<br \/>\n        <strong><br \/>\n            <a href=\"https:\/\/actu.fr\/auteur\/jeremy-colin-actu-fr\" title=\"Consulter tous les articles de Jeremy Colin\" rel=\"nofollow noopener\" target=\"_blank\">Jeremy Colin<\/a><br \/>\n        <\/strong><\/p>\n<p>        Publi\u00e9 le<\/p>\n<p>            18 oct. 2025 \u00e0 22h15        <\/p>\n<p>Jeudi 16\u00a0octobre 2025, ils \u00e9taient<b> une petite cinquantaine de personnes <\/b>\u00e0 \u00eatre venus soutenir le jeune Lucas Wafflart pour son deuxi\u00e8me passage devant le tribunal de commerce d\u2019Agen <a href=\"https:\/\/actu.fr\/le-republicain-lot-et-garonne\/\" rel=\"nofollow noopener\" target=\"_blank\">(Lot-et-Garonne)<\/a>.<br \/>Parmi eux, <a href=\"https:\/\/actu.fr\/tag\/agriculture\" rel=\"nofollow noopener\" target=\"_blank\">des agriculteurs<\/a> et des membres de la Coordination rurale mais pas uniquement. Des particuliers \u00e9trangers au monde agricole y sont all\u00e9s <b>de leur petit mot de soutien pour le futur agriculteur<\/b>.<br \/>Le tout devant les cam\u00e9ras de <a href=\"https:\/\/actu.fr\/tag\/television\" rel=\"nofollow noopener\" target=\"_blank\">la t\u00e9l\u00e9vision<\/a> qui consacrera \u00e0 Lucas, <b>un long reportage au mois de novembre\u00a02025<\/b>.<\/p>\n<p>La gal\u00e8re de Lucas partag\u00e9e par un grand nombre<\/p>\n<p class=\" wall-content\">En quelques semaines, l\u2019histoire de Lucas Wafflart, ses grands-parents et leurs difficult\u00e9s financi\u00e8res, <b>a \u00e9mu la France enti\u00e8re<\/b>.<\/p>\n<p class=\" wall-content\">Chaque publication le concernant sur les r\u00e9seaux sociaux a cumul\u00e9<b> des centaines de milliers de vues <\/b>avec son lot de commentaires en soutien, sans compter les 133\u2009000\u00a0\u20ac atteints sur sa cagnotte au moment de la vente aux ench\u00e8res.<\/p>\n<p class=\" wall-content\">Si cette histoire a mis en lumi\u00e8re<b> les difficult\u00e9s du monde agricole<\/b>, elle a aussi de fait du jeune Lucas, un v\u00e9ritable ph\u00e9nom\u00e8ne de soci\u00e9t\u00e9.<\/p>\n<p class=\" wall-content\">\u00ab<b>\u2009Nous sommes tous dans la m\u00eame gal\u00e8re<\/b>, c\u2019est pour \u00e7a que nous sommes venus le soutenir\u2009\u00bb, affirmaient ce jeudi, deux Agenaises \u00e9trang\u00e8res au monde agricole.<\/p>\n<p class=\" wall-content\">\u00c0 l\u2019heure o\u00f9 la jeunesse est raill\u00e9e car l\u2019inconscient collectif affirmerait qu\u2019elle ne voudrait pas travailler, Lucas s\u00e9duit aussi par sa pugnacit\u00e9 pour faire vivre l\u2019exploitation familiale.<\/p>\n<p>Un long reportage \u00e0 venir sur M6<\/p>\n<p class=\" wall-content\"><b>Un r\u00e9cit qui a s\u00e9duit les m\u00e9dias<\/b>, bien au-del\u00e0 du Lot-et-Garonne.<\/p>\n<p>Votre r\u00e9gion, votre actu !<\/p>\n<p>Recevez chaque jour les infos qui comptent pour vous.<\/p>\n<p>\t<a href=\"https:\/\/actu.fr\/newsletter\" class=\"ac-btn ac-btn--corner ac-btn--medium ac-btn--blue800\" rel=\"nofollow noopener\" target=\"_blank\">S&rsquo;incrire<\/a><\/p>\n<p class=\" wall-content\">Pendant plusieurs semaines,<b> les cam\u00e9ras de M6 <\/b>ont effectivement suivi au plus pr\u00e8s le jeune agriculteur pour un reportage \u00ab\u2009long-format\u2009\u00bb qui verra le jour courant novembre.<\/p>\n<p class=\" wall-content\"><b>La presse nationale<\/b> s\u2019est aussi largement fait l\u2019\u00e9cho de l\u2019histoire de Lucas, sans compter les m\u00e9dias digitaux comptant des centaines de milliers d\u2019abonn\u00e9s.<\/p>\n<p class=\" wall-content\"><b>\u00c0 l\u2019\u00e9tranger aussi<\/b>, cette histoire a fait parler d\u2019elle. Des articles \u00e9voquant l\u2019ench\u00e8re finale ont notamment \u00e9t\u00e9 publi\u00e9s en Allemagne, en Turquie ou dans le Pays basque espagnol.<\/p>\n<p class=\" wall-content\">Signe de cet engouement qui perdure, la cagnotte pour Lucas flirte d\u00e9sormais <b>avec les 140\u2009000\u00a0\u20ac<\/b>, soit pr\u00e8s de 7\u2009000\u00a0\u20ac r\u00e9colt\u00e9s depuis ce jeudi 16\u00a0octobre 2025.<\/p>\n<p>Cagnotte pour Lucas sur la plateforme <a href=\"https:\/\/www.leetchi.com\/fr\/c\/sauver-la-propriete-de-mon-grand-pere-2115283\" rel=\"nofollow noopener\" target=\"_blank\">Leetchi<\/a>.<\/p>\n<p class=\" wall-content\">Personnalisez votre actualit\u00e9 en ajoutant vos villes et m\u00e9dias en favori avec <a href=\"https:\/\/moncompte.actu.fr\" title=\"D\u00e9couvez Mon Actu\" rel=\"nofollow noopener\" data-trk=\"{&quot;cta&quot;:{&quot;action&quot;:&quot;https:\\\/\\\/moncompte.actu.fr&quot;,&quot;category&quot;:&quot;mon compte&quot;,&quot;from&quot;:&quot;article footer&quot;,&quot;name&quot;:&quot;Mon actu&quot;,&quot;type&quot;:&quot;cta&quot;}}\" target=\"_blank\">Mon Actu<\/a>.<\/p>\n","protected":false},"excerpt":{"rendered":"Par Jeremy Colin Publi\u00e9 le 18 oct. 2025 \u00e0 22h15 Jeudi 16\u00a0octobre 2025, ils \u00e9taient une petite cinquantaine&hellip;\n","protected":false},"author":2,"featured_media":474121,"comment_status":"","ping_status":"","sticky":false,"template":"","format":"standard","meta":{"footnotes":""},"categories":[6],"tags":[327,35,33,34,1011,27,104,252],"class_list":{"0":"post-474120","1":"post","2":"type-post","3":"status-publish","4":"format-standard","5":"has-post-thumbnail","7":"category-economie","8":"tag-agriculture","9":"tag-business","10":"tag-economie","11":"tag-economy","12":"tag-fr","13":"tag-france","14":"tag-societe","15":"tag-television"},"share_on_mastodon":{"url":"https:\/\/pubeurope.com\/@fr\/115399199656655118","error":""},"_links":{"self":[{"href":"https:\/\/www.europesays.com\/fr\/wp-json\/wp\/v2\/posts\/474120","targetHints":{"allow":["GET"]}}],"collection":[{"href":"https:\/\/www.europesays.com\/fr\/wp-json\/wp\/v2\/posts"}],"about":[{"href":"https:\/\/www.europesays.com\/fr\/wp-json\/wp\/v2\/types\/post"}],"author":[{"embeddable":true,"href":"https:\/\/www.europesays.com\/fr\/wp-json\/wp\/v2\/users\/2"}],"replies":[{"embeddable":true,"href":"https:\/\/www.europesays.com\/fr\/wp-json\/wp\/v2\/comments?post=474120"}],"version-history":[{"count":0,"href":"https:\/\/www.europesays.com\/fr\/wp-json\/wp\/v2\/posts\/474120\/revisions"}],"wp:featuredmedia":[{"embeddable":true,"href":"https:\/\/www.europesays.com\/fr\/wp-json\/wp\/v2\/media\/474121"}],"wp:attachment":[{"href":"https:\/\/www.europesays.com\/fr\/wp-json\/wp\/v2\/media?parent=474120"}],"wp:term":[{"taxonomy":"category","embeddable":true,"href":"https:\/\/www.europesays.com\/fr\/wp-json\/wp\/v2\/categories?post=474120"},{"taxonomy":"post_tag","embeddable":true,"href":"https:\/\/www.europesays.com\/fr\/wp-json\/wp\/v2\/tags?post=474120"}],"curies":[{"name":"wp","href":"https:\/\/api.w.org\/{rel}","templated":true}]}}