{"id":474132,"date":"2025-10-19T05:38:11","date_gmt":"2025-10-19T05:38:11","guid":{"rendered":"https:\/\/www.europesays.com\/fr\/474132\/"},"modified":"2025-10-19T05:38:11","modified_gmt":"2025-10-19T05:38:11","slug":"inaugure-le-mois-dernier-ce-pont-pres-de-nancy-va-etre-ferme-15-jours-a-la-circulation-voici-pourquoi","status":"publish","type":"post","link":"https:\/\/www.europesays.com\/fr\/474132\/","title":{"rendered":"Inaugur\u00e9 le mois dernier, ce pont pr\u00e8s de Nancy va \u00eatre ferm\u00e9 15 jours \u00e0 la circulation : voici pourquoi"},"content":{"rendered":"<p>            Par<br \/>\n        <strong><br \/>\n            <a href=\"https:\/\/actu.fr\/auteur\/amandine-mehl\" title=\"Consulter tous les articles de Amandine Mehl\" rel=\"nofollow noopener\" target=\"_blank\">Amandine Mehl<\/a><br \/>\n        <\/strong><\/p>\n<p>        Publi\u00e9 le<\/p>\n<p>            19 oct. 2025 \u00e0 7h02        <\/p>\n<p>Venu remplacer trois ouvrages arriv\u00e9s en fin de vie, le <a href=\"https:\/\/actu.fr\/grand-est\/mereville_54364\/en-lorraine-la-demolition-de-ce-pont-est-retardee-pour-des-raisons-inattendues-on-vous-explique_62959412.html\" rel=\"nofollow noopener\" target=\"_blank\">pont de M\u00e9r\u00e9ville<\/a>, <strong>\u00e0 quelques kilom\u00e8tres au sud de Nancy<\/strong>, a \u00e9t\u00e9 inaugur\u00e9 le 22\u00a0septembre dernier apr\u00e8s <strong>plus d\u2019un an<\/strong> de chantier.<\/p>\n<p class=\" wall-content\">Des <a href=\"https:\/\/actu.fr\/tag\/travaux\" rel=\"nofollow noopener\" target=\"_blank\">travaux<\/a> devant toutefois encore y \u00eatre men\u00e9s, il a \u00e9t\u00e9 d\u00e9cid\u00e9 de <strong>fermer l\u2019axe<\/strong> \u00e0 la <a href=\"https:\/\/actu.fr\/tag\/circulation\" rel=\"nofollow noopener\" target=\"_blank\">circulation<\/a> <strong>du lundi 20\u00a0octobre au samedi 1\u1d49\u02b3 novembre\u00a02025<\/strong>.<\/p>\n<p>R\u00e9alisation de joints de dilatation sur le pont de M\u00e9r\u00e9ville<\/p>\n<p class=\" wall-content\">Via un communiqu\u00e9 de presse, le D\u00e9partement de Meurthe-et-Moselle indique que ces travaux portent sur la <strong>r\u00e9alisation de joints de dilatation<\/strong>, \u00ab\u2009\u00e9quipements essentiels pour <strong>assurer la p\u00e9rennit\u00e9<\/strong> de l\u2019ouvrage dans le temps\u2009\u00bb.<\/p>\n<blockquote class=\"ac-article-quote wall-content\">\n<p>Cette intervention est li\u00e9e \u00e0 la r\u00e9alisation de pi\u00e8ces sur mesure adapt\u00e9es aux dimensions sp\u00e9cifiques du pont. Plut\u00f4t que de laisser l\u2019ouvrage ferm\u00e9 dans l\u2019attente de pi\u00e8ces qui n&rsquo;ont pas d&rsquo;impact sur la s\u00fbret\u00e9 de l&rsquo;ouvrage, le D\u00e9partement a fait le choix de l\u2019ouvrir \u00e0 la circulation d\u00e8s le 22 septembre dernier.<\/p>\n<p>    <strong>D\u00e9partement de Meurthe-et-Moselle<\/strong>\n            <\/p><\/blockquote>\n<p>Une d\u00e9viation mise en place par la RD331<\/p>\n<p class=\" wall-content\">Les <strong>vibrations<\/strong> engendr\u00e9es par le trafic durant la pose des joints pouvant <strong>compromettre leur qualit\u00e9 et leur durabilit\u00e9<\/strong>, il a \u00e9t\u00e9 d\u00e9cid\u00e9, pour \u00ab\u2009des raisons de s\u00e9curit\u00e9 et de bonne mise en \u0153uvre\u2009\u00bb, d\u2019interdire temporairement la circulation pour une<strong> dur\u00e9e estim\u00e9e \u00e0 15 jours<\/strong>, le chantier \u00e9tant soumis aux conditions m\u00e9t\u00e9orologiques.<\/p>\n<p class=\" wall-content\">Pendant cette p\u00e9riode, la circulation motoris\u00e9e sera <strong>d\u00e9vi\u00e9e par la RD331<\/strong>. S\u2019agissant des pi\u00e9tons et cyclistes, ils pourront continuer d\u2019emprunter l\u2019ouvrage.<\/p>\n<p class=\" wall-content\">Personnalisez votre actualit\u00e9 en ajoutant vos villes et m\u00e9dias en favori avec <a href=\"https:\/\/moncompte.actu.fr\" title=\"D\u00e9couvez Mon Actu\" rel=\"nofollow noopener\" data-trk=\"{&quot;cta&quot;:{&quot;action&quot;:&quot;https:\\\/\\\/moncompte.actu.fr&quot;,&quot;category&quot;:&quot;mon compte&quot;,&quot;from&quot;:&quot;article footer&quot;,&quot;name&quot;:&quot;Mon actu&quot;,&quot;type&quot;:&quot;cta&quot;}}\" target=\"_blank\">Mon Actu<\/a>.<\/p>\n","protected":false},"excerpt":{"rendered":"Par Amandine Mehl Publi\u00e9 le 19 oct. 2025 \u00e0 7h02 Venu remplacer trois ouvrages arriv\u00e9s en fin de&hellip;\n","protected":false},"author":2,"featured_media":474133,"comment_status":"","ping_status":"","sticky":false,"template":"","format":"standard","meta":{"footnotes":""},"categories":[9635],"tags":[1111,11,3542,1777,674,1011,27,775,1702,12,25,104,2086],"class_list":{"0":"post-474132","1":"post","2":"type-post","3":"status-publish","4":"format-standard","5":"has-post-thumbnail","7":"category-nancy","8":"tag-actu","9":"tag-actualites","10":"tag-circulation","11":"tag-eu","12":"tag-europe","13":"tag-fr","14":"tag-france","15":"tag-grand-est","16":"tag-nancy","17":"tag-news","18":"tag-republique-francaise","19":"tag-societe","20":"tag-travaux"},"share_on_mastodon":{"url":"https:\/\/pubeurope.com\/@fr\/115399223333071848","error":""},"_links":{"self":[{"href":"https:\/\/www.europesays.com\/fr\/wp-json\/wp\/v2\/posts\/474132","targetHints":{"allow":["GET"]}}],"collection":[{"href":"https:\/\/www.europesays.com\/fr\/wp-json\/wp\/v2\/posts"}],"about":[{"href":"https:\/\/www.europesays.com\/fr\/wp-json\/wp\/v2\/types\/post"}],"author":[{"embeddable":true,"href":"https:\/\/www.europesays.com\/fr\/wp-json\/wp\/v2\/users\/2"}],"replies":[{"embeddable":true,"href":"https:\/\/www.europesays.com\/fr\/wp-json\/wp\/v2\/comments?post=474132"}],"version-history":[{"count":0,"href":"https:\/\/www.europesays.com\/fr\/wp-json\/wp\/v2\/posts\/474132\/revisions"}],"wp:featuredmedia":[{"embeddable":true,"href":"https:\/\/www.europesays.com\/fr\/wp-json\/wp\/v2\/media\/474133"}],"wp:attachment":[{"href":"https:\/\/www.europesays.com\/fr\/wp-json\/wp\/v2\/media?parent=474132"}],"wp:term":[{"taxonomy":"category","embeddable":true,"href":"https:\/\/www.europesays.com\/fr\/wp-json\/wp\/v2\/categories?post=474132"},{"taxonomy":"post_tag","embeddable":true,"href":"https:\/\/www.europesays.com\/fr\/wp-json\/wp\/v2\/tags?post=474132"}],"curies":[{"name":"wp","href":"https:\/\/api.w.org\/{rel}","templated":true}]}}