{"id":474150,"date":"2025-10-19T05:51:19","date_gmt":"2025-10-19T05:51:19","guid":{"rendered":"https:\/\/www.europesays.com\/fr\/474150\/"},"modified":"2025-10-19T05:51:19","modified_gmt":"2025-10-19T05:51:19","slug":"pres-du-couvent-des-jacobins-une-nouvelle-fresque-realisee-par-deux-artistes","status":"publish","type":"post","link":"https:\/\/www.europesays.com\/fr\/474150\/","title":{"rendered":"pr\u00e8s du Couvent des Jacobins, une nouvelle fresque r\u00e9alis\u00e9e par deux artistes"},"content":{"rendered":"<p>            Par<br \/>\n        <strong><br \/>\n            <a href=\"https:\/\/actu.fr\/auteur\/laurene-fertin\" title=\"Consulter tous les articles de Laur\u00e8ne Fertin\" target=\"_blank\" rel=\"noopener\">Laur\u00e8ne Fertin<\/a><br \/>\n        <\/strong><\/p>\n<p>        Publi\u00e9 le<\/p>\n<p>            19 oct. 2025 \u00e0 6h32        <\/p>\n<p>Entre 600 et 1\u2009000 professionnels de p\u00e9rinatalit\u00e9 (m\u00e9decins, sages-femmes, chercheurs\u2026) \u00e9taient attendus, du 15 au 17\u00a0octobre, <strong>au Couvent des Jacobins \u00e0 Rennes<\/strong> dans le cadre des <a href=\"https:\/\/actu.fr\/bretagne\/rennes_35238\/sante-prevention-des-risques-nouveau-nes-deux-journees-consacrees-a-la-perinatalite-a-rennes_63302284.html\" target=\"_blank\" rel=\"noopener\">54\u1d49 Journ\u00e9es nationales de la Soci\u00e9t\u00e9 fran\u00e7aise de m\u00e9decine p\u00e9rinatale (SFMP)<\/a>.<\/p>\n<p class=\" wall-content\">Afin de marquer l\u2019\u00e9v\u00e9nement, <strong>une fresque de street-art <\/strong>a \u00e9t\u00e9 r\u00e9alis\u00e9e sur le mur du Centre des congr\u00e8s, <strong>rue d\u2019\u00c9change<\/strong>.<\/p>\n<p>Deux artistes<\/p>\n<p class=\" wall-content\">En effet, <strong>depuis 2023,<\/strong> \u00ab\u2009ce mur de 47m invite r\u00e9guli\u00e8rement des artistes pour des cr\u00e9ations de street-art\u2009\u00bb, indique Destination Rennes. En partenariat avec <strong>l\u2019association M.U.R<\/strong> (Modulable urbain r\u00e9actif) \u2013 assurant tous deux la direction artistique de ce mur -, ils ont ainsi choisi <strong>Jana &amp; JS<\/strong>, <strong>un duo d\u2019artistes\u2009: <\/strong>Jana, originaire d\u2019Autriche et Jean-S\u00e9bastien Philippe, de France.<\/p>\n<blockquote class=\"ac-article-quote wall-content\">\n<p>Leur d\u00e9marche associe photographie et pochoirs pour saisir \u00e0 la fois des instants intimes et universels.<\/p>\n<p>    <strong>Destination Rennes<\/strong>\n            <\/p><\/blockquote>\n<p class=\" wall-content\">L\u2019\u0153uvre \u00e9tait en cr\u00e9ation depuis <strong>le lundi 13\u00a0octobre<\/strong>.<\/p>\n<p class=\" wall-content\">Personnalisez votre actualit\u00e9 en ajoutant vos villes et m\u00e9dias en favori avec <a href=\"https:\/\/moncompte.actu.fr\" title=\"D\u00e9couvez Mon Actu\" rel=\"nofollow noopener\" data-trk=\"{&quot;cta&quot;:{&quot;action&quot;:&quot;https:\\\/\\\/moncompte.actu.fr&quot;,&quot;category&quot;:&quot;mon compte&quot;,&quot;from&quot;:&quot;article footer&quot;,&quot;name&quot;:&quot;Mon actu&quot;,&quot;type&quot;:&quot;cta&quot;}}\" target=\"_blank\">Mon Actu<\/a>.<\/p>\n","protected":false},"excerpt":{"rendered":"Par Laur\u00e8ne Fertin Publi\u00e9 le 19 oct. 2025 \u00e0 6h32 Entre 600 et 1\u2009000 professionnels de p\u00e9rinatalit\u00e9 (m\u00e9decins,&hellip;\n","protected":false},"author":2,"featured_media":474151,"comment_status":"","ping_status":"","sticky":false,"template":"","format":"standard","meta":{"footnotes":""},"categories":[2821],"tags":[1111,11,829,1719,1777,674,1011,27,1652,12,584,25,7189],"class_list":{"0":"post-474150","1":"post","2":"type-post","3":"status-publish","4":"format-standard","5":"has-post-thumbnail","7":"category-rennes","8":"tag-actu","9":"tag-actualites","10":"tag-bretagne","11":"tag-enfants","12":"tag-eu","13":"tag-europe","14":"tag-fr","15":"tag-france","16":"tag-loisirs-culture","17":"tag-news","18":"tag-rennes","19":"tag-republique-francaise","20":"tag-street-art"},"share_on_mastodon":{"url":"https:\/\/pubeurope.com\/@fr\/115399274244594135","error":""},"_links":{"self":[{"href":"https:\/\/www.europesays.com\/fr\/wp-json\/wp\/v2\/posts\/474150","targetHints":{"allow":["GET"]}}],"collection":[{"href":"https:\/\/www.europesays.com\/fr\/wp-json\/wp\/v2\/posts"}],"about":[{"href":"https:\/\/www.europesays.com\/fr\/wp-json\/wp\/v2\/types\/post"}],"author":[{"embeddable":true,"href":"https:\/\/www.europesays.com\/fr\/wp-json\/wp\/v2\/users\/2"}],"replies":[{"embeddable":true,"href":"https:\/\/www.europesays.com\/fr\/wp-json\/wp\/v2\/comments?post=474150"}],"version-history":[{"count":0,"href":"https:\/\/www.europesays.com\/fr\/wp-json\/wp\/v2\/posts\/474150\/revisions"}],"wp:featuredmedia":[{"embeddable":true,"href":"https:\/\/www.europesays.com\/fr\/wp-json\/wp\/v2\/media\/474151"}],"wp:attachment":[{"href":"https:\/\/www.europesays.com\/fr\/wp-json\/wp\/v2\/media?parent=474150"}],"wp:term":[{"taxonomy":"category","embeddable":true,"href":"https:\/\/www.europesays.com\/fr\/wp-json\/wp\/v2\/categories?post=474150"},{"taxonomy":"post_tag","embeddable":true,"href":"https:\/\/www.europesays.com\/fr\/wp-json\/wp\/v2\/tags?post=474150"}],"curies":[{"name":"wp","href":"https:\/\/api.w.org\/{rel}","templated":true}]}}