{"id":47416,"date":"2025-04-23T20:07:11","date_gmt":"2025-04-23T20:07:11","guid":{"rendered":"https:\/\/www.europesays.com\/fr\/47416\/"},"modified":"2025-04-23T20:07:11","modified_gmt":"2025-04-23T20:07:11","slug":"il-est-temps-de-linterdire","status":"publish","type":"post","link":"https:\/\/www.europesays.com\/fr\/47416\/","title":{"rendered":"Il est temps de l&rsquo;interdire"},"content":{"rendered":"<p>            Par<br \/>\n        <strong><br \/>\n            <a href=\"https:\/\/actu.fr\/auteur\/theo-zuili\" title=\"Consulter tous les articles de Th\u00e9o Zuili\" target=\"_blank\" rel=\"noopener\">Th\u00e9o Zuili<\/a><br \/>\n        <\/strong><\/p>\n<p>        Publi\u00e9 le<\/p>\n<p>            23 avr. 2025 \u00e0 17h57        <\/p>\n<p>Utiliser un poisson vivant comme app\u00e2t pour en attirer un autre : c\u2019est le principe de la p\u00eache au vif. Une technique de p\u00eache <strong>encore tol\u00e9r\u00e9e<\/strong> en France, mais qu\u2019une association animaliste juge \u00ab\u00a0particuli\u00e8rement cruelle\u00a0\u00bb. PAZ (Projet animaux zoopolis) demande l\u2019interdiction de la pratique \u00e0 <a href=\"https:\/\/actu.fr\/auvergne-rhone-alpes\/lyon_69123\" target=\"_blank\" rel=\"noopener\">Lyon<\/a>, sur le lac du <a href=\"https:\/\/actu.fr\/tag\/parc-de-la-tete-d-or\" target=\"_blank\" rel=\"noopener\">parc de la T\u00eate d\u2019Or<\/a>.<\/p>\n<p class=\" wall-content\">\u00ab\u00a0Les poissons sont transperc\u00e9s vivants, laiss\u00e9s sans possibilit\u00e9 de fuite face \u00e0 leur pr\u00e9dateur\u00a0\u00bb, d\u00e9nonce l\u2019association, qui se mobilise depuis plusieurs ann\u00e9es contre cette pratique. \u00ab\u00a0Torturer des animaux n\u2019est ni un sport, ni un loisir.\u00a0\u00bb<\/p>\n<p>Une pratique cruelle<\/p>\n<p class=\" wall-content\">Alors que la p\u00eache aux carnassiers (brochet, perche, sandre\u2026) est ouverte le 26 avril, PAZ craint avec elle \u00ab\u00a0la grande reprise de la p\u00eache au vif\u00a0\u00bb \u00e0 Lyon. Une technique parmi \u00ab\u00a0les plus cruelles existant en p\u00eache de loisir\u00a0\u00bb, estiment les animalistes.<\/p>\n<p class=\" wall-content\">Depuis 2019, un arr\u00eat\u00e9 municipal encadre la p\u00eache de loisir sur le lac du parc de la T\u00eate d\u2019Or \u00e0 Lyon et <strong>impose aux p\u00eacheurs de rel\u00e2cher les poissons<\/strong> captur\u00e9s. Pour PAZ, ce texte reste trop flou et mal appliqu\u00e9 : \u00ab\u00a0Aucun affichage n\u2019est pr\u00e9sent aux abords du lac, contrairement \u00e0 ce que pr\u00e9voit l\u2019arr\u00eat\u00e9\u00a0\u00bb, affirme l\u2019association qui souhaite m\u00eame aller plus loin.<\/p>\n<p>Vid\u00e9os : en ce moment sur ActuUne demande au maire de Lyon Gr\u00e9gory Doucet<\/p>\n<p class=\" wall-content\">Ce mercredi 23 avril 2025, PAZ demande \u00e0 la mairie \u00e9cologiste et son maire <a href=\"https:\/\/actu.fr\/tag\/gregory-doucet\" target=\"_blank\" rel=\"noopener\">Gr\u00e9gory Doucet<\/a> de \u00ab\u00a0publier un arr\u00eat\u00e9 clair interdisant la p\u00eache au vif\u00a0\u00bb, d\u2019installer une signal\u00e9tique visible sur place, et de \u00ab\u00a0former les agents municipaux \u00e0 faire respecter cette interdiction\u00a0\u00bb.<\/p>\n<blockquote class=\"ac-article-quote wall-content\">\n<p>Gr\u00e9gory Doucet aurait logiquement d\u00fb r\u00e9pondre favorablement \u00e0 notre demande depuis bien longtemps, mais malheureusement ce n\u2019est pas le cas !<\/p>\n<p>    <strong>PAZ<\/strong>\n            <\/p><\/blockquote>\n<p class=\" wall-content\">L\u2019association rappelle que le parti Les \u00c9cologistes, dont est issu le maire, a officiellement pris position contre la pratique de la p\u00eache au vif en 2022. \u00ab\u00a0Il est temps de traduire les paroles en actes\u00a0\u00bb, appelle PAZ.<\/p>\n<p class=\" wall-content\">Suivez toute l\u2019actualit\u00e9 de vos villes et m\u00e9dias favoris en vous inscrivant \u00e0 <a href=\"https:\/\/moncompte.actu.fr\" title=\"D\u00e9couvez Mon Actu\" rel=\"nofollow noopener\" data-trk=\"{&quot;cta&quot;:{&quot;action&quot;:&quot;https:\\\/\\\/moncompte.actu.fr&quot;,&quot;category&quot;:&quot;mon compte&quot;,&quot;from&quot;:&quot;article footer&quot;,&quot;name&quot;:&quot;Mon actu&quot;,&quot;type&quot;:&quot;cta&quot;}}\" target=\"_blank\">Mon Actu<\/a>.<\/p>\n","protected":false},"excerpt":{"rendered":"Par Th\u00e9o Zuili Publi\u00e9 le 23 avr. 2025 \u00e0 17h57 Utiliser un poisson vivant comme app\u00e2t pour en&hellip;\n","protected":false},"author":2,"featured_media":47417,"comment_status":"","ping_status":"","sticky":false,"template":"","format":"standard","meta":{"footnotes":""},"categories":[1889],"tags":[1111,11,2430,1130,1777,674,1011,27,2428,6795,12,13760,4838,52,25],"class_list":{"0":"post-47416","1":"post","2":"type-post","3":"status-publish","4":"format-standard","5":"has-post-thumbnail","7":"category-lyon","8":"tag-actu","9":"tag-actualites","10":"tag-auvergne-rhone-alpes","11":"tag-biodiversite","12":"tag-eu","13":"tag-europe","14":"tag-fr","15":"tag-france","16":"tag-lyon","17":"tag-maltraitance-animale","18":"tag-news","19":"tag-parc-de-la-tete-dor","20":"tag-peche","21":"tag-planete","22":"tag-republique-francaise"},"share_on_mastodon":{"url":"https:\/\/pubeurope.com\/@fr\/114389086682844695","error":""},"_links":{"self":[{"href":"https:\/\/www.europesays.com\/fr\/wp-json\/wp\/v2\/posts\/47416","targetHints":{"allow":["GET"]}}],"collection":[{"href":"https:\/\/www.europesays.com\/fr\/wp-json\/wp\/v2\/posts"}],"about":[{"href":"https:\/\/www.europesays.com\/fr\/wp-json\/wp\/v2\/types\/post"}],"author":[{"embeddable":true,"href":"https:\/\/www.europesays.com\/fr\/wp-json\/wp\/v2\/users\/2"}],"replies":[{"embeddable":true,"href":"https:\/\/www.europesays.com\/fr\/wp-json\/wp\/v2\/comments?post=47416"}],"version-history":[{"count":0,"href":"https:\/\/www.europesays.com\/fr\/wp-json\/wp\/v2\/posts\/47416\/revisions"}],"wp:featuredmedia":[{"embeddable":true,"href":"https:\/\/www.europesays.com\/fr\/wp-json\/wp\/v2\/media\/47417"}],"wp:attachment":[{"href":"https:\/\/www.europesays.com\/fr\/wp-json\/wp\/v2\/media?parent=47416"}],"wp:term":[{"taxonomy":"category","embeddable":true,"href":"https:\/\/www.europesays.com\/fr\/wp-json\/wp\/v2\/categories?post=47416"},{"taxonomy":"post_tag","embeddable":true,"href":"https:\/\/www.europesays.com\/fr\/wp-json\/wp\/v2\/tags?post=47416"}],"curies":[{"name":"wp","href":"https:\/\/api.w.org\/{rel}","templated":true}]}}