{"id":474163,"date":"2025-10-19T06:00:16","date_gmt":"2025-10-19T06:00:16","guid":{"rendered":"https:\/\/www.europesays.com\/fr\/474163\/"},"modified":"2025-10-19T06:00:16","modified_gmt":"2025-10-19T06:00:16","slug":"a-bordeaux-les-voisins-de-leglise-saint-jacques-craignent-son-effondrement","status":"publish","type":"post","link":"https:\/\/www.europesays.com\/fr\/474163\/","title":{"rendered":"\u00c0 Bordeaux, les voisins de l\u2019\u00e9glise Saint-Jacques craignent son effondrement"},"content":{"rendered":"<p class=\"fig-slideshow__title\">\n                    \u00c0 Bordeaux, les voisins de l\u2019\u00e9glise Saint-Jacques s\u2019inqui\u00e8tent face \u00e0 son risque d\u2019effondrement\n                <\/p>\n<p>Acc\u00e9der au diaporama (5)<\/p>\n<p>\n    <strong>REPORTAGE &#8211;<\/strong> Humidit\u00e9, infiltrations, toiture endommag\u00e9e&#8230; L\u2019\u00e9glise Saint-Jacques menace de s\u2019effondrer. Depuis 2021, les voisins mitoyens de la b\u00e2tisse r\u00e9clament des travaux de mise en s\u00e9curit\u00e9. Une premi\u00e8re r\u00e9union de chantier est pr\u00e9vue le 23 octobre.<\/p>\n<p class=\"fig-paragraph\">Construite puis d\u00e9truite au Moyen \u00c2ge avant d\u2019\u00eatre reb\u00e2tie au XVe si\u00e8cle,\u00a0<a href=\"http:\/\/www.lefigaro.fr\/faits-divers\/incendie-de-l-eglise-notre-dame-des-champs-a-paris-le-suspect-declare-penalement-irresponsable-20251008\" data-fig-type=\"NewsFlash\" data-gtm-custom-categorie=\"navigation\" data-gtm-custom-action=\"crossclick\" data-gtm-custom-label=\"Contextuel\" data-gtm-event=\"customEventSPE\" data-fig-domain=\"LEFIGARO\" target=\"_blank\" rel=\"noopener\">l\u2019\u00e9glise<\/a>\u00a0Saint-Jacques repr\u00e9sente l\u2019un des rares t\u00e9moins encore debout de l\u2019architecture religieuse bordelaise de cette \u00e9poque. L\u2019\u00e9difice, situ\u00e9 dans le centre historique de\u00a0<a href=\"http:\/\/www.lefigaro.fr\/bordeaux\/a-bordeaux-les-policiers-municipaux-ramassent-desormais-les-velos-ventouses-abandonnes-dans-le-centre-ville-20251014\" data-fig-type=\"NewsFlash\" data-gtm-custom-categorie=\"navigation\" data-gtm-custom-action=\"crossclick\" data-gtm-custom-label=\"Contextuel\" data-gtm-event=\"customEventSPE\" data-fig-domain=\"LEFIGARO\" target=\"_blank\" rel=\"noopener\">Bordeaux<\/a>, est cach\u00e9 derri\u00e8re des immeubles, entre la rue Saint-Fran\u00e7ois et le cours\u00a0<a href=\"https:\/\/www.lefigaro.fr\/histoire\/archives\/2015\/05\/21\/26010-20150521ARTFIG00312-le-22-mai-1885-victor-hugo-meurt-a-paris.php?msockid=258c4318a154643d05395665a0ed65f9\" target=\"_blank\" data-fig-type=\"Article\" rel=\"sponsored noopener\" data-gtm-custom-categorie=\"navigation\" data-gtm-custom-action=\"crossclick\" data-gtm-custom-label=\"Contextuel\" data-gtm-event=\"customEventSPE\" data-fig-domain=\"LEFIGARO\">Victor Hugo<\/a>. Depuis plusieurs ann\u00e9es, il s\u2019av\u00e8re que son \u00e9tat se d\u00e9grade dangereusement. \u00abEn 2001, le plafond du c\u0153ur de la b\u00e2tisse s\u2019est affaiss\u00e9. Les vo\u00fbtes se sont effondr\u00e9es\u00bb, se souvient Bruno Labouille, habitant depuis pr\u00e8s de 40 ans au deuxi\u00e8me \u00e9tage du 14 rue du Mirail.<\/p>\n<p class=\"fig-paragraph\">Les voisins mitoyens ont ouvert leurs portes au Figaro, qui a pu constater les d\u00e9g\u00e2ts. Chez \u00c9ric S\u00e9n\u00e9chal, lui aussi r\u00e9sident au num\u00e9ro 14, un mur de pierre vient quelque peu g\u00e2cher le d\u00e9cor de son appartement, compl\u00e8tement pris par l\u2019humidit\u00e9 en raison du mauvais \u00e9tat des murs de l\u2019\u00e9glise. Des morceaux de peinture et de pierres jonchent le parquet. \u00abEn 2022, j\u2019ai refait la peinture du mur, et au bout d\u2019un an, il a commenc\u00e9 a gonfl\u00e9 et cloqu\u00e9. La peinture a \u00e9t\u00e9 pouss\u00e9e par l\u2019eau\u00bb, confie-t-il.<\/p>\n<p>    Le mur de l\u2019appartement d\u2019\u00c9ric S\u00e9n\u00e9chal et de sa compagne, voisins mitoyens de l\u2019\u00e9glise Saint-Jacques, est s\u00e9rieusement endommag\u00e9.<br \/>\n                Cl\u00e9ment Arion &#8211; Le Figaro<\/p>\n<p>                                    <a class=\"fig-a11y-skip a11y-hidden\" href=\"#fig-a11y-skip-main-inarticle\"><br \/>\n        Passer la publicit\u00e9<br \/>\n    <\/a><\/p>\n<p class=\"fig-paragraph\">En montant sur le toit du b\u00e2timent, on aper\u00e7oit une ligne de tuiles totalement caboss\u00e9e, signe d\u2019une charpente fragilis\u00e9e, qui fait craindre le pire aux habitants. Le 30 avril 2023, une chute de pierres provenant du c\u00f4t\u00e9 nord de la Chapelle, au 98 cours Victor Hugo, avait d\u00e9j\u00e0 alert\u00e9. \u00abLes pierres sont tomb\u00e9es dans la cour d\u2019une garderie d\u2019enfants en bas \u00e2ge\u00bb, t\u00e9moigne Bruno Labouille. La propri\u00e9taire des lieux depuis 1997, Madame Bouquet, qui a transform\u00e9 l\u2019int\u00e9rieur de la chapelle en parking, a fait poser apr\u00e8s cet \u00e9pisode un filet de r\u00e9tention pour contenir la chute de pierres.<\/p>\n<p>\u00abImminence d\u2019un effondrement\u00bb<\/p>\n<p class=\"fig-paragraph\">Depuis le 3 ao\u00fbt 2021, l\u2019\u00c9tat, souhaitant pr\u00e9server la b\u00e2tisse, a class\u00e9 la chapelle aux monuments historiques par d\u00e9cret. En ao\u00fbt 2024, un arr\u00eat\u00e9 pr\u00e9fectoral avait ordonn\u00e9 \u00e0 la propri\u00e9taire de r\u00e9aliser des travaux de s\u00e9curisation. \u00abElle n\u2019a malheureusement rien fait\u00bb, souffle Bruno Labouille. Face \u00e0 cette inaction, les voisins avaient engag\u00e9 une action en r\u00e9f\u00e9r\u00e9 et ont demand\u00e9 au pr\u00e9sident du tribunal administratif de d\u00e9signer un expert judiciaire. \u00abAu mois de mai, l\u2019experte est pass\u00e9e. Elle a constat\u00e9 la catastrophe. Elle a inform\u00e9 la mairie et la pr\u00e9fecture sur l\u2019imminence d\u2019un effondrement\u00bb, indique le r\u00e9sident. \u00ab\u00c7a peut s\u2019effondrer dans 15 minutes, comme \u00e7a peut ne jamais s\u2019effondrer. On ne le sait pas. l\u2019expertise judiciaire n\u2019est pas termin\u00e9e. Les constatations techniques sont importantes\u00bb, pr\u00e9cise de son c\u00f4t\u00e9 Jean-Jacques Dahan, l\u2019avocat de la propri\u00e9taire. \u00abLa propri\u00e9taire n\u2019ayant pas proc\u00e9d\u00e9 aux travaux, la Direction r\u00e9gionale des affaires culturelles (Drac) de Nouvelle-Aquitaine a finalement lanc\u00e9 des appels d\u2019offres aupr\u00e8s d\u2019artisans\u00bb, explique-t-il.<\/p>\n<p class=\"fig-paragraph\">Le 3 octobre 2025, la Drac a indiqu\u00e9 que l\u2019appel d\u2019offres avait abouti. Une premi\u00e8re r\u00e9union de chantier aura lieu le 23 octobre prochain. Crois\u00e9e sur la rue du Mirail, la propri\u00e9taire, visiblement agac\u00e9e de la situation, nous signale que \u00abl\u2019\u00e9glise est vendue\u00bb, et affirme \u00abne pas vouloir faire de commentaires\u00bb. Un compromis de vente a \u00e9t\u00e9 sign\u00e9 le 30 juillet dernier, par un nouvel acqu\u00e9reur.<\/p>\n<p class=\"fig-paragraph\">Les semaines \u00e0 venir seront d\u00e9cisives pour l\u2019avenir de cette \u00e9glise en p\u00e9ril. Pendant ce temps, les voisins restent inquiets, mais \u00abil y a de l\u2019espoir. On sent que \u00e7a bouge, on se sent enfin entendus\u00bb, conclut \u00c9ric S\u00e9n\u00e9chal.<\/p>\n<p>    La toiture caboss\u00e9e du b\u00e2timent voisin de l\u2019\u00e9glise Saint-Jacques.<br \/>\n                Cl\u00e9ment Arion &#8211; Le Figaro<\/p>\n","protected":false},"excerpt":{"rendered":"\u00c0 Bordeaux, les voisins de l\u2019\u00e9glise Saint-Jacques s\u2019inqui\u00e8tent face \u00e0 son risque d\u2019effondrement Acc\u00e9der au diaporama (5) REPORTAGE&hellip;\n","protected":false},"author":2,"featured_media":474164,"comment_status":"","ping_status":"","sticky":false,"template":"","format":"standard","meta":{"footnotes":""},"categories":[2817],"tags":[1111,11,1997,7122,12336,1777,674,1011,27,12,2219,25],"class_list":{"0":"post-474163","1":"post","2":"type-post","3":"status-publish","4":"format-standard","5":"has-post-thumbnail","7":"category-bordeaux","8":"tag-actu","9":"tag-actualites","10":"tag-bordeaux","11":"tag-effondrement","12":"tag-eglise","13":"tag-eu","14":"tag-europe","15":"tag-fr","16":"tag-france","17":"tag-news","18":"tag-nouvelle-aquitaine","19":"tag-republique-francaise"},"share_on_mastodon":{"url":"https:\/\/pubeurope.com\/@fr\/115399309646613243","error":""},"_links":{"self":[{"href":"https:\/\/www.europesays.com\/fr\/wp-json\/wp\/v2\/posts\/474163","targetHints":{"allow":["GET"]}}],"collection":[{"href":"https:\/\/www.europesays.com\/fr\/wp-json\/wp\/v2\/posts"}],"about":[{"href":"https:\/\/www.europesays.com\/fr\/wp-json\/wp\/v2\/types\/post"}],"author":[{"embeddable":true,"href":"https:\/\/www.europesays.com\/fr\/wp-json\/wp\/v2\/users\/2"}],"replies":[{"embeddable":true,"href":"https:\/\/www.europesays.com\/fr\/wp-json\/wp\/v2\/comments?post=474163"}],"version-history":[{"count":0,"href":"https:\/\/www.europesays.com\/fr\/wp-json\/wp\/v2\/posts\/474163\/revisions"}],"wp:featuredmedia":[{"embeddable":true,"href":"https:\/\/www.europesays.com\/fr\/wp-json\/wp\/v2\/media\/474164"}],"wp:attachment":[{"href":"https:\/\/www.europesays.com\/fr\/wp-json\/wp\/v2\/media?parent=474163"}],"wp:term":[{"taxonomy":"category","embeddable":true,"href":"https:\/\/www.europesays.com\/fr\/wp-json\/wp\/v2\/categories?post=474163"},{"taxonomy":"post_tag","embeddable":true,"href":"https:\/\/www.europesays.com\/fr\/wp-json\/wp\/v2\/tags?post=474163"}],"curies":[{"name":"wp","href":"https:\/\/api.w.org\/{rel}","templated":true}]}}