{"id":474180,"date":"2025-10-19T06:09:44","date_gmt":"2025-10-19T06:09:44","guid":{"rendered":"https:\/\/www.europesays.com\/fr\/474180\/"},"modified":"2025-10-19T06:09:44","modified_gmt":"2025-10-19T06:09:44","slug":"voici-pourquoi-des-milliers-de-franciliens-vont-recevoir-une-alerte-sur-leur-telephone-des-ce-lundi","status":"publish","type":"post","link":"https:\/\/www.europesays.com\/fr\/474180\/","title":{"rendered":"Voici pourquoi des milliers de Franciliens vont recevoir une alerte sur leur t\u00e9l\u00e9phone d\u00e8s ce lundi"},"content":{"rendered":"<p>L\u2019Ile-de-France peut-elle \u00eatre touch\u00e9e par une <a href=\"https:\/\/www.capital.fr\/economie-politique\/lile-de-france-pas-assez-preparee-au-risque-majeur-de-crue-centennale-alerte-la-cour-des-comptes-1452248\" target=\"_blank\" rel=\"noopener\">crue centennale<\/a> ? Selon les autorit\u00e9s, pr\u00e8s de <strong>630 000 personnes<\/strong> habiteraient en zone inondable dans la r\u00e9gion, raison pour laquelle cette derni\u00e8re va organiser une simulation grandeur nature appel\u00e9e <strong>\u00abHYDROS 25\u00bb<\/strong> cette semaine, rapporte <a href=\"https:\/\/www.leparisien.fr\/paris-75\/pourquoi-les-portables-de-milliers-de-franciliens-sonneront-du-13-au-17-octobre-13-10-2025-6VJWOIISMFFZXMVJAK3ZWOETVQ.php\" rel=\"nofollow noopener\" target=\"_blank\">Le Parisien<\/a>. Cette op\u00e9ration d\u00e9butera d\u00e8s ce lundi 13 octobre o\u00f9 les habitants de cinq d\u00e9partements vont donc recevoir une alerte sonore sur leur t\u00e9l\u00e9phone via le <a href=\"https:\/\/www.capital.fr\/economie-politique\/quest-ce-que-cette-alerte-que-certains-parisiens-vont-recevoir-sur-leur-smartphone-1494145\" target=\"_blank\" rel=\"noopener\">syst\u00e8me FR-Alert<\/a>. Ce syst\u00e8me national permet aux personnes poss\u00e9dant un t\u00e9l\u00e9phone portable d\u2019\u00eatre averties si elles se trouvent dans une zone de danger.<\/p>\n<p>En r\u00e9sum\u00e9, de nombreux habitants de <strong>Seine-et-Marne<\/strong>, d\u2019<strong>Essonne<\/strong>, de <strong>Seine-Saint-Denis<\/strong>, du <strong>Val-de-Marne<\/strong> et de <strong>Paris <\/strong>vont recevoir une notification sonore sur leur t\u00e9l\u00e9phone s\u2019ils se trouvent dans le secteur concern\u00e9, et m\u00eame si <a href=\"https:\/\/www.capital.fr\/votre-argent\/assurance-telephone-1343890\" target=\"_blank\" rel=\"noopener\">leur t\u00e9l\u00e9phone<\/a> est en mode silencieux. Il sera pr\u00e9cis\u00e9 dans le message qu\u2019il s\u2019agit d\u2019une alerte et qu\u2019aucune action ne sera requise. Vigilance : il ne faut <strong>pas contacter les forces de l\u2019ordre ni les services de secours<\/strong>, encore moins relayer de fausses informations sur les r\u00e9seaux sociaux.<\/p>\n<p>Une centaine de partenaires r\u00e9unis<\/p>\n<p>\u00abAvec le d\u00e9r\u00e8glement climatique, les \u00e9pisodes de crues pourraient devenir plus intenses et plus fr\u00e9quents, renfor\u00e7ant la n\u00e9cessit\u00e9 de mieux anticiper et pr\u00e9parer collectivement le territoire francilien face \u00e0 ce risque\u00bb, expliquait au Parisien le 2 octobre le Secr\u00e9tariat g\u00e9n\u00e9ral de la Zone de d\u00e9fense et de s\u00e9curit\u00e9 de Paris (SGZDS) de la pr\u00e9fecture de police de Paris. C\u2019est elle qui organise l\u2019exercice qui a pour but d\u2019\u00e9viter, en cas de crue, des <strong>coupures d\u2019\u00e9lectricit\u00e9<\/strong>, d\u2019eau, de chauffage, de <strong>t\u00e9l\u00e9communications<\/strong> ou dans les transports en commun.<\/p>\n<p>L\u2019exercice, qui rassemble une centaine de partenaires, doit permettre d\u2019<strong>articuler les outils d\u2019alerte<\/strong> \u00e0 l\u2019\u00e9chelle zonale, souligne Le Parisien. A noter qu\u2019entre le 14 et le 16 octobre, le village-forum \u00abPlouf 75\u00bb va voir le jour \u00e0 la Cit\u00e9 des Sciences et de l\u2019Industrie, afin de \u00absensibiliser le public\u00bb, notamment les jeunes, \u00abaux diff\u00e9rentes phases de ce que repr\u00e9sente une inondation\u00bb.<\/p>\n<p>Les alertes pr\u00e9vues par d\u00e9partement<\/p>\n<p><strong>La Seine-et-Marne :<\/strong> le 13 octobre entre 10h30 et 12h30 \u00e0 La Fert\u00e9-Gaucher.<br \/><strong>L\u2019Essonne : <\/strong>le 15 octobre entre 10 heures et 11 heures (communes d\u2019Athis-Mons, Juvisy-sur-Orge, Vigneux-sur-Seine et Viry-Ch\u00e2tillon).<br \/><strong>La Seine-Saint-Denis : <\/strong>le 15 octobre entre 11h30 et midi (Saint-Denis, Saint-Ouen, L\u2019\u00cele-Saint-Denis, Neuilly-sur-Marne, Gournay-sur-Marne et Noisy-le-Grand).<br \/><strong>Le Val-de-Marne :<\/strong> le 15 octobre entre 11h30 et midi (Alfortville, Ivry-sur-Seine, Nogent-sur-Marne, Saint-Maur-des-Foss\u00e9s, Joinville-le-Pont, Cr\u00e9teil et Orly).<br \/><strong>Paris :<\/strong> le 15 octobre entre 13h et 13h30 (quartier Beaugrenelle, XVe arrondissement).<\/p>\n","protected":false},"excerpt":{"rendered":"L\u2019Ile-de-France peut-elle \u00eatre touch\u00e9e par une crue centennale ? Selon les autorit\u00e9s, pr\u00e8s de 630 000 personnes habiteraient&hellip;\n","protected":false},"author":2,"featured_media":474181,"comment_status":"","ping_status":"","sticky":false,"template":"","format":"standard","meta":{"footnotes":""},"categories":[1592],"tags":[1111,11,1777,674,1011,27,662,15882,12,626,25,724,59759,6012,59758],"class_list":{"0":"post-474180","1":"post","2":"type-post","3":"status-publish","4":"format-standard","5":"has-post-thumbnail","7":"category-ile-de-france","8":"tag-actu","9":"tag-actualites","10":"tag-eu","11":"tag-europe","12":"tag-fr","13":"tag-france","14":"tag-ile-de-france","15":"tag-mu00e9tu00e9o","16":"tag-news","17":"tag-paris","18":"tag-republique-francaise","19":"tag-smartphone","20":"tag-su00e9isme","21":"tag-tsunami","22":"tag-tu00e9lu00e9phone"},"share_on_mastodon":{"url":"https:\/\/pubeurope.com\/@fr\/115399345136582973","error":""},"_links":{"self":[{"href":"https:\/\/www.europesays.com\/fr\/wp-json\/wp\/v2\/posts\/474180","targetHints":{"allow":["GET"]}}],"collection":[{"href":"https:\/\/www.europesays.com\/fr\/wp-json\/wp\/v2\/posts"}],"about":[{"href":"https:\/\/www.europesays.com\/fr\/wp-json\/wp\/v2\/types\/post"}],"author":[{"embeddable":true,"href":"https:\/\/www.europesays.com\/fr\/wp-json\/wp\/v2\/users\/2"}],"replies":[{"embeddable":true,"href":"https:\/\/www.europesays.com\/fr\/wp-json\/wp\/v2\/comments?post=474180"}],"version-history":[{"count":0,"href":"https:\/\/www.europesays.com\/fr\/wp-json\/wp\/v2\/posts\/474180\/revisions"}],"wp:featuredmedia":[{"embeddable":true,"href":"https:\/\/www.europesays.com\/fr\/wp-json\/wp\/v2\/media\/474181"}],"wp:attachment":[{"href":"https:\/\/www.europesays.com\/fr\/wp-json\/wp\/v2\/media?parent=474180"}],"wp:term":[{"taxonomy":"category","embeddable":true,"href":"https:\/\/www.europesays.com\/fr\/wp-json\/wp\/v2\/categories?post=474180"},{"taxonomy":"post_tag","embeddable":true,"href":"https:\/\/www.europesays.com\/fr\/wp-json\/wp\/v2\/tags?post=474180"}],"curies":[{"name":"wp","href":"https:\/\/api.w.org\/{rel}","templated":true}]}}