{"id":474182,"date":"2025-10-19T06:10:14","date_gmt":"2025-10-19T06:10:14","guid":{"rendered":"https:\/\/www.europesays.com\/fr\/474182\/"},"modified":"2025-10-19T06:10:14","modified_gmt":"2025-10-19T06:10:14","slug":"le-wagon-temoin-va-enfin-connaitre-sa-renovation-prevue-depuis-2017","status":"publish","type":"post","link":"https:\/\/www.europesays.com\/fr\/474182\/","title":{"rendered":"le wagon-t\u00e9moin va enfin conna\u00eetre sa r\u00e9novation pr\u00e9vue depuis 2017"},"content":{"rendered":"<p>            Par<br \/>\n        <strong><br \/>\n            <a href=\"https:\/\/actu.fr\/auteur\/antoine-grotteria02\" title=\"Consulter tous les articles de Antoine Grotteria\" target=\"_blank\" rel=\"noopener\">Antoine Grotteria<\/a><br \/>\n        <\/strong><\/p>\n<p>        Publi\u00e9 le<\/p>\n<p>            19 oct. 2025 \u00e0 7h46        <\/p>\n<p>Un lieu charg\u00e9 d\u2019une histoire <strong>\u00e9pouvantable<\/strong>. Au <a href=\"https:\/\/actu.fr\/ile-de-france\/drancy_93029\/un-acte-indigne-le-memorial-de-la-shoah-de-drancy-vise-par-des-degradations_60814789.html\" target=\"_blank\" rel=\"noopener\">m\u00e9morial de la Shoah de Drancy<\/a>, le wagon-t\u00e9moin, donn\u00e9 par la <a href=\"https:\/\/actu.fr\/tag\/sncf\" target=\"_blank\" rel=\"noopener\">SNCF<\/a> en 1988, constitue l\u2019un des derniers reliquats du camp d\u2019internement de la ville de <a href=\"https:\/\/actu.fr\/ile-de-france\/seine-saint-denis_93\" target=\"_blank\" rel=\"noopener\">Saint-Saint-Denis<\/a> lors de la <a href=\"https:\/\/actu.fr\/societe\/qui-est-missak-manouchian-heros-de-la-resistance-communiste-armenien-et-bientot-au-pantheon_60698135.html\" target=\"_blank\" rel=\"noopener\">Seconde Guerre mondiale<\/a>. Dans les ann\u00e9es 1940, ce moyen de transport avait servi \u00e0 la <strong>d\u00e9portation de milliers de Juifs<\/strong> vers les camps d\u2019extermination dress\u00e9s par le r\u00e9gime nazi. Aujourd\u2019hui, le mat\u00e9riel fait de bois et de ferronnerie est en \u00e9tat de d\u00e9labrement. C\u2019est la raison pour laquelle sa <strong>r\u00e9novation<\/strong> s\u2019est av\u00e9r\u00e9e imp\u00e9rative pour conserver sa fonction m\u00e9morielle et p\u00e9dagogique. Apr\u00e8s plusieurs ann\u00e9es d\u2019atermoiements, la Direction r\u00e9gionale des affaires culturelles (DRAC) d\u2019\u00cele-de-France a valid\u00e9 l\u2019op\u00e9ration de restauration, qui commencera en 2026, selon la <a href=\"https:\/\/www.drancy.fr\/que-faire-a-drancy\/decouvrir-l-histoire-et-le-patrimoine-de-la-ville\/memorial-national-du-camp-de-drancy-1401.html?fbclid=IwY2xjawNcfrFleHRuA2FlbQIxMABicmlkETFmclJRWllRNlRKbWhCWXlIAR53mWw9WxGR4D6M5b1ysEs-NdDF-V3DLOYO1HvAoXBTrVFKjqHm9gubBfTmtw_aem_2WebS4hrlKDVGAy6hyisOA\" target=\"_blank\" rel=\"noopener\">ville<\/a> de Drancy.<\/p>\n<p>Restaur\u00e9 dans le Maine-et-Loire<\/p>\n<p class=\" wall-content\">Encore install\u00e9 au c\u0153ur de la <a href=\"https:\/\/actu.fr\/ile-de-france\/drancy_93029\/loto-du-patrimoine-a-drancy-300-000-euros-pour-renover-une-cite-tragique-de-la-seconde-guerre-mondiale_62056354.html\" target=\"_blank\" rel=\"noopener\">cit\u00e9 de la Muette<\/a>, le wagon sera transf\u00e9r\u00e9 en avril prochain dans le Maine-et-Loire, o\u00f9 il sera trait\u00e9 par les Ateliers de la Chapelle, l\u2019Atelier de forge Robert et Robert, l\u2019Atelier Trente et Alain Coutant couverture. Ces entreprises forment un groupement \u00ab\u2009reconnu en mati\u00e8re de conservation-restauration de <strong>monuments historiques<\/strong>\u2009\u00bb, fait savoir la municipalit\u00e9. Les travaux devraient durer neuf mois, avant que l\u2019ex-transport soit r\u00e9install\u00e9 \u00e0 Drancy en 2027.<\/p>\n<p>    <a href=\"https:\/\/www.facebook.com\/plugins\/post.php?href=https%3A%2F%2Fwww.facebook.com%2Fvillede.drancy%2Fposts%2Fpfbid02Yg1ssfvgRWLxvwbGHfBGyPTD1BLjjcrpCSj5qTChPcJxhu943A2VkikUrL5RZbAKl&amp;show_text=true&amp;width=350\" title=\"Ouvrie le lien\" target=\"_blank\" rel=\"noopener\">Cliquez ici pour visualiser le contenu<\/a><\/p>\n<p class=\" wall-content\">Une dur\u00e9e courte au regard de l\u2019histoire contemporaine de ce wagon, \u00e9rafl\u00e9 par le temps et laiss\u00e9 en l\u2019\u00e9tat depuis 2008. Onze plus tard, la SNCF, de l\u2019\u00c9tat et la r\u00e9gion s\u2019\u00e9taient accord\u00e9s sur le financement des travaux, avant que l\u2019op\u00e9ration soit <strong>report\u00e9e<\/strong> aux calendes grecques en raison du <a href=\"https:\/\/actu.fr\/ile-de-france\/creteil_94028\/carte-nouvelle-vague-de-covid-19-ou-en-est-l-epidemie-a-paris-et-en-ile-de-france_63279928.html\" target=\"_blank\" rel=\"noopener\">Covid-19<\/a>, puis du retrait d\u2019une entreprise et de l\u2019impossibilit\u00e9 de trouver d\u2019autres soci\u00e9t\u00e9s.<\/p>\n<p class=\" wall-content\">Durant la Seconde Guerre mondiale, ce wagon de transports de marchandises pouvait repr\u00e9senter un convoi de 100\u00a0personnes, lesquelles \u00e9taient compress\u00e9es jusqu\u2019\u00e0 leur arriv\u00e9e dans les chambres \u00e0 gaz. Selon les historiens, <strong>63\u2009000 Juifs<\/strong> ont \u00e9t\u00e9 d\u00e9port\u00e9s depuis le camp d\u2019internement de Drancy.<\/p>\n<p class=\" wall-content\">Personnalisez votre actualit\u00e9 en ajoutant vos villes et m\u00e9dias en favori avec <a href=\"https:\/\/moncompte.actu.fr\" title=\"D\u00e9couvez Mon Actu\" rel=\"nofollow noopener\" data-trk=\"{&quot;cta&quot;:{&quot;action&quot;:&quot;https:\\\/\\\/moncompte.actu.fr&quot;,&quot;category&quot;:&quot;mon compte&quot;,&quot;from&quot;:&quot;article footer&quot;,&quot;name&quot;:&quot;Mon actu&quot;,&quot;type&quot;:&quot;cta&quot;}}\" target=\"_blank\">Mon Actu<\/a>.<\/p>\n","protected":false},"excerpt":{"rendered":"Par Antoine Grotteria Publi\u00e9 le 19 oct. 2025 \u00e0 7h46 Un lieu charg\u00e9 d\u2019une histoire \u00e9pouvantable. Au m\u00e9morial&hellip;\n","protected":false},"author":2,"featured_media":474183,"comment_status":"","ping_status":"","sticky":false,"template":"","format":"standard","meta":{"footnotes":""},"categories":[1592],"tags":[1111,11,1777,674,1011,27,662,17056,12,626,2551,25,935,104],"class_list":{"0":"post-474182","1":"post","2":"type-post","3":"status-publish","4":"format-standard","5":"has-post-thumbnail","7":"category-ile-de-france","8":"tag-actu","9":"tag-actualites","10":"tag-eu","11":"tag-europe","12":"tag-fr","13":"tag-france","14":"tag-ile-de-france","15":"tag-memorial-de-la-shoah","16":"tag-news","17":"tag-paris","18":"tag-patrimoine","19":"tag-republique-francaise","20":"tag-seconde-guerre-mondiale","21":"tag-societe"},"share_on_mastodon":{"url":"https:\/\/pubeurope.com\/@fr\/115399349119114708","error":""},"_links":{"self":[{"href":"https:\/\/www.europesays.com\/fr\/wp-json\/wp\/v2\/posts\/474182","targetHints":{"allow":["GET"]}}],"collection":[{"href":"https:\/\/www.europesays.com\/fr\/wp-json\/wp\/v2\/posts"}],"about":[{"href":"https:\/\/www.europesays.com\/fr\/wp-json\/wp\/v2\/types\/post"}],"author":[{"embeddable":true,"href":"https:\/\/www.europesays.com\/fr\/wp-json\/wp\/v2\/users\/2"}],"replies":[{"embeddable":true,"href":"https:\/\/www.europesays.com\/fr\/wp-json\/wp\/v2\/comments?post=474182"}],"version-history":[{"count":0,"href":"https:\/\/www.europesays.com\/fr\/wp-json\/wp\/v2\/posts\/474182\/revisions"}],"wp:featuredmedia":[{"embeddable":true,"href":"https:\/\/www.europesays.com\/fr\/wp-json\/wp\/v2\/media\/474183"}],"wp:attachment":[{"href":"https:\/\/www.europesays.com\/fr\/wp-json\/wp\/v2\/media?parent=474182"}],"wp:term":[{"taxonomy":"category","embeddable":true,"href":"https:\/\/www.europesays.com\/fr\/wp-json\/wp\/v2\/categories?post=474182"},{"taxonomy":"post_tag","embeddable":true,"href":"https:\/\/www.europesays.com\/fr\/wp-json\/wp\/v2\/tags?post=474182"}],"curies":[{"name":"wp","href":"https:\/\/api.w.org\/{rel}","templated":true}]}}