{"id":474190,"date":"2025-10-19T06:14:16","date_gmt":"2025-10-19T06:14:16","guid":{"rendered":"https:\/\/www.europesays.com\/fr\/474190\/"},"modified":"2025-10-19T06:14:16","modified_gmt":"2025-10-19T06:14:16","slug":"lens-paris-fc-a-quelle-heure-et-sur-quelle-chaine-voir-le-match-en-direct-et-en-streaming","status":"publish","type":"post","link":"https:\/\/www.europesays.com\/fr\/474190\/","title":{"rendered":"Lens \u2013 Paris FC : \u00e0 quelle heure et sur quelle cha\u00eene voir le match en direct et en streaming ?"},"content":{"rendered":"<p class=\"paragraph text_align_left lp-f-body-02\">Jusqu\u2019\u00e0 pr\u00e9sent, Lens a remport\u00e9 quatre victoires, conc\u00e9d\u00e9 un nul \u00e0 Rennes et subi deux revers. Les Sang et Or accumulent ainsi treize points au compteur, et prennent la sixi\u00e8me place du classement. Ce dimanche, le Racing Club n\u2019a pas d\u2019autre choix que de s\u2019imposer contre le Paris FC pour se rapprocher du podium, actuellement compos\u00e9 de Strasbourg, Marseille et du PSG. C\u00f4t\u00e9 effectif, Deiver Machado a repris le chemin de l\u2019entra\u00eenement mais sa titularisation face au club de la capitale reste incertaine. Le Paris FC, quant \u00e0 lui, occupe la huiti\u00e8me position. Les co\u00e9quipiers de Jean-Philippe Krasso enregistrent trois succ\u00e8s, un nul et trois d\u00e9faites. Pour le moment, le Paris FC totalise dix points et affiche une diff\u00e9rence de buts n\u00e9gative (-1). Face \u00e0 Lens, le Paris FC doit imp\u00e9rativement d\u00e9crocher les trois points pour conserver une place dans le haut du tableau. Dans ces lignes on vous dit \u00e0 quelle heure et sur quelle cha\u00eene voir le match Lens \u2013 Paris FC en direct et en streaming ce dimanche apr\u00e8s-midi.<\/p>\n<p>Diffusion Lens \u2013 Paris FC en direct : sur quelle cha\u00eene regarder le match ?<\/p>\n<p class=\"paragraph text_align_left lp-f-body-02\"><b>Le match qui oppose Lens et le Paris FC est diffus\u00e9 ce dimanche 19 octobre <\/b><a href=\"https:\/\/www.tkqlhce.com\/click-100434109-17139035\" target=\"_blank\" rel=\"sponsored nofollow noopener\"><b>en direct sur Ligue 1+<\/b><\/a><b>. Le face-\u00e0-face est pr\u00e9vu \u00e0 15 heures au stade Bollaert. <\/b>L\u2019arbitre Ga\u00ebl Angoula a \u00e9t\u00e9 d\u00e9sign\u00e9 pour diriger la confrontation. Il sera assist\u00e9 de Beno\u00eet Bastien et de Yohann Rouinsard. Les commentateurs prennent l\u2019antenne quelques minutes avant le d\u00e9but de la rencontre pour faire le point sur les forces en vigueur. Ils d\u00e9cryptent ensuite les prestations des \u00e9quipes et reviennent sur les temps forts.<\/p>\n<p class=\"paragraph text_align_left lp-f-body-02\"><b>Cliquez ici pour <\/b><a href=\"https:\/\/www.tkqlhce.com\/click-100434109-17139035\" target=\"_blank\" rel=\"sponsored nofollow noopener\"><b>regarder le match sur Ligue 1+<\/b><\/a><\/p>\n<p class=\"paragraph text_align_left lp-f-body-02\"><b>Abonnement Ligue 1+ en direct : <\/b><a href=\"https:\/\/www.tkqlhce.com\/click-100434109-17139035\" rel=\"sponsored nofollow noopener\" target=\"_blank\"><b>\u00e0 partir de 9,99\u20ac\/mois<\/b><\/a><\/p>\n<p class=\"paragraph text_align_left lp-f-body-02\"><b>Abonnement Ligue 1+ et DAZN : <\/b><a href=\"https:\/\/dazn.prf.hn\/click\/camref:1011lSfUI\" rel=\"sponsored nofollow noopener\" target=\"_blank\"><b>\u00e0 partir de 16,99\u20ac\/mois<\/b><\/a><\/p>\n<p class=\"paragraph text_align_left lp-f-body-02\"><b>Abonnement Ligue 1+ et RMC Sport : <\/b><a href=\"https:\/\/www.awin1.com\/awclick.php?gid=448180&amp;mid=33125&amp;awinaffid=467845&amp;linkid=3247029&amp;clickref=\" rel=\"sponsored nofollow noopener\" target=\"_blank\"><b>\u00e0 partir de 19\u20ac\/mois<\/b><\/a><\/p>\n<p class=\"paragraph text_align_left lp-f-body-02\"><b>Abonnement Ligue 1+ via Prime Video : <\/b><a href=\"https:\/\/www.primevideo.com\/offers\/?benefitId=ligueonefr&amp;?tag=lepar03-21\" rel=\"sponsored nofollow noopener\" target=\"_blank\"><b>\u00e0 partir de 14,99 \u20ac\/mois<\/b><\/a><\/p>\n","protected":false},"excerpt":{"rendered":"Jusqu\u2019\u00e0 pr\u00e9sent, Lens a remport\u00e9 quatre victoires, conc\u00e9d\u00e9 un nul \u00e0 Rennes et subi deux revers. Les Sang&hellip;\n","protected":false},"author":2,"featured_media":474191,"comment_status":"","ping_status":"","sticky":false,"template":"","format":"standard","meta":{"footnotes":""},"categories":[1888],"tags":[11,1777,674,1011,27,749,4253,66,12,626,445,25,6718],"class_list":{"0":"post-474190","1":"post","2":"type-post","3":"status-publish","4":"format-standard","5":"has-post-thumbnail","7":"category-paris","8":"tag-actualites","9":"tag-eu","10":"tag-europe","11":"tag-fr","12":"tag-france","13":"tag-guide-shopping","14":"tag-lens","15":"tag-ligue-1","16":"tag-news","17":"tag-paris","18":"tag-paris-fc","19":"tag-republique-francaise","20":"tag-tv-streaming"},"share_on_mastodon":{"url":"https:\/\/pubeurope.com\/@fr\/115399365120252613","error":""},"_links":{"self":[{"href":"https:\/\/www.europesays.com\/fr\/wp-json\/wp\/v2\/posts\/474190","targetHints":{"allow":["GET"]}}],"collection":[{"href":"https:\/\/www.europesays.com\/fr\/wp-json\/wp\/v2\/posts"}],"about":[{"href":"https:\/\/www.europesays.com\/fr\/wp-json\/wp\/v2\/types\/post"}],"author":[{"embeddable":true,"href":"https:\/\/www.europesays.com\/fr\/wp-json\/wp\/v2\/users\/2"}],"replies":[{"embeddable":true,"href":"https:\/\/www.europesays.com\/fr\/wp-json\/wp\/v2\/comments?post=474190"}],"version-history":[{"count":0,"href":"https:\/\/www.europesays.com\/fr\/wp-json\/wp\/v2\/posts\/474190\/revisions"}],"wp:featuredmedia":[{"embeddable":true,"href":"https:\/\/www.europesays.com\/fr\/wp-json\/wp\/v2\/media\/474191"}],"wp:attachment":[{"href":"https:\/\/www.europesays.com\/fr\/wp-json\/wp\/v2\/media?parent=474190"}],"wp:term":[{"taxonomy":"category","embeddable":true,"href":"https:\/\/www.europesays.com\/fr\/wp-json\/wp\/v2\/categories?post=474190"},{"taxonomy":"post_tag","embeddable":true,"href":"https:\/\/www.europesays.com\/fr\/wp-json\/wp\/v2\/tags?post=474190"}],"curies":[{"name":"wp","href":"https:\/\/api.w.org\/{rel}","templated":true}]}}