{"id":474204,"date":"2025-10-19T06:23:13","date_gmt":"2025-10-19T06:23:13","guid":{"rendered":"https:\/\/www.europesays.com\/fr\/474204\/"},"modified":"2025-10-19T06:23:13","modified_gmt":"2025-10-19T06:23:13","slug":"football-ligue-2-asse-ferreira-absent-tardieu-na-pas-suffi-les-notes-de-la-defaite-face-au-mans-le-dauphine-libere","status":"publish","type":"post","link":"https:\/\/www.europesays.com\/fr\/474204\/","title":{"rendered":"Football &#8211; Ligue 2. ASSE : Ferreira absent, Tardieu n&#039;a pas suffi&#8230; les notes de la d\u00e9faite face au Mans &#8211; Le Dauphin\u00e9 Lib\u00e9r\u00e9"},"content":{"rendered":"<ol>\n<li><a href=\"https:\/\/news.google.com\/rss\/articles\/CBMiwAFBVV95cUxNQnpjWEY1QU50MXdMMU5FelZHenZOaFZJTXZiSlJJVzJxeUlQYU92SjJtSnZMVUtkQ1l4dHBhOHhiU19FNFNWZ2doLVFiRzNnRmZQUlJHSUpfX3hhZ1cyVnR0LUZkVnRLR2RaYkIyNVJEc0pzbDdBZnIwdnhRNlRsdFk4UTB0OXpIV01EM0F3M0hyUldfWXhPY2pfeVVsRG5RQUJpRl8zbkJBVnJHSjIwSTV2QmZQT3RqS3d4QkpBZU0?oc=5\" target=\"_blank\" rel=\"noopener\">Football &#8211; Ligue 2. ASSE : Ferreira absent, Tardieu n&rsquo;a pas suffi&#8230; les notes de la d\u00e9faite face au Mans<\/a>&nbsp;&nbsp;Le Dauphin\u00e9 Lib\u00e9r\u00e9<\/li>\n<li><a href=\"https:\/\/news.google.com\/rss\/articles\/CBMisgFBVV95cUxQaGM0QlZDN1hiQlcyTWdzdVBWdnYxVnM5UGtEVkZUR0dhT0JYZTl6VGlUODJqTFc2MmJyZ2w1QlRsVWwxQUczcC11WEd5SE1rc2FvQVJsak1XZW1CTDE0bXh5MFhzMC1kQkNaeTNzdm5QTGhBSVlSQ0laaW8wUmhBYVNzR3RwbEpSOW1BdFZXVlRtZ1NHZ05RZ21MN1NtZFR1UWhoUGNrdGtZT3VYQWJ5X3l3?oc=5\" target=\"_blank\" rel=\"noopener\">Face au Mans, Saint-\u00c9tienne tombe une nouvelle fois \u00e0 domicile<\/a>&nbsp;&nbsp;L&rsquo;\u00c9quipe<\/li>\n<li><a href=\"https:\/\/news.google.com\/rss\/articles\/CBMi1wFBVV95cUxPVlVZSTF4ZS0wSGRYTzBZNjh6b1hFdmhQMk50TTFQTS11Wnp3TXpRaHlvQ2d1RXAtSl84ZVU5LVJMei0zTEJaR2tkdjhNSHlMejJ1aU5nVHRzTUlTYWM3aHA4emtzZUthclhlRGxabDZ5TzlEMFdQZll5SzU1ZmVyOGFBeHpDR2dDYmo4UXFLQm0yVWpQZ3U1SUdOMlZfbVVWZlRSTE9FWXBTVU1Za3JfMDNKMzhqTmpnVVFmRFBsMDZ6ejhTTGROVmYyQTEtMThsMzM0ZGE2WQ?oc=5\" target=\"_blank\" rel=\"noopener\">Football. Les tops-flops d&rsquo;ASSE-Le Mans: Tardieu s\u2019offre un doubl\u00e9 pour rien, une d\u00e9fense encore en souffrance<\/a>&nbsp;&nbsp;Le Progr\u00e8s<\/li>\n<li><a href=\"https:\/\/news.google.com\/rss\/articles\/CBMisgFBVV95cUxQTXdiT0VYWHJoOTVxUVQtNnRIeHZWaTItd1ota2E1NlBRV2l5aFlMZUxwWUdERHpJb09rYVhHeHR2WFByd0JQb1RTZ0hkYjBWbjNjb2YwbHpZNDg2cmxLaVJnM1IyUDRObE9HX1B0UHFLZWNVREJkLVRGbVcwMWpXSjdOUmRneUs1OVl1SmhZZWZGMmE1cjhDX09RdUF5SUVVbzY1LXptN1pPUGd5ZkFwTWdR0gGwAUFVX3lxTFAwT2oxUWRobTJESkd0WVRxTzFwQmNuMF9zMGZXOEY5N05LNHVBWkxLRXpxb2toUW5neFFhUXFnNzNWbHpTQWtrVHFvMUpOcVNMekFGZmloSndaVk5mNG5kQ2xYbXB5dU9ZeXVOM1JDODJPeEg1RVByVnE0SG1FbmhydXRHTmQ5RmVKaEtBUG5kRFl3RlJ5VUxNb2ZDajJsVkdDaWt5SkhkUXg0Z3p4NHB2?oc=5\" target=\"_blank\" rel=\"noopener\">Ligue 2 (J10) : Le Mans surprend Saint-Etienne !<\/a>&nbsp;&nbsp;Orange Actualit\u00e9s | Sports<\/li>\n<li><a href=\"https:\/\/news.google.com\/rss\/articles\/CBMiiwFBVV95cUxOeDUwT3k0OUk3UF9OeTNLVHpldGRHZHgxc0g4M01CTXFyTllETmhhOUJPSkc0U2JGMkN6Vk9IOGxXM0M5SFc1ZjBiQXFtdzdaT2lWTjhHckRRYllZei1vMGIzWUdTOEU4Vm9kdml6a1dQRS1TaVJkaVpJazg5elNCZV9yVWQ2Tk15eHZN?oc=5\" target=\"_blank\" rel=\"noopener\">Eirik Horneland : \u00ab\u00a0On doit tous se questionner\u00a0\u00bb<\/a>&nbsp;&nbsp;ASSE<\/li>\n<\/ol>\n","protected":false},"excerpt":{"rendered":"Football &#8211; Ligue 2. ASSE : Ferreira absent, Tardieu n&rsquo;a pas suffi&#8230; les notes de la d\u00e9faite face&hellip;\n","protected":false},"author":2,"featured_media":474205,"comment_status":"","ping_status":"","sticky":false,"template":"","format":"standard","meta":{"footnotes":""},"categories":[2],"tags":[11,9443,1701,63,1011,27,12636,3367,12,25,517,1947],"class_list":{"0":"post-474204","1":"post","2":"type-post","3":"status-publish","4":"format-standard","5":"has-post-thumbnail","7":"category-actualites","8":"tag-actualites","9":"tag-asse-as-saint-etienne","10":"tag-fil-info-sport","11":"tag-football","12":"tag-fr","13":"tag-france","14":"tag-ligue-2-football","15":"tag-loire","16":"tag-news","17":"tag-republique-francaise","18":"tag-sport","19":"tag-sport-national"},"share_on_mastodon":{"url":"https:\/\/pubeurope.com\/@fr\/115399400135784071","error":""},"_links":{"self":[{"href":"https:\/\/www.europesays.com\/fr\/wp-json\/wp\/v2\/posts\/474204","targetHints":{"allow":["GET"]}}],"collection":[{"href":"https:\/\/www.europesays.com\/fr\/wp-json\/wp\/v2\/posts"}],"about":[{"href":"https:\/\/www.europesays.com\/fr\/wp-json\/wp\/v2\/types\/post"}],"author":[{"embeddable":true,"href":"https:\/\/www.europesays.com\/fr\/wp-json\/wp\/v2\/users\/2"}],"replies":[{"embeddable":true,"href":"https:\/\/www.europesays.com\/fr\/wp-json\/wp\/v2\/comments?post=474204"}],"version-history":[{"count":0,"href":"https:\/\/www.europesays.com\/fr\/wp-json\/wp\/v2\/posts\/474204\/revisions"}],"wp:featuredmedia":[{"embeddable":true,"href":"https:\/\/www.europesays.com\/fr\/wp-json\/wp\/v2\/media\/474205"}],"wp:attachment":[{"href":"https:\/\/www.europesays.com\/fr\/wp-json\/wp\/v2\/media?parent=474204"}],"wp:term":[{"taxonomy":"category","embeddable":true,"href":"https:\/\/www.europesays.com\/fr\/wp-json\/wp\/v2\/categories?post=474204"},{"taxonomy":"post_tag","embeddable":true,"href":"https:\/\/www.europesays.com\/fr\/wp-json\/wp\/v2\/tags?post=474204"}],"curies":[{"name":"wp","href":"https:\/\/api.w.org\/{rel}","templated":true}]}}