{"id":474214,"date":"2025-10-19T06:31:13","date_gmt":"2025-10-19T06:31:13","guid":{"rendered":"https:\/\/www.europesays.com\/fr\/474214\/"},"modified":"2025-10-19T06:31:13","modified_gmt":"2025-10-19T06:31:13","slug":"grand-prix-daustralie-premiere-victoire-de-raul-fernandez-en-motogp-fabio-quartararo-seulement-11e-malgre-la-pole-position-lequipe","status":"publish","type":"post","link":"https:\/\/www.europesays.com\/fr\/474214\/","title":{"rendered":"Grand Prix d&#039;Australie : premi\u00e8re victoire de Raul Fernandez en MotoGP, Fabio Quartararo seulement 11e malgr\u00e9 la pole position &#8211; L&#039;\u00c9quipe"},"content":{"rendered":"<ol>\n<li><a href=\"https:\/\/news.google.com\/rss\/articles\/CBMi_wFBVV95cUxQVnYtMFpfWjJReVpVbGQwRVVwLVF4LWd1cWlLMUJ1QXlKV1NwMnEzUmlza1JUS0hpb2JVMWVWLXA2V0pXZ1gteU9ITkVEdWxRT1Y0dmFydDhpWVgycHROTGY5UGRINTREUWN2N3VyZ0pWM1hpX3RmVFBtRWFKMlJCaDR6SGJQcFYzSGgtTUMxczQ4SGhEcUJpd1N0SWEzakIteFpJNFI5djJpRFl4Q1l0dUJ2VUhxS0NNMFRZSHhHdDhKM3A1SHV2TjUzVE1xRWh5Q1k3OE8wbXF2QlhqZWRwQUQxbWF3NW5KeTR6WW1VbVA5aXdfVEY3X0JjWkZWUWc?oc=5\" target=\"_blank\" rel=\"noopener\">Grand Prix d&rsquo;Australie : premi\u00e8re victoire de Raul Fernandez en MotoGP, Fabio Quartararo seulement 11e malgr\u00e9 la pole position<\/a>&nbsp;&nbsp;L&rsquo;\u00c9quipe<\/li>\n<li><a href=\"https:\/\/news.google.com\/rss\/articles\/CBMiuAFBVV95cUxNMTBrZjE2NTZjQ3hhdzJUc0QyRi00VXZMNWRRS08zdl9BdGNfMHhVYnlXRk1MZFJxaG1jSnkxemVoYU14SjNzRkRnQnE1WFhoRlJjanUwUFFENjFyc21lTEw1Qk1NQ1d1LW5zdTJmLURYTXNzRFc5TVMwMXIxMFRzVEM1UkUyQzh1bzBteU14UmFNM2tKUDZtdVhnbllZNmxFVWhLaGVVV2MwdHFwcmFhaFZNOXBSYUc30gG-AUFVX3lxTFBUM1VTWlpiY1FSNjB5emw3YS1FbENBUmlyWGhnX29ZRWJ6TXJiVHpITXZMVVQ0NWdzdWgwaGhOcDR3TEhGeXE4VHROeUlBQ1hSelFaZzE3ZE1xa1ZYdkd6TU0wLTg0RGRUMFBUVUxFcnpVaWVuVXdMTHJOczFYZjRVd1lsWVdWQldPUFpBRk5UMi12MkJscDA2RnV1d1lEX2RFOEJpVjlYdkxBVlZ4aUd1S2lGcmp3STVVRUp1MWc?oc=5\" target=\"_blank\" rel=\"noopener\">MotoGP : le classement complet des pilotes apr\u00e8s la victoire de Raul Fernandez au Grand Prix d&rsquo;Australie<\/a>&nbsp;&nbsp;CNews<\/li>\n<li><a href=\"https:\/\/news.google.com\/rss\/articles\/CBMipgFBVV95cUxQU0Y2QXQtdmRDUHpIZnpUZVpzMzhUQjFIaTlJQmV2SmRodGRMS0YzaU9aOUJXajVjYzA4T1RzeW9GRlUtdTdIX2s4cVd1dWZxRTBtaGV3X1hDOEh4N245QTBWcEZvNHIweXE4ZjJiNjJqcldoN1dDc2Y5d3Q5elR1UGEwU3lzNUNxYWtOSVdvS2NvbHNqY0ZKQzQ3VXlXNFZnOEtaRnRB?oc=5\" target=\"_blank\" rel=\"noopener\">Tous les r\u00e9sultats et classements du GP d&rsquo;Australie MotoGP 2025<\/a>&nbsp;&nbsp;Motorsport.com<\/li>\n<li><a href=\"https:\/\/news.google.com\/rss\/articles\/CBMipgJBVV95cUxOSEZkZ2FhZ195Y2w4M1FPX3JNT01UUDc5Mm1NSFZHZS1Eb01mM1pOaV9nRmpaUVh1c3dQQVh3eldDQzhvVEFvRDh6WFRVS3dPdDdnWUpUOC1FX1J2NVJoNzJ2Njc4Wi16RnRnRmdCVEFnbTZIMk9XcWN0RU1tVmR2YXVJMGZLMlA3NjBfdFJmbkUxMUtwTEtlNjNKWEF4MTcyT2VZdEtQLXJVNGFBQXZSYWloR1FlMnFDNUROQzktVWh4Y2ltbmFKLVhGdF84QU54SWhVR19oQlNKZTVoVG1yYWIxTWVGV0FnMndkZUNxWVJzS2plTlRhRUdyZm5PUXFxS3VnT21vNl9wNGplZ2pOalM2bHZvQTJlLXdoS0c4dklUZGlid3c?oc=5\" target=\"_blank\" rel=\"noopener\">Premi\u00e8re pour Fernandez, Quartararo seulement 11e<\/a>&nbsp;&nbsp;Eurosport<\/li>\n<li><a href=\"https:\/\/news.google.com\/rss\/articles\/CBMiwgFBVV95cUxPMHhIdWU5bjdwWXFtbGVGV0hiUEZfTTJoZkdhbDJydXZVWWMxMnZzRm5FN1Y5YUt2a1VOTTB0TW5qYk51Y3NySDJDWjhIbnJTTzhYZVdFNlBKd2JBbHA3b0Q2cmktNkhHMU9fNlpOZUtiYTkydnAwT2xzcDNNRFJCY0NoYjFkM2RacThucWdRU21XbWcxM19janZzSUwzZ016b1Rtbi1Zb1F6MGNTNGpsM0VnU2dEUTB4ZlIzekpabWE4QQ?oc=5\" target=\"_blank\" rel=\"noopener\">MotoGP d\u2019Australie : Sur quelle cha\u00eene et \u00e0 quelle heure voir la course en direct ?<\/a>&nbsp;&nbsp;Le Figaro<\/li>\n<\/ol>\n","protected":false},"excerpt":{"rendered":"Grand Prix d&rsquo;Australie : premi\u00e8re victoire de Raul Fernandez en MotoGP, Fabio Quartararo seulement 11e malgr\u00e9 la pole&hellip;\n","protected":false},"author":2,"featured_media":395849,"comment_status":"","ping_status":"","sticky":false,"template":"","format":"standard","meta":{"footnotes":""},"categories":[1413],"tags":[1011,27,1457,1456,60],"class_list":{"0":"post-474214","1":"post","2":"type-post","3":"status-publish","4":"format-standard","5":"has-post-thumbnail","7":"category-moto","8":"tag-fr","9":"tag-france","10":"tag-moto","11":"tag-motocycle","12":"tag-sports"},"share_on_mastodon":{"url":"https:\/\/pubeurope.com\/@fr\/115399431607146469","error":""},"_links":{"self":[{"href":"https:\/\/www.europesays.com\/fr\/wp-json\/wp\/v2\/posts\/474214","targetHints":{"allow":["GET"]}}],"collection":[{"href":"https:\/\/www.europesays.com\/fr\/wp-json\/wp\/v2\/posts"}],"about":[{"href":"https:\/\/www.europesays.com\/fr\/wp-json\/wp\/v2\/types\/post"}],"author":[{"embeddable":true,"href":"https:\/\/www.europesays.com\/fr\/wp-json\/wp\/v2\/users\/2"}],"replies":[{"embeddable":true,"href":"https:\/\/www.europesays.com\/fr\/wp-json\/wp\/v2\/comments?post=474214"}],"version-history":[{"count":0,"href":"https:\/\/www.europesays.com\/fr\/wp-json\/wp\/v2\/posts\/474214\/revisions"}],"wp:featuredmedia":[{"embeddable":true,"href":"https:\/\/www.europesays.com\/fr\/wp-json\/wp\/v2\/media\/395849"}],"wp:attachment":[{"href":"https:\/\/www.europesays.com\/fr\/wp-json\/wp\/v2\/media?parent=474214"}],"wp:term":[{"taxonomy":"category","embeddable":true,"href":"https:\/\/www.europesays.com\/fr\/wp-json\/wp\/v2\/categories?post=474214"},{"taxonomy":"post_tag","embeddable":true,"href":"https:\/\/www.europesays.com\/fr\/wp-json\/wp\/v2\/tags?post=474214"}],"curies":[{"name":"wp","href":"https:\/\/api.w.org\/{rel}","templated":true}]}}