{"id":474217,"date":"2025-10-19T06:33:11","date_gmt":"2025-10-19T06:33:11","guid":{"rendered":"https:\/\/www.europesays.com\/fr\/474217\/"},"modified":"2025-10-19T06:33:11","modified_gmt":"2025-10-19T06:33:11","slug":"disqualifiee-une-equipe-pourra-garder-ses-points-si-actualite","status":"publish","type":"post","link":"https:\/\/www.europesays.com\/fr\/474217\/","title":{"rendered":"Disqualifi\u00e9e, une \u00e9quipe pourra garder ses points si&#8230; &#8211; Actualit\u00e9"},"content":{"rendered":"<p style=\"text-align: justify;\">En cette fin de saison et de cycle triennal\u00a0 pour \u00e9tablir le crit\u00e8re sportif pour l&rsquo;accession au WorldTour, le classement UCI prend toute son importance et chaque point compte pour d\u00e9crocher les derniers strapontins qualificatifs.<\/p>\n<p>En cours de saison, les classements UCI servent aussi pour attribuer les quotas aux pays pour les Championnats du Monde jusqu&rsquo;\u00e0 une date limite de publication.<\/p>\n<p>Mais que se passe-t-il si un coureur ou une \u00e9quipe est disqualifi\u00e9 d&rsquo;une ou plusieurs courses (dans un cas de dopage r\u00e9v\u00e9l\u00e9 tardivement par exemple), apr\u00e8s le couperet de la publication du classement pris en compte pour d\u00e9cider d&rsquo;un quota ou d&rsquo;une qualification ? Pour \u00e9viter toute contestation d&rsquo;une \u00e9quipe qui se sentirait l\u00e9s\u00e9e, l&rsquo;UCI a rajout\u00e9 un article \u00e0 son r\u00e8glement.\u00a0<\/p>\n<p>Une telle disqualification\u00a0 \u00ab\u00a0n&rsquo;entraine pas de modification a posteriori concernant l\u2019allocation des quotas\u00a0\u00bb, dans le cas du crit\u00e8re sportif du WorldTour, des invitations obligatoires des \u00e9quipes ou l&rsquo;attribution des quotas aux f\u00e9d\u00e9rations nationales. M\u00eame si, donc, les coureurs perdent leurs points individuellement au classement UCI.<\/p>\n<p>En revanche, \u00ab\u00a0lorsqu\u2019un quota ou une invitation est attribu\u00e9 \u00e0 titre individuel, la disqualification et\/ou la perte de points UCI qui en d\u00e9coule est prise en compte, y compris apr\u00e8s la publication des quotas ou invitations\u00a0\u00bb.<\/p>\n<p>Cette mesure s&rsquo;appliquera \u00e0 partir du 1er novembre 2025.<\/p>\n","protected":false},"excerpt":{"rendered":"En cette fin de saison et de cycle triennal\u00a0 pour \u00e9tablir le crit\u00e8re sportif pour l&rsquo;accession au WorldTour,&hellip;\n","protected":false},"author":2,"featured_media":474218,"comment_status":"","ping_status":"","sticky":false,"template":"","format":"standard","meta":{"footnotes":""},"categories":[1411],"tags":[834,828,836,829,837,827,83,826,824,823,1154,207,814,817,815,816,822,821,832,211,839,1011,27,820,818,819,835,831,830,833,838,60,212,208,825],"class_list":{"0":"post-474217","1":"post","2":"type-post","3":"status-publish","4":"format-standard","5":"has-post-thumbnail","7":"category-cyclisme","8":"tag-attaque","9":"tag-belgique","10":"tag-braquet","11":"tag-bretagne","12":"tag-chute","13":"tag-competition","14":"tag-coupe-de-france","15":"tag-coureur","16":"tag-course-cyclisme","17":"tag-course-cycliste","18":"tag-cycling","19":"tag-cyclisme","20":"tag-direct","21":"tag-direct-velo","22":"tag-directvelo","23":"tag-directvelo-com","24":"tag-epreuve","25":"tag-epreuve-cycliste","26":"tag-federation-francaise-de-cyclisme","27":"tag-ffc","28":"tag-flandres","29":"tag-fr","30":"tag-france","31":"tag-live","32":"tag-live-course","33":"tag-live-epreuve","34":"tag-peloton","35":"tag-radio-peloton","36":"tag-radio-tour","37":"tag-ravitaillement","38":"tag-relance","39":"tag-sports","40":"tag-uci","41":"tag-velo","42":"tag-velos"},"share_on_mastodon":{"url":"https:\/\/pubeurope.com\/@fr\/115399439663412663","error":""},"_links":{"self":[{"href":"https:\/\/www.europesays.com\/fr\/wp-json\/wp\/v2\/posts\/474217","targetHints":{"allow":["GET"]}}],"collection":[{"href":"https:\/\/www.europesays.com\/fr\/wp-json\/wp\/v2\/posts"}],"about":[{"href":"https:\/\/www.europesays.com\/fr\/wp-json\/wp\/v2\/types\/post"}],"author":[{"embeddable":true,"href":"https:\/\/www.europesays.com\/fr\/wp-json\/wp\/v2\/users\/2"}],"replies":[{"embeddable":true,"href":"https:\/\/www.europesays.com\/fr\/wp-json\/wp\/v2\/comments?post=474217"}],"version-history":[{"count":0,"href":"https:\/\/www.europesays.com\/fr\/wp-json\/wp\/v2\/posts\/474217\/revisions"}],"wp:featuredmedia":[{"embeddable":true,"href":"https:\/\/www.europesays.com\/fr\/wp-json\/wp\/v2\/media\/474218"}],"wp:attachment":[{"href":"https:\/\/www.europesays.com\/fr\/wp-json\/wp\/v2\/media?parent=474217"}],"wp:term":[{"taxonomy":"category","embeddable":true,"href":"https:\/\/www.europesays.com\/fr\/wp-json\/wp\/v2\/categories?post=474217"},{"taxonomy":"post_tag","embeddable":true,"href":"https:\/\/www.europesays.com\/fr\/wp-json\/wp\/v2\/tags?post=474217"}],"curies":[{"name":"wp","href":"https:\/\/api.w.org\/{rel}","templated":true}]}}