{"id":474266,"date":"2025-10-19T07:11:20","date_gmt":"2025-10-19T07:11:20","guid":{"rendered":"https:\/\/www.europesays.com\/fr\/474266\/"},"modified":"2025-10-19T07:11:20","modified_gmt":"2025-10-19T07:11:20","slug":"les-ecologistes-votent-pour-lunion-avec-nathalie-appere","status":"publish","type":"post","link":"https:\/\/www.europesays.com\/fr\/474266\/","title":{"rendered":"Les \u00e9cologistes votent pour l\u2019union avec Nathalie App\u00e9r\u00e9"},"content":{"rendered":"<p class=\"mb-4 text-lg md:leading-8 break-words\"><strong>C\u2019est leur choix &#8211; En\u00a02014 et\u00a02020, les listes de gauche s\u2019\u00e9taient affront\u00e9es au premier tour des \u00e9lections municipales avant de fusionner, elles partent cette fois-ci unies d\u00e8s le premier tour<\/strong><\/p>\n<p class=\"mb-4 text-lg md:leading-8 break-words\">Ils se r\u00e9unissaient ce samedi pour d\u00e9cider de<a href=\"https:\/\/www.20minutes.fr\/politique\/4084300-20240401-rennes-encore-envie-nathalie-appere-route-troisieme-mandat-maire?at_medium=RSS%20feed&amp;at_campaign=ynews&amp;utm_source=yahoo&amp;utm_medium=rss&amp;utm_campaign=news_feed&amp;utm_content=in_article_link\" rel=\"nofollow noopener\" target=\"_blank\" data-ylk=\"slk:se marier ou non avec Nathalie App\u00e9r\u00e9;elm:context_link;itc:0;sec:content-canvas\" class=\"link \"> se marier ou non avec Nathalie App\u00e9r\u00e9<\/a>. A l\u2019issue d\u2019une assembl\u00e9e g\u00e9n\u00e9rale avec leurs alli\u00e9s, les \u00e9cologistes rennais ont finalement opt\u00e9 pour\u00a0un accord avec la liste de la maire sortante d\u00e8s le premier tour <a href=\"https:\/\/www.20minutes.fr\/municipales\/?at_medium=RSS%20feed&amp;at_campaign=ynews&amp;utm_source=yahoo&amp;utm_medium=rss&amp;utm_campaign=news_feed&amp;utm_content=in_article_link\" rel=\"nofollow noopener\" target=\"_blank\" data-ylk=\"slk:des \u00e9lections municipales;elm:context_link;itc:0;sec:content-canvas\" class=\"link \">des \u00e9lections municipales<\/a>, qui se tiendra le 15\u00a0mars 2026. En\u00a02014 puis en\u00a02020, la gauche \u00e9tait partie divis\u00e9e au premier tour, avant de fusionner ses listes lors du second tour et de l\u2019emporter.<\/p>\n<p class=\"mb-4 text-lg md:leading-8 break-words\">\u00c9lue pour la premi\u00e8re fois en\u00a02014, la socialiste Nathalie App\u00e9r\u00e9<a href=\"https:\/\/www.20minutes.fr\/municipales\/2674535-20191214-municipales-2020-rennes-pouvoir-moyen-agir-ecologistes-veulent-emparer?at_medium=RSS%20feed&amp;at_campaign=ynews&amp;utm_source=yahoo&amp;utm_medium=rss&amp;utm_campaign=news_feed&amp;utm_content=in_article_link\" rel=\"nofollow noopener\" target=\"_blank\" data-ylk=\"slk:a gouvern\u00e9 avec une majorit\u00e9 confortable \u00e0 la ville;elm:context_link;itc:0;sec:content-canvas\" class=\"link \"> a gouvern\u00e9 avec une majorit\u00e9 confortable \u00e0 la ville<\/a> mais aussi \u00e0 la m\u00e9tropole. Une majorit\u00e9 r\u00e9unissant des socialistes, des \u00e9cologistes mais aussi l\u2019Union d\u00e9mocratique bretonne, Nouvelle donne, le Parti radical de gauche et le Parti communiste. Mais sans La France insoumise, absente du conseil municipal de Rennes.<\/p>\n<p class=\"mb-4 text-lg md:leading-8 break-words\">En juin, les \u00e9lus \u00e9colos avaient sem\u00e9 le doute quant \u00e0 leur choix d\u2019y aller seuls d\u00e8s le premier tour. \u00ab\u00a0On est pr\u00eats. On peut avoir un maire \u00e9cologiste \u00e0 Rennes. On est capables d\u2019assumer ces comp\u00e9tences\u00a0\u00bb, avait d\u00e9clar\u00e9 le vice-pr\u00e9sident de la m\u00e9tropole Laurent Hamon. Un enthousiasme port\u00e9 par des chiffres en constante progression. En\u00a02008, la liste \u00e9colo avait atteint 8\u00a0% des suffrages. En\u00a02014, Matthieu Theurier avait obtenu 15\u00a0% avant de grimper \u00e0 25\u00a0% en\u00a02020. Il avait \u00e0 chaque fois fusionn\u00e9 sa liste avec celle du PS.<\/p>\n<p>Que fera La France insoumise\u00a0?<\/p>\n<p class=\"mb-4 text-lg md:leading-8 break-words\">Reste \u00e0 savoir ce que fera LFI. S\u2019ils sont port\u00e9s par le vote tr\u00e8s fort des Rennais en faveur de Jean-Luc(&#8230;)<\/p>\n<p class=\"mb-4 text-lg md:leading-8 break-words\"><a href=\"https:\/\/www.20minutes.fr\/politique\/matthieu-theurier\/4180043-20251018-municipales-2026-rennes-ecologistes-votent-union-nathalie-appere?at_medium=RSS%20feed&amp;at_campaign=ynews&amp;utm_source=yahoo&amp;utm_medium=rss&amp;utm_campaign=news_feed&amp;utm_content=read_more_link&quot;\" rel=\"nofollow noopener\" target=\"_blank\" data-ylk=\"slk:Lire la suite sur 20minutes;elm:context_link;itc:0;sec:content-canvas\" class=\"link \">Lire la suite sur 20minutes<\/a><\/p>\n<p>\u00c0 lire aussi :<br \/><a href=\"https:\/\/www.20minutes.fr\/politique\/4175025-20250924-elections-municipales-2026-rennes-opposition-reve-grand-soir-toujours-trouve-candidat?at_medium=RSS%20feed&amp;at_campaign=ynews&amp;utm_source=yahoo&amp;utm_medium=rss&amp;utm_campaign=news_feed&amp;utm_content=related_content_link\" rel=\"nofollow noopener\" target=\"_blank\" data-ylk=\"slk:\u00c9lections municipales\u00a02026 \u00e0 Rennes\u00a0: L\u2019opposition r\u00eave du grand soir mais n\u2019a toujours pas trouv\u00e9 son candidat;elm:context_link;itc:0;sec:content-canvas\" class=\"link \">\u00c9lections municipales\u00a02026 \u00e0 Rennes\u00a0: L\u2019opposition r\u00eave du grand soir mais n\u2019a toujours pas trouv\u00e9 son candidat<\/a><br \/><a href=\"https:\/\/www.20minutes.fr\/politique\/matthieu-theurier\/4158933-20250618-municipales-2026-rennes-lfi-ecologistes-tout-monde-veut-prendre-place-socialistes?at_medium=RSS%20feed&amp;at_campaign=ynews&amp;utm_source=yahoo&amp;utm_medium=rss&amp;utm_campaign=news_feed&amp;utm_content=related_content_link\" rel=\"nofollow noopener\" target=\"_blank\" data-ylk=\"slk:Municipales\u00a02026 \u00e0 Rennes\u00a0: LFI, \u00e9cologistes\u2026 Tout le monde veut prendre la place des socialistes;elm:context_link;itc:0;sec:content-canvas\" class=\"link \">Municipales\u00a02026 \u00e0 Rennes\u00a0: LFI, \u00e9cologistes\u2026 Tout le monde veut prendre la place des socialistes<\/a><\/p>\n","protected":false},"excerpt":{"rendered":"C\u2019est leur choix &#8211; En\u00a02014 et\u00a02020, les listes de gauche s\u2019\u00e9taient affront\u00e9es au premier tour des \u00e9lections municipales&hellip;\n","protected":false},"author":2,"featured_media":474267,"comment_status":"","ping_status":"","sticky":false,"template":"","format":"standard","meta":{"footnotes":""},"categories":[2821],"tags":[1111,11,829,2339,4188,1777,674,1011,27,10736,12,51016,59764,584,25],"class_list":{"0":"post-474266","1":"post","2":"type-post","3":"status-publish","4":"format-standard","5":"has-post-thumbnail","7":"category-rennes","8":"tag-actu","9":"tag-actualites","10":"tag-bretagne","11":"tag-ecologistes","12":"tag-elections-municipales","13":"tag-eu","14":"tag-europe","15":"tag-fr","16":"tag-france","17":"tag-nathalie-appere","18":"tag-news","19":"tag-parti-radical-de-gauche","20":"tag-premier-tour-des-elections","21":"tag-rennes","22":"tag-republique-francaise"},"share_on_mastodon":{"url":"https:\/\/pubeurope.com\/@fr\/115399588834500306","error":""},"_links":{"self":[{"href":"https:\/\/www.europesays.com\/fr\/wp-json\/wp\/v2\/posts\/474266","targetHints":{"allow":["GET"]}}],"collection":[{"href":"https:\/\/www.europesays.com\/fr\/wp-json\/wp\/v2\/posts"}],"about":[{"href":"https:\/\/www.europesays.com\/fr\/wp-json\/wp\/v2\/types\/post"}],"author":[{"embeddable":true,"href":"https:\/\/www.europesays.com\/fr\/wp-json\/wp\/v2\/users\/2"}],"replies":[{"embeddable":true,"href":"https:\/\/www.europesays.com\/fr\/wp-json\/wp\/v2\/comments?post=474266"}],"version-history":[{"count":0,"href":"https:\/\/www.europesays.com\/fr\/wp-json\/wp\/v2\/posts\/474266\/revisions"}],"wp:featuredmedia":[{"embeddable":true,"href":"https:\/\/www.europesays.com\/fr\/wp-json\/wp\/v2\/media\/474267"}],"wp:attachment":[{"href":"https:\/\/www.europesays.com\/fr\/wp-json\/wp\/v2\/media?parent=474266"}],"wp:term":[{"taxonomy":"category","embeddable":true,"href":"https:\/\/www.europesays.com\/fr\/wp-json\/wp\/v2\/categories?post=474266"},{"taxonomy":"post_tag","embeddable":true,"href":"https:\/\/www.europesays.com\/fr\/wp-json\/wp\/v2\/tags?post=474266"}],"curies":[{"name":"wp","href":"https:\/\/api.w.org\/{rel}","templated":true}]}}