{"id":474268,"date":"2025-10-19T07:12:38","date_gmt":"2025-10-19T07:12:38","guid":{"rendered":"https:\/\/www.europesays.com\/fr\/474268\/"},"modified":"2025-10-19T07:12:38","modified_gmt":"2025-10-19T07:12:38","slug":"fusillade-du-subway-de-rennes-deux-autres-personnes-ecrouees","status":"publish","type":"post","link":"https:\/\/www.europesays.com\/fr\/474268\/","title":{"rendered":"Fusillade du Subway de Rennes\u00a0: deux autres personnes \u00e9crou\u00e9es"},"content":{"rendered":"<p>Les faits avaient eu lieu en <a href=\"https:\/\/www.letelegramme.fr\/ille-et-vilaine\/rennes-35000\/fusillade-dans-un-subway-a-rennes-quatre-interpellations-vehicule-incendie-profils-des-victimes-ce-que-lon-sait-6801222.php\" target=\"_blank\" rel=\"noopener\">fin d\u2019apr\u00e8s-midi sur la dalle Kennedy, <\/a>le jeudi 17 avril 2025. Des individus avaient ouvert le feu dans un restaurant Subway, blessant trois personnes. Attabl\u00e9s pour boire un caf\u00e9, les conseillers municipaux Charles Compagnon et Nicolas Boucher avaient alors \u00e9vit\u00e9 miraculeusement les balles. Dans la foul\u00e9e, quatre hommes avaient \u00e9t\u00e9 mis en examen et sont toujours plac\u00e9s en d\u00e9tention provisoire.<\/p>\n<p>\u00ab Il a \u00e9t\u00e9 mis fin \u00e0 la garde \u00e0 vue de deux d\u2019entre eux \u00bb<\/p>\n<p>Comme l\u2019annon\u00e7ait<a href=\"https:\/\/www.letelegramme.fr\/bretagne\/fusillades-dans-le-quartier-de-villejean-a-rennes-quatre-membres-du-clan-yoda-interpelles-a-marseille-6908577.php\" target=\"_blank\" rel=\"noopener\"> Le T\u00e9l\u00e9gramme mardi dernier<\/a> quatre autres hommes (\u00e2g\u00e9s entre 22 et 29 ans) ont \u00e9t\u00e9 plac\u00e9s \u00e0 leur tour en garde \u00e0 vue, le 13 octobre, par les enqu\u00eateurs de la DCOS (Division de la criminalit\u00e9 organis\u00e9e et sp\u00e9cialis\u00e9e) d\u2019Ille-et-Vilaine et la BRB Marseille mandat\u00e9es par le magistrat instructeur de la JIRS (juridiction interr\u00e9gionale sp\u00e9cialis\u00e9e) de Rennes en charge de l\u2019information judiciaire.<\/p>\n<p>\u00ab Parmi eux, deux sont originaires de l\u2019Essonne et domicili\u00e9s dans ce d\u00e9partement. Les troisi\u00e8me et quatri\u00e8me, r\u00e9sidant habituellement \u00e0 Marseille (incarc\u00e9r\u00e9s \u00e0 Marseille), sont originaires pour l\u2019un de la cit\u00e9 phoc\u00e9enne et pour l\u2019autre d\u2019Alg\u00e9rie. Il a \u00e9t\u00e9 mis fin \u00e0 la garde \u00e0 vue de deux d\u2019entre eux sans suite \u00e0 ce stade \u00bb, a soulign\u00e9 le procureur de la R\u00e9publique de Rennes, Fr\u00e9d\u00e9ric Teillet.<\/p>\n<p>\u00ab Complicit\u00e9 de tentative de meurtre en bande organis\u00e9e \u00bb<\/p>\n<p>Les deux autres hommes ont \u00e9t\u00e9 pr\u00e9sent\u00e9s au magistrat instructeur charg\u00e9 de l\u2019affaire, jeudi 16 et vendredi 17 octobre. Tous deux ont \u00e9t\u00e9 mis en examen pour \u00ab association de malfaiteurs, complicit\u00e9 de tentative de meurtre en bande organis\u00e9e et pour trafic de produits stup\u00e9fiants (acquisition, d\u00e9tention, transport, offre et cession) \u00bb.<\/p>\n<p>D\u00e9j\u00e0 condamn\u00e9s pour des d\u00e9lits de trafics de produits stup\u00e9fiants, les deux hommes, en \u00e9tat de r\u00e9cidive l\u00e9gal, ont \u00e9t\u00e9 plac\u00e9s en d\u00e9tention provisoire. \u00ab Leur affiliation \u00e0 un clan criminel structur\u00e9 fait toujours l\u2019objet d\u2019investigations \u00bb, a pr\u00e9cis\u00e9 le procureur.<\/p>\n","protected":false},"excerpt":{"rendered":"Les faits avaient eu lieu en fin d\u2019apr\u00e8s-midi sur la dalle Kennedy, le jeudi 17 avril 2025. Des&hellip;\n","protected":false},"author":2,"featured_media":474269,"comment_status":"","ping_status":"","sticky":false,"template":"","format":"standard","meta":{"footnotes":""},"categories":[2821],"tags":[1111,11,829,765,1777,674,118,1011,27,848,12,584,25],"class_list":{"0":"post-474268","1":"post","2":"type-post","3":"status-publish","4":"format-standard","5":"has-post-thumbnail","7":"category-rennes","8":"tag-actu","9":"tag-actualites","10":"tag-bretagne","11":"tag-en-continu","12":"tag-eu","13":"tag-europe","14":"tag-faits-divers","15":"tag-fr","16":"tag-france","17":"tag-ille-et-vilaine","18":"tag-news","19":"tag-rennes","20":"tag-republique-francaise"},"share_on_mastodon":{"url":"https:\/\/pubeurope.com\/@fr\/115399592676730426","error":""},"_links":{"self":[{"href":"https:\/\/www.europesays.com\/fr\/wp-json\/wp\/v2\/posts\/474268","targetHints":{"allow":["GET"]}}],"collection":[{"href":"https:\/\/www.europesays.com\/fr\/wp-json\/wp\/v2\/posts"}],"about":[{"href":"https:\/\/www.europesays.com\/fr\/wp-json\/wp\/v2\/types\/post"}],"author":[{"embeddable":true,"href":"https:\/\/www.europesays.com\/fr\/wp-json\/wp\/v2\/users\/2"}],"replies":[{"embeddable":true,"href":"https:\/\/www.europesays.com\/fr\/wp-json\/wp\/v2\/comments?post=474268"}],"version-history":[{"count":0,"href":"https:\/\/www.europesays.com\/fr\/wp-json\/wp\/v2\/posts\/474268\/revisions"}],"wp:featuredmedia":[{"embeddable":true,"href":"https:\/\/www.europesays.com\/fr\/wp-json\/wp\/v2\/media\/474269"}],"wp:attachment":[{"href":"https:\/\/www.europesays.com\/fr\/wp-json\/wp\/v2\/media?parent=474268"}],"wp:term":[{"taxonomy":"category","embeddable":true,"href":"https:\/\/www.europesays.com\/fr\/wp-json\/wp\/v2\/categories?post=474268"},{"taxonomy":"post_tag","embeddable":true,"href":"https:\/\/www.europesays.com\/fr\/wp-json\/wp\/v2\/tags?post=474268"}],"curies":[{"name":"wp","href":"https:\/\/api.w.org\/{rel}","templated":true}]}}