{"id":474270,"date":"2025-10-19T07:15:19","date_gmt":"2025-10-19T07:15:19","guid":{"rendered":"https:\/\/www.europesays.com\/fr\/474270\/"},"modified":"2025-10-19T07:15:19","modified_gmt":"2025-10-19T07:15:19","slug":"le-pan-perd-son-invincibilite-face-a-strasbourg","status":"publish","type":"post","link":"https:\/\/www.europesays.com\/fr\/474270\/","title":{"rendered":"le PAN perd son invincibilit\u00e9 face \u00e0 Strasbourg"},"content":{"rendered":"<p>On savait que le duel entre Aixois et Strasbourgeois alimente depuis plusieurs saisons une saine rivalit\u00e9 dans les bassins. D&rsquo;autant plus que <a href=\"https:\/\/www.laprovence.com\/article\/sports\/86638358896932\/water-polo-elite-masculine-marseille-tient-son-rang-contre-aix\" target=\"_blank\" rel=\"nofollow noopener\">les Proven\u00e7aux<\/a> restaient sur une s\u00e9rie de 5 victoires de rang \u00e0 domicile face \u00e0 son meilleur \u00ab\u00a0ennemi\u00a0\u00bb et que sur les huit derni\u00e8res oppositions, trois se sont termin\u00e9es \u00e0 un but d&rsquo;\u00e9cart, une \u00e0 deux buts et une aux tirs au but.<\/p>\n<p>Mais hier soir, la Team Strasbourg a mis fin \u00e0 l&rsquo;h\u00e9g\u00e9monie aixoise en s&rsquo;imposant en patron 13-17. \u00ab\u00a0L&rsquo;essentiel, c&rsquo;\u00e9tait de prendre les trois points, analysait un Olivier Chandieu le coach \u00a0strasbourgeois plut\u00f4t soulag\u00e9. Parce que dans le jeu, ce n&rsquo;\u00e9tait pas \u00e7a, mais on s&rsquo;en fout. Je n&rsquo;ai pas vu mon \u00e9quipe bien jouer collectivement\u00a0\u00bb. Pour Aix, ce nouveau revers apr\u00e8s la claque au Cercle des Nageurs de Marseille prouve qu&rsquo;il va falloir un peu de temps pour que cette formation en reconstruction retrouve son aura.\u00a0\u00ab\u00a0On va se remettre au travail au travail, poursuivait quant \u00e0 lui Alexandre Colin, le coach du PAN, et se remettre un petit peu \u00e0 l&rsquo;endroit pour essayer d&rsquo;aller les titiller sur\u00a0la deuxi\u00e8me partie de saison\u00a0\u00bb.<\/p>\n<p>Pourtant, Aix a r\u00e9pondu pr\u00e9sent d&rsquo;entr\u00e9e &#8211;\u00a0comme \u00e0\u00a0Marseille &#8211; malgr\u00e9 un bon d\u00e9but de la Team Strasbourg (4-6).\u00a0Mais sous l&rsquo;impulsion du Japonais Ogihara, Aix revenait dans les clous avant la mi-temps (7-7). \u00a0\u00bb Je ne sais pas comment expliquer cette f\u00e9brilit\u00e9, rajoute le coach alsacien. Oui, peut-\u00eatre la pression parce que c&rsquo;est toujours difficile de gagner ici. On s&rsquo;est mis un peu de pression pour rien\u00a0\u00bb.<\/p>\n<p>Parce que derri\u00e8re, Strasbourg a d\u00e9roul\u00e9 bien aid\u00e9 par un Hugo Fontani toujours aussi pr\u00e9cieux (12 arr\u00eats) mais surtout d&rsquo;un Martin Gardasevic intenable et surtout chirurgical devant le but avec ses 9 r\u00e9alisations. Le meilleur marqueur de ce championnat Elite (19 buts) a fait autant de d\u00e9g\u00e2ts au tableau d&rsquo;affichage que dans les t\u00eates aixoises. Strasbourg s&rsquo;envolait pour garder une avance de +\u00a03 avant la derni\u00e8re p\u00e9riode (12-15). Le public nombreux et la banda attendaient un final en guise de feux d&rsquo;artifice c\u00f4t\u00e9 du PAN mais cette \u00e9quipe en reconstruction et amput\u00e9e de quelques bless\u00e9s dont Luca Beteille n&rsquo;avait plus la force de tout renverser comme la saison derni\u00e8re. \u00ab\u00a0La d\u00e9faite est p\u00e9nible, terminait Alexandre Colin. On a perdu mais il y a eu de bonnes choses mais nous sommes encore en construction avec un effectif qui a \u00e9norm\u00e9ment boug\u00e9, donc on va laisser un peu de temps \u00e0 tout le monde mais je sais qu&rsquo;on est sur la bonne voie\u00a0\u00bb.<\/p>\n<p>PAN 13\u00a0 &#8211;\u00a0 Strasbourg 17<\/p>\n<p><strong>Piscine Yves-Blanc. Arbitres\u00a0: M.\u00a0Delon et Dervieux.\u00a0Quarts-temps\u00a0: 3-4, 4-3, 5-8, 1-2<\/strong>&#13;\n<\/p>\n<p><strong>PAN &#8211; gardiens\u00a0: Kandic (8 arr\u00eats) et Plouzeau. Buteurs\u00a0: Bachelier (1), Scorletti, Yutmaz (1), Drah\u00e9 (1), Braise -Fernandez, M.\u00a0Lena (1), Ogihara (6), T.\u00a0Beteille, Hellebuyck, Cavano (3), JB Lena, Moutet. 10\u00a0exclusions dont une d\u00e9finitive (Drah\u00e9). Entra\u00eeneurs\u00a0: Alexandre Colin et Enzo Khasz.<\/strong>&#13;\n<\/p>\n<p><strong>Strasbourg &#8211; gardiens\u00a0: Fontani (12 arr\u00eats) et Dutet. Buteurs\u00a0: Jovanovic, A.\u00a0Mehdi, Ad. Mehdi (1), Rubashvili, Furman, Vitrant (1), Gardasevic (8), Denux (1), P.\u00a0Chandieu (2), Kujacic (4), Mas. 12 exclusions dont une d\u00e9finitive (Furman). Entra\u00eeneur\u00a0: Olivier Chandieu.<\/strong><\/p>\n","protected":false},"excerpt":{"rendered":"On savait que le duel entre Aixois et Strasbourgeois alimente depuis plusieurs saisons une saine rivalit\u00e9 dans les&hellip;\n","protected":false},"author":2,"featured_media":474271,"comment_status":"","ping_status":"","sticky":false,"template":"","format":"standard","meta":{"footnotes":""},"categories":[2820],"tags":[17,1111,11,1777,674,2823,1011,27,775,59766,12,59765,1439,25,3711,60,640,7488],"class_list":{"0":"post-474270","1":"post","2":"type-post","3":"status-publish","4":"format-standard","5":"has-post-thumbnail","7":"category-strasbourg","8":"tag-17","9":"tag-actu","10":"tag-actualites","11":"tag-eu","12":"tag-europe","13":"tag-face","14":"tag-fr","15":"tag-france","16":"tag-grand-est","17":"tag-invincibilite","18":"tag-news","19":"tag-pan","20":"tag-perd","21":"tag-republique-francaise","22":"tag-son","23":"tag-sports","24":"tag-strasbourg","25":"tag-water-polo"},"share_on_mastodon":{"url":"https:\/\/pubeurope.com\/@fr\/115399604549790348","error":""},"_links":{"self":[{"href":"https:\/\/www.europesays.com\/fr\/wp-json\/wp\/v2\/posts\/474270","targetHints":{"allow":["GET"]}}],"collection":[{"href":"https:\/\/www.europesays.com\/fr\/wp-json\/wp\/v2\/posts"}],"about":[{"href":"https:\/\/www.europesays.com\/fr\/wp-json\/wp\/v2\/types\/post"}],"author":[{"embeddable":true,"href":"https:\/\/www.europesays.com\/fr\/wp-json\/wp\/v2\/users\/2"}],"replies":[{"embeddable":true,"href":"https:\/\/www.europesays.com\/fr\/wp-json\/wp\/v2\/comments?post=474270"}],"version-history":[{"count":0,"href":"https:\/\/www.europesays.com\/fr\/wp-json\/wp\/v2\/posts\/474270\/revisions"}],"wp:featuredmedia":[{"embeddable":true,"href":"https:\/\/www.europesays.com\/fr\/wp-json\/wp\/v2\/media\/474271"}],"wp:attachment":[{"href":"https:\/\/www.europesays.com\/fr\/wp-json\/wp\/v2\/media?parent=474270"}],"wp:term":[{"taxonomy":"category","embeddable":true,"href":"https:\/\/www.europesays.com\/fr\/wp-json\/wp\/v2\/categories?post=474270"},{"taxonomy":"post_tag","embeddable":true,"href":"https:\/\/www.europesays.com\/fr\/wp-json\/wp\/v2\/tags?post=474270"}],"curies":[{"name":"wp","href":"https:\/\/api.w.org\/{rel}","templated":true}]}}