{"id":474274,"date":"2025-10-19T07:17:14","date_gmt":"2025-10-19T07:17:14","guid":{"rendered":"https:\/\/www.europesays.com\/fr\/474274\/"},"modified":"2025-10-19T07:17:14","modified_gmt":"2025-10-19T07:17:14","slug":"linterruption-du-match-nice-lyon-apres-un-chant-anti-daech-juge-homophobe-fait-polemique","status":"publish","type":"post","link":"https:\/\/www.europesays.com\/fr\/474274\/","title":{"rendered":"L&rsquo;interruption du match Nice-Lyon apr\u00e8s un chant anti-Daech jug\u00e9 homophobe fait pol\u00e9mique"},"content":{"rendered":"<ul class=\"jsx-862013697 ArticleChapo__List\">\n<li class=\"jsx-862013697 ArticleChapo__List_Item flex\">L&rsquo;arbitre de la rencontre comptant pour la 8e journ\u00e9e de L1, ce samedi 18 octobre, \u00e0 l\u2019Allianz Riviera entre l&rsquo;OGC Nice et l&rsquo;OL a fait le choix d&rsquo;interrompre le jeu.<\/li>\n<li class=\"jsx-862013697 ArticleChapo__List_Item flex\">Il a expliqu\u00e9 avoir voulu \u00ab\u00a0appliquer les consignes\u00a0\u00bb alors qu&rsquo;un chant contre Daech jug\u00e9 homophobe s&rsquo;\u00e9levait des tribunes \u00e0 la 86e minute, moment choisi depuis plusieurs ann\u00e9es pour rendre hommage aux victimes de l&rsquo;attentat du 14 juillet.<\/li>\n<li class=\"jsx-862013697 ArticleChapo__List_Item flex\">Le maire Christian Estrosi, son principal opposant aux prochaines municipales \u00c9ric Ciotti et le pr\u00e9sident du club ni\u00e7ois ont d\u00e9nonc\u00e9 une d\u00e9cision \u00ab\u00a0totalement incompr\u00e9hensible\u00a0\u00bb de l&rsquo;homme en noir.<\/li>\n<\/ul>\n<p data-module=\"article-paragraph\" class=\"jsx-3046738180 Paragraph Paragraph__End\">Ils se feront face en mars lors des municipales. Mais Christian Estrosi et \u00c9ric Ciotti ont presque parl\u00e9 d&rsquo;une seule voix apr\u00e8s l&rsquo;interruption du match de football Nice-Lyon comptant pour la 8e journ\u00e9e de L1 ce samedi 18 octobre (3-2). L&rsquo;arbitre de la rencontre, J\u00e9r\u00f4me Brisard, a arr\u00eat\u00e9 le jeu quelques instants dans le dernier quart d&rsquo;heure lors d&rsquo;une s\u00e9quence ch\u00e8re aux supporters ni\u00e7ois.\u00a0<\/p>\n<p data-module=\"article-paragraph\" class=\"jsx-3046738180 Paragraph Paragraph__End\">Le public de l&rsquo;Allianz Riviera a pris l&rsquo;habitude de rendre hommage aux 86 personnes tu\u00e9es dans l&rsquo;attentat du 14 juillet 2016 \u00e0 la 86e minute de chaque match disput\u00e9 \u00e0 domicile. Un c\u0153ur form\u00e9 du nom des victimes s&rsquo;affiche sur les \u00e9crans du stade et le public se manifeste avec des milliers de lumi\u00e8res de t\u00e9l\u00e9phones mobiles, ainsi que des chants, venus de la tribune populaire sud, dont un \u00ab\u00a0Daech, Daech, on t&rsquo;enc&#8230;\u00a0\u00bb.\u00a0<\/p>\n<blockquote data-testid=\"EmbedTwitter\" id=\"tweet-1979622493414686925-:R9acmj9n79m:\" class=\"jsx-aeff1a1c40f54d7a twitter-tweet flex justify-center items-center\"><p>\ud835\udc70\ud835\udc8f\ud835\udc82\ud835\udc84\ud835\udc84\ud835\udc86\ud835\udc91\ud835\udc95\ud835\udc82\ud835\udc83\ud835\udc8d\ud835\udc86. #ogcnol \u2014 OGC Nice (@ogcnice)  October 18, 2025<\/p><\/blockquote>\n<p data-module=\"article-paragraph\" class=\"jsx-3046738180 Paragraph Paragraph__End\">Des propos jug\u00e9s homophobes par l&rsquo;arbitre qui, ce samedi, a demand\u00e9 au speaker officiel de faire cesser les chants. Le jeu a \u00e9t\u00e9 interrompu deux minutes puis les m\u00eames exclamations ont repris durant plusieurs secondes d\u00e8s que le jeu a repris. Christian Estrosi a d\u00e9nonc\u00e9 sur X la \u00ab\u00a0d\u00e9cision totalement incompr\u00e9hensible d&rsquo;interrompre la partie \u00e0 la 86e minute, apr\u00e8s le traditionnel chant de nos supporters de la populaire sud contre Daech et en forme d&rsquo;hommage aux victimes de l&rsquo;attentat du 14 juillet\u00a0\u00bb, ajoutant qu'\u00a0\u00bbun peu de pr\u00e9paration et de discernement ne feraient pas de mal dans ces situations\u00a0\u00bb.\u00a0\u00a0<\/p>\n<blockquote class=\"jsx-2786790838 Quote__Text\"><p>C&rsquo;est un manque de respect pour les victimes du 14 juillet, leurs familles, et toute la ville de Nice<\/p><\/blockquote>\n<p>Fabrice Bocquet, pr\u00e9sident de l&rsquo;OGC Nice<\/p>\n<p data-module=\"article-paragraph\" class=\"jsx-3046738180 Paragraph Paragraph__End\">\u00c9ric Ciotti a, lui, critiqu\u00e9 sur le m\u00eame r\u00e9seau social \u00ab\u00a0le manque total de discernement\u00a0\u00bb de l&rsquo;arbitre et du d\u00e9l\u00e9gu\u00e9 de la rencontre. \u00ab\u00a0Depuis 2016, la (tribune, ndlr) populaire sud et de nombreux supporters expriment ce que nous pensons tous : un message contre Daech, en hommage aux victimes. Je veux ce soir leur dire mon soutien\u00a0\u00bb, a-t-il \u00e9crit.\u00a0<\/p>\n<p><a href=\"https:\/\/www.tf1info.fr\/societe\/14-juillet-pourquoi-calogero-a-t-il-ete-choisi-pour-chanter-pour-les-victimes-de-l-attentat-de-nice-2058370.html\" rel=\"noopener\" class=\"jsx-3308031228 Link flex\" target=\"_blank\"><img decoding=\"async\" src=\"https:\/\/www.europesays.com\/fr\/wp-content\/uploads\/2025\/10\/calogero-2-cedb08-0@1x.jpeg\" alt=\"PJB\/SIPA\" loading=\"lazy\" importance=\"low\" fetchpriority=\"low\" class=\"\" aria-hidden=\"true\"\/><\/p>\n<p class=\"jsx-3657663356 ReadMoreArticle__Title\">Lire aussi<\/p>\n<p class=\"jsx-3657663356\">14-Juillet : pourquoi Calogero a-t-il \u00e9t\u00e9 choisi pour chanter pour les victimes de l&rsquo;attentat de Nice ?<\/p>\n<p><\/a><\/p>\n<p data-module=\"article-paragraph\" class=\"jsx-3046738180 Paragraph\">Le pr\u00e9sident de l&rsquo;OGC Nice Fabrice Bocquet a, de son c\u00f4t\u00e9, d\u00e9plor\u00e9 une d\u00e9cision \u00ab\u00a0inacceptable\u00a0\u00bb. \u00ab\u00a0L\u2019histoire retiendra qu\u2019un match de Ligue 1 a \u00e9t\u00e9 arr\u00eat\u00e9 par un arbitre apr\u00e8s qu\u2019un public a eu des mots licencieux envers une organisation terroriste ayant endeuill\u00e9 une ville fran\u00e7aise\u00a0\u00bb, souligne un communiqu\u00e9 du club ni\u00e7ois qui s&rsquo;offusque contre \u00ab\u00a0un manque de respect pour les victimes du 14 juillet, leurs familles, et toute la ville de Nice. Pas seulement l\u2019OGC Nice\u00a0\u00bb. \u00a0<\/p>\n<p data-module=\"article-paragraph\" class=\"jsx-3046738180 Paragraph Paragraph__End\">\u00ab\u00a0Nous avons extr\u00eamement mal v\u00e9cu ce moment\u00a0\u00bb, insiste le pr\u00e9sident du club. \u00ab\u00a0L\u2019arbitre m\u2019a dit ne pas \u00eatre au courant et avoir voulu appliquer les consignes qui sont faites\u00a0\u00bb, ajoute-t-il. \u00a0\u00ab\u00a0C\u2019est un manque de pr\u00e9paration et de sensibilit\u00e9, et cela n\u2019aurait jamais d\u00fb se produire, ce que le d\u00e9l\u00e9gu\u00e9 a convenu. L\u2019arbitre a pr\u00e9sent\u00e9 ses excuses. Nous ferons d\u00e8s cette semaine le n\u00e9cessaire aupr\u00e8s de la FFF, de Philippe Diallo et d\u2019Anthony Gautier (directeur de l\u2019arbitrage) pour que cela ne se reproduise jamais\u00a0\u00bb, conclut-il.<\/p>\n<p>D.D.F. avec AFP<\/p>\n","protected":false},"excerpt":{"rendered":"L&rsquo;arbitre de la rencontre comptant pour la 8e journ\u00e9e de L1, ce samedi 18 octobre, \u00e0 l\u2019Allianz Riviera&hellip;\n","protected":false},"author":2,"featured_media":474275,"comment_status":"","ping_status":"","sticky":false,"template":"","format":"standard","meta":{"footnotes":""},"categories":[2819],"tags":[1111,11,1921,5581,2397,33711,6537,1777,674,1011,27,1922,303,12,2401,882,25,1254,133,4712],"class_list":{"0":"post-474274","1":"post","2":"type-post","3":"status-publish","4":"format-standard","5":"has-post-thumbnail","7":"category-nice","8":"tag-actu","9":"tag-actualites","10":"tag-article-video","11":"tag-attentat","12":"tag-christian-estrosi","13":"tag-daech","14":"tag-eric-ciotti","15":"tag-eu","16":"tag-europe","17":"tag-fr","18":"tag-france","19":"tag-info","20":"tag-justice","21":"tag-news","22":"tag-nice","23":"tag-provence-alpes-cote-dazur","24":"tag-republique-francaise","25":"tag-terrorisme","26":"tag-video","27":"tag-video-sports"},"share_on_mastodon":{"url":"https:\/\/pubeurope.com\/@fr\/115399612413065647","error":""},"_links":{"self":[{"href":"https:\/\/www.europesays.com\/fr\/wp-json\/wp\/v2\/posts\/474274","targetHints":{"allow":["GET"]}}],"collection":[{"href":"https:\/\/www.europesays.com\/fr\/wp-json\/wp\/v2\/posts"}],"about":[{"href":"https:\/\/www.europesays.com\/fr\/wp-json\/wp\/v2\/types\/post"}],"author":[{"embeddable":true,"href":"https:\/\/www.europesays.com\/fr\/wp-json\/wp\/v2\/users\/2"}],"replies":[{"embeddable":true,"href":"https:\/\/www.europesays.com\/fr\/wp-json\/wp\/v2\/comments?post=474274"}],"version-history":[{"count":0,"href":"https:\/\/www.europesays.com\/fr\/wp-json\/wp\/v2\/posts\/474274\/revisions"}],"wp:featuredmedia":[{"embeddable":true,"href":"https:\/\/www.europesays.com\/fr\/wp-json\/wp\/v2\/media\/474275"}],"wp:attachment":[{"href":"https:\/\/www.europesays.com\/fr\/wp-json\/wp\/v2\/media?parent=474274"}],"wp:term":[{"taxonomy":"category","embeddable":true,"href":"https:\/\/www.europesays.com\/fr\/wp-json\/wp\/v2\/categories?post=474274"},{"taxonomy":"post_tag","embeddable":true,"href":"https:\/\/www.europesays.com\/fr\/wp-json\/wp\/v2\/tags?post=474274"}],"curies":[{"name":"wp","href":"https:\/\/api.w.org\/{rel}","templated":true}]}}