{"id":474276,"date":"2025-10-19T07:18:11","date_gmt":"2025-10-19T07:18:11","guid":{"rendered":"https:\/\/www.europesays.com\/fr\/474276\/"},"modified":"2025-10-19T07:18:11","modified_gmt":"2025-10-19T07:18:11","slug":"sautron-quand-la-cour-de-lecole-se-connecte-a-la-nature-sport","status":"publish","type":"post","link":"https:\/\/www.europesays.com\/fr\/474276\/","title":{"rendered":"Sautron. Quand la cour de l\u2019\u00e9cole se connecte \u00e0 la nature . Sport"},"content":{"rendered":"<p>Dans la vaste cour de l\u2019\u00e9cole de la For\u00eat, \u00e0 Sautron, \u00e0 l\u2019ombre des grands ch\u00eanes, une classe nature s\u2019est install\u00e9e. Cet espace de classe en plein air a \u00e9t\u00e9 r\u00e9alis\u00e9 par l\u2019association de r\u00e9insertion Trajet. Des troncs d\u2019arbres couch\u00e9s par les temp\u00eates ont \u00e9t\u00e9 d\u00e9bit\u00e9s puis install\u00e9s en cercles pour transformer un coin de la cour en un lieu d\u2019apprentissage apaisant, directement connect\u00e9 \u00e0 la nature. D\u00e9j\u00e0 largement pratiqu\u00e9e dans les pays du Nord, cette p\u00e9dagogie en ext\u00e9rieur sensibilise les enfants \u00e0 la biodiversit\u00e9, favorise la concentration, le bien-\u00eatre, la r\u00e9duction du stress. Un espace parfait pour raconter des histoires ou inventer des jeux.<\/p>\n<p>\u00a0Les enfants se sont rapidement appropri\u00e9 les lieux durant la r\u00e9cr\u00e9ation et appr\u00e9cient les moments scolaires avec leur enseignant\u00a0, souligne la directrice de l\u2019\u00e9cole.<\/p>\n<p>\u00a0<\/p>\n","protected":false},"excerpt":{"rendered":"Dans la vaste cour de l\u2019\u00e9cole de la For\u00eat, \u00e0 Sautron, \u00e0 l\u2019ombre des grands ch\u00eanes, une classe&hellip;\n","protected":false},"author":2,"featured_media":474277,"comment_status":"","ping_status":"","sticky":false,"template":"","format":"standard","meta":{"footnotes":""},"categories":[2818],"tags":[1111,11,3809,1465,1777,674,63,1011,27,1792,1922,766,12,2636,25,479,517,1470],"class_list":{"0":"post-474276","1":"post","2":"type-post","3":"status-publish","4":"format-standard","5":"has-post-thumbnail","7":"category-nantes","8":"tag-actu","9":"tag-actualites","10":"tag-ball","11":"tag-basket","12":"tag-eu","13":"tag-europe","14":"tag-football","15":"tag-fr","16":"tag-france","17":"tag-handball","18":"tag-info","19":"tag-nantes","20":"tag-news","21":"tag-pays-de-la-loire","22":"tag-republique-francaise","23":"tag-rugby","24":"tag-sport","25":"tag-volley"},"share_on_mastodon":{"url":"https:\/\/pubeurope.com\/@fr\/115399616394919642","error":""},"_links":{"self":[{"href":"https:\/\/www.europesays.com\/fr\/wp-json\/wp\/v2\/posts\/474276","targetHints":{"allow":["GET"]}}],"collection":[{"href":"https:\/\/www.europesays.com\/fr\/wp-json\/wp\/v2\/posts"}],"about":[{"href":"https:\/\/www.europesays.com\/fr\/wp-json\/wp\/v2\/types\/post"}],"author":[{"embeddable":true,"href":"https:\/\/www.europesays.com\/fr\/wp-json\/wp\/v2\/users\/2"}],"replies":[{"embeddable":true,"href":"https:\/\/www.europesays.com\/fr\/wp-json\/wp\/v2\/comments?post=474276"}],"version-history":[{"count":0,"href":"https:\/\/www.europesays.com\/fr\/wp-json\/wp\/v2\/posts\/474276\/revisions"}],"wp:featuredmedia":[{"embeddable":true,"href":"https:\/\/www.europesays.com\/fr\/wp-json\/wp\/v2\/media\/474277"}],"wp:attachment":[{"href":"https:\/\/www.europesays.com\/fr\/wp-json\/wp\/v2\/media?parent=474276"}],"wp:term":[{"taxonomy":"category","embeddable":true,"href":"https:\/\/www.europesays.com\/fr\/wp-json\/wp\/v2\/categories?post=474276"},{"taxonomy":"post_tag","embeddable":true,"href":"https:\/\/www.europesays.com\/fr\/wp-json\/wp\/v2\/tags?post=474276"}],"curies":[{"name":"wp","href":"https:\/\/api.w.org\/{rel}","templated":true}]}}