{"id":474278,"date":"2025-10-19T07:19:16","date_gmt":"2025-10-19T07:19:16","guid":{"rendered":"https:\/\/www.europesays.com\/fr\/474278\/"},"modified":"2025-10-19T07:19:16","modified_gmt":"2025-10-19T07:19:16","slug":"les-decorations-feeriques-de-noel-du-celebre-passage-pommeraye-sont-menacees","status":"publish","type":"post","link":"https:\/\/www.europesays.com\/fr\/474278\/","title":{"rendered":"les d\u00e9corations f\u00e9eriques de No\u00ebl du c\u00e9l\u00e8bre passage Pommeraye sont menac\u00e9es"},"content":{"rendered":"<p>\n    Chaque ann\u00e9e, les sapins et guirlandes color\u00e9s suscitent l\u2019\u00e9merveillement. Mais les commer\u00e7ants de la galerie marchande, qui les financent, encha\u00eenent les crises et craignent de ne plus pouvoir les payer.<\/p>\n<p class=\"fig-paragraph\">C\u2019est une galerie marchande incontournable du\u00a0<a href=\"http:\/\/www.lefigaro.fr\/nantes\/le-centre-de-nantes-confronte-a-la-fermeture-de-plus-en-plus-de-commerces-20240622\" target=\"_blank\" data-fig-type=\"NewsFlash\" rel=\"noopener\" data-gtm-custom-categorie=\"navigation\" data-gtm-custom-action=\"crossclick\" data-gtm-custom-label=\"Contextuel\" data-gtm-event=\"customEventSPE\" data-fig-domain=\"LEFIGARO\">centre-ville de Nantes<\/a>. Le\u00a0<a href=\"http:\/\/www.lefigaro.fr\/voyages\/guides\/que-faire-a-nantes-nos-meilleures-idees-d-activites-20230202\" target=\"_blank\" data-fig-type=\"Article\" rel=\"noopener\" data-gtm-custom-categorie=\"navigation\" data-gtm-custom-action=\"crossclick\" data-gtm-custom-label=\"Contextuel\" data-gtm-event=\"customEventSPE\" data-fig-domain=\"LEFIGARO\">passage Pommeraye<\/a>, class\u00e9 monument historique, s\u00e9duit autant les consommateurs que les visiteurs. En p\u00e9riode\u00a0<a href=\"http:\/\/www.lefigaro.fr\/nantes\/accrochez-des-vraies-decos-et-pas-des-visages-sataniques-mobilisation-contre-le-noel-de-la-ville-de-nantes-20231123\" target=\"_blank\" data-fig-type=\"NewsFlash\" rel=\"noopener\" data-gtm-custom-categorie=\"navigation\" data-gtm-custom-action=\"crossclick\" data-gtm-custom-label=\"Contextuel\" data-gtm-event=\"customEventSPE\" data-fig-domain=\"LEFIGARO\">de No\u00ebl<\/a>, ce lieu qui regroupe 27 commer\u00e7ants se pare de ses plus beaux atours. Nombreux sont ceux qui s\u2019arr\u00eatent pour contempler les majestueuses d\u00e9corations traditionnelles. Pour rajouter de la magie \u00e0 l\u2019\u00e9v\u00e9nement, les professionnels aiment garder surprise la couleur des sapins, guirlandes et tapis assortis jusqu\u2019au d\u00e9voilement.<\/p>\n<p class=\"fig-paragraph\">Il y a un an, le violet avait apport\u00e9 une touche d\u2019originalit\u00e9. Cette ann\u00e9e, il devrait s\u2019agir d\u2019une couleur plus classique&#8230; Si le d\u00e9corum habituel est bien de retour. \u00abOn va essayer\u00bb, confie avec inqui\u00e9tude Nathalie Brucker, depuis sa bijouterie Byblos. Comme le r\u00e9v\u00e8le\u00a0<a href=\"https:\/\/www.ouest-france.fr\/pays-de-la-loire\/nantes-44000\/commerces-en-crise-est-ce-quil-y-aura-des-decorations-de-noel-passage-pommeraye-a-nantes-141dac1c-a50f-11f0-be69-69357557951a\" target=\"_blank\" rel=\"noopener\" data-gtm-custom-categorie=\"navigation\" data-gtm-custom-action=\"crossclick\" data-gtm-custom-label=\"Contextuel\" data-gtm-event=\"customEventSPE\">Presse Oc\u00e9an<\/a>, la pr\u00e9sidente de l\u2019association des commer\u00e7ants du passage Pommeraye n\u2019est pas sereine. Jusqu\u2019\u00e0 maintenant, les marchands finan\u00e7aient eux-m\u00eames les ornements, command\u00e9s \u00e0 un prestataire. Co\u00fbt de l\u2019op\u00e9ration\u00a0: 22.000 euros \u00e0 r\u00e9partir entre eux. Mais depuis quelques ann\u00e9es, le contexte \u00e9conomique rend de plus en plus difficile leur participation.<\/p>\n<p>    Devanture du passage Pommeraye, depuis la rue Santeuil.<br \/>\n                Colection personnelle<\/p>\n<p>                                    <a class=\"fig-a11y-skip a11y-hidden\" href=\"#fig-a11y-skip-main-inarticle\"><br \/>\n        Passer la publicit\u00e9<br \/>\n    <\/a><\/p>\n<p>Crises r\u00e9p\u00e9t\u00e9es<\/p>\n<p class=\"fig-paragraph\">\u00abOn en a connu, des crises\u00bb, soupire Nathalie Brucker, \u00e9num\u00e9rant d\u2019abord celle mondiale de 2008, puis les\u00a0<a href=\"http:\/\/www.lefigaro.fr\/vox\/dossier\/gilets-jaunes-intellectuels\" target=\"_blank\" data-fig-type=\"Topic\" rel=\"noopener\" data-gtm-custom-categorie=\"navigation\" data-gtm-custom-action=\"crossclick\" data-gtm-custom-label=\"Contextuel\" data-gtm-event=\"customEventSPE\" data-fig-domain=\"LEFIGARO\">\u00abgilets jaunes\u00bb<\/a>, les opposants \u00e0 l\u2019a\u00e9roport de\u00a0<a href=\"https:\/\/video.lefigaro.fr\/figaro\/medias\/nantes-saccagee-apres-la-manifestion-anti-aeroport-qui-sont-les-casseurs-1-20140223\" target=\"_blank\" data-fig-type=\"Video\" rel=\"noopener\" data-gtm-custom-categorie=\"navigation\" data-gtm-custom-action=\"crossclick\" data-gtm-custom-label=\"Contextuel\" data-gtm-event=\"customEventSPE\" data-fig-domain=\"LEFIGARO\">Notre-Dame-des-Landes<\/a>\u00a0entra\u00eenant des violences dans le centre-ville, le Covid, les manifestations\u00a0<a href=\"http:\/\/www.lefigaro.fr\/nantes\/tu-veux-montrer-quoi-en-cassant-le-coup-de-gueule-des-commercants-nantais-victimes-des-casseurs-20230324\" target=\"_blank\" data-fig-type=\"Article\" rel=\"noopener\" data-gtm-custom-categorie=\"navigation\" data-gtm-custom-action=\"crossclick\" data-gtm-custom-label=\"Contextuel\" data-gtm-event=\"customEventSPE\" data-fig-domain=\"LEFIGARO\">contre la r\u00e9forme des retraites<\/a>&#8230; \u00abMais l\u00e0, c\u2019est vraiment costaud\u00bb, assure-t-elle, observant un manque de flux. Au contexte national et aux changements d\u2019habitude des consommateurs, s\u2019ajoutent\u00a0<a href=\"http:\/\/www.lefigaro.fr\/nantes\/a-nantes-les-commercants-en-grande-difficulte-face-aux-nombreux-travaux-du-centre-ville-20250217\" target=\"_blank\" data-fig-type=\"NewsFlash\" rel=\"noopener\" data-gtm-custom-categorie=\"navigation\" data-gtm-custom-action=\"crossclick\" data-gtm-custom-label=\"Contextuel\" data-gtm-event=\"customEventSPE\" data-fig-domain=\"LEFIGARO\">les travaux dans la ville<\/a>\u00a0et la pi\u00e9tonnisation croissante.<\/p>\n<p class=\"fig-paragraph\">Compte tenu de ces difficult\u00e9s, entra\u00eenant un chiffre d\u2019affaires en baisse, Nathalie Brucker, qui dirige la boutique la plus ancienne du passage, d\u00e9plore que \u00absept participations n\u2019aient pas \u00e9t\u00e9 honor\u00e9es en trois ans\u00bb. Et cela ne risque pas de s\u2019am\u00e9liorer. \u00abCela nous interpelle car les gens viennent pour les d\u00e9corations de No\u00ebl. S\u2019il y a moins de d\u00e9corations, cela am\u00e8nera moins de fr\u00e9quentation\u00bb, glisse une commer\u00e7ante voisine, confirmant que le sujet inqui\u00e8te dans la galerie. D\u2019autant que si certains arr\u00eatent de payer, pourquoi les autres continueraient de mettre la main \u00e0 la poche alors que les b\u00e9n\u00e9fices de visiteurs sont partag\u00e9s\u00a0?<\/p>\n<p class=\"fig-paragraph\">\u00abLes d\u00e9corations du passage Pommeraye sont en danger pour les ann\u00e9es \u00e0 venir\u00bb, r\u00e9sume Nathalie Brucker, qui n\u2019aime pourtant pas se plaindre. Recherchant activement des solutions pour boucler le budget, elle a particip\u00e9 pour la premi\u00e8re fois \u00e0 l\u2019appel \u00e0 projets pour les vitrines de No\u00ebl de la mairie. Cela permet de recevoir une subvention, m\u00eame si cela ne couvre pas tout. \u00abLe Passage Pommeraye a re\u00e7u le maximum, 5000 euros\u00bb, confirme Sara Gangloff, d\u00e9l\u00e9gu\u00e9e g\u00e9n\u00e9rale de Plein centre, l\u2019association des commer\u00e7ants du centre-ville partenaire de ce dispositif permettant aux boutiques de s\u2019associer pour proposer un projet de d\u00e9corations commun, en contrepartie d\u2019une aide.<\/p>\n<p>Aide bienvenue<\/p>\n<p class=\"fig-paragraph\">En 2024, 11 projets collectifs ont \u00e9t\u00e9 propos\u00e9s, regroupant 200 professionnels. \u00abBeaucoup de commer\u00e7ants ne feraient pas de d\u00e9corations s\u2019ils n\u2019avaient pas d\u2019aides suppl\u00e9mentaires de la ville. M\u00eame si la p\u00e9riode de No\u00ebl est importante, mettre 200 ou 300 euros pour cela, c\u2019est compliqu\u00e9 en ce moment\u00bb, souligne Sara Gangloff. Lanc\u00e9 l\u2019an dernier, l\u2019appel \u00e0 projets \u00aba \u00e9t\u00e9 un gros succ\u00e8s. On pensait ne le faire qu\u2019une fois. Comme \u00e7a a march\u00e9, on a d\u00e9cid\u00e9 de renouveler cette op\u00e9ration\u00bb, explique au Figaro l\u2019\u00e9lu nantais du quartier centre-ville et d\u00e9l\u00e9gu\u00e9 aux commerces Gildas Sala\u00fcn. Une enveloppe totale de 40.000 euros y est consacr\u00e9e. \u00abC\u2019est rare, voire unique en France. Ce n\u2019est pas forc\u00e9ment normal de venir aider les parties priv\u00e9es\u00bb, souligne l\u2019adjoint au maire, qui rappelle que la municipalit\u00e9 n\u2019a jamais rogn\u00e9 sur les investissements concernant No\u00ebl. Apr\u00e8s la pol\u00e9mique du\u00a0<a href=\"http:\/\/www.lefigaro.fr\/nantes\/petite-maman-noel-fete-de-la-creativite-l-etrange-noel-de-la-ville-de-nantes-20231117\" target=\"_blank\" data-fig-type=\"Article\" rel=\"noopener\" data-gtm-custom-categorie=\"navigation\" data-gtm-custom-action=\"crossclick\" data-gtm-custom-label=\"Contextuel\" data-gtm-event=\"customEventSPE\" data-fig-domain=\"LEFIGARO\">Voyage en Hiver<\/a>\u00a0de 2023, o\u00f9 certains regrettaient la disparition de d\u00e9corations traditionnelles, des guirlandes lumineuses avaient \u00e9t\u00e9 ajout\u00e9es dans les arbres.<\/p>\n<p class=\"fig-paragraph\">En revanche, aucune aide suppl\u00e9mentaire ne pourra \u00eatre attribu\u00e9e au passage Pommeraye. \u00abIl faut avoir \u00e0 l\u2019esprit qu\u2019une ville n\u2019a pas r\u00e9glementairement le droit de verser un financement \u00e0 un commerce\u00bb, rappelle Gildas Sala\u00fcn, expliquant que l\u2019appel \u00e0 projet des vitrines transite par exemple par Plein Centre. Les commer\u00e7ants du passage Pommeraye explorent donc d\u2019autres pistes, tel que le m\u00e9c\u00e9nat. \u00abNantes, sans le passage d\u00e9cor\u00e9, \u00e7a fera un vide&#8230;\u00bb, n\u2019ose imaginer la chef d\u2019entreprise Nathalie Brucker. \u00c0 moins qu\u2019un retour en arri\u00e8re ne s\u2019impose\u00a0? Implant\u00e9e ici depuis 39 ans, elle se souvient de ses premi\u00e8res ann\u00e9es o\u00f9 les commer\u00e7ants confectionnaient eux-m\u00eames leurs d\u00e9corations.<\/p>\n","protected":false},"excerpt":{"rendered":"Chaque ann\u00e9e, les sapins et guirlandes color\u00e9s suscitent l\u2019\u00e9merveillement. Mais les commer\u00e7ants de la galerie marchande, qui les&hellip;\n","protected":false},"author":2,"featured_media":474279,"comment_status":"","ping_status":"","sticky":false,"template":"","format":"standard","meta":{"footnotes":""},"categories":[2818],"tags":[1111,11,215,1777,674,1011,27,766,12,15830,2636,25],"class_list":{"0":"post-474278","1":"post","2":"type-post","3":"status-publish","4":"format-standard","5":"has-post-thumbnail","7":"category-nantes","8":"tag-actu","9":"tag-actualites","10":"tag-commerce","11":"tag-eu","12":"tag-europe","13":"tag-fr","14":"tag-france","15":"tag-nantes","16":"tag-news","17":"tag-noel","18":"tag-pays-de-la-loire","19":"tag-republique-francaise"},"share_on_mastodon":{"url":"https:\/\/pubeurope.com\/@fr\/115399620227290858","error":""},"_links":{"self":[{"href":"https:\/\/www.europesays.com\/fr\/wp-json\/wp\/v2\/posts\/474278","targetHints":{"allow":["GET"]}}],"collection":[{"href":"https:\/\/www.europesays.com\/fr\/wp-json\/wp\/v2\/posts"}],"about":[{"href":"https:\/\/www.europesays.com\/fr\/wp-json\/wp\/v2\/types\/post"}],"author":[{"embeddable":true,"href":"https:\/\/www.europesays.com\/fr\/wp-json\/wp\/v2\/users\/2"}],"replies":[{"embeddable":true,"href":"https:\/\/www.europesays.com\/fr\/wp-json\/wp\/v2\/comments?post=474278"}],"version-history":[{"count":0,"href":"https:\/\/www.europesays.com\/fr\/wp-json\/wp\/v2\/posts\/474278\/revisions"}],"wp:featuredmedia":[{"embeddable":true,"href":"https:\/\/www.europesays.com\/fr\/wp-json\/wp\/v2\/media\/474279"}],"wp:attachment":[{"href":"https:\/\/www.europesays.com\/fr\/wp-json\/wp\/v2\/media?parent=474278"}],"wp:term":[{"taxonomy":"category","embeddable":true,"href":"https:\/\/www.europesays.com\/fr\/wp-json\/wp\/v2\/categories?post=474278"},{"taxonomy":"post_tag","embeddable":true,"href":"https:\/\/www.europesays.com\/fr\/wp-json\/wp\/v2\/tags?post=474278"}],"curies":[{"name":"wp","href":"https:\/\/api.w.org\/{rel}","templated":true}]}}