{"id":474280,"date":"2025-10-19T07:21:03","date_gmt":"2025-10-19T07:21:03","guid":{"rendered":"https:\/\/www.europesays.com\/fr\/474280\/"},"modified":"2025-10-19T07:21:03","modified_gmt":"2025-10-19T07:21:03","slug":"volotea-entrevoit-encore-un-important-potentiel-de-croissance-depuis-bordeaux","status":"publish","type":"post","link":"https:\/\/www.europesays.com\/fr\/474280\/","title":{"rendered":"Volotea entrevoit encore un important potentiel de croissance depuis Bordeaux"},"content":{"rendered":"<p class=\"legende\">\n\t\t\t\t\t\t\t\t\tVolotea emploie 2.000 personnes, dont 900 en France. Cr\u00e9dit : Volotea\n\t\t\t\t\t\t\t\t<\/p>\n<p class=\"excerpt\">Pr\u00e9sente \u00e0 Bordeaux depuis 2013, la compagnie a\u00e9rienne Volotea revendique un r\u00f4le de premier plan dans la croissance de l\u2019a\u00e9roport de M\u00e9rignac. Elle entend tenir ce cap en 2026 et au-del\u00e0.<\/p>\n<p>Cet article premium vous int\u00e9resse ?<\/p>\n<p>Rejoignez nos 1000 adh\u00e9rents<\/p>\n<p>\n\t\t\t\t\t\t\t\t\t\t\t\t\t\tGagnez en visibilit\u00e9 et profitez d\u2019un r\u00e9seau de plusieurs centaines d\u2019adh\u00e9rents.\n\t\t\t\t\t\t\t\t\t\t\t\t\t<\/p>\n","protected":false},"excerpt":{"rendered":"Volotea emploie 2.000 personnes, dont 900 en France. Cr\u00e9dit : Volotea Pr\u00e9sente \u00e0 Bordeaux depuis 2013, la compagnie&hellip;\n","protected":false},"author":2,"featured_media":474281,"comment_status":"","ping_status":"","sticky":false,"template":"","format":"standard","meta":{"footnotes":""},"categories":[2817],"tags":[1111,11,1997,1777,674,1011,27,12,2219,5645,25],"class_list":{"0":"post-474280","1":"post","2":"type-post","3":"status-publish","4":"format-standard","5":"has-post-thumbnail","7":"category-bordeaux","8":"tag-actu","9":"tag-actualites","10":"tag-bordeaux","11":"tag-eu","12":"tag-europe","13":"tag-fr","14":"tag-france","15":"tag-news","16":"tag-nouvelle-aquitaine","17":"tag-placco-placeco","18":"tag-republique-francaise"},"share_on_mastodon":{"url":"https:\/\/pubeurope.com\/@fr\/115399628173042429","error":""},"_links":{"self":[{"href":"https:\/\/www.europesays.com\/fr\/wp-json\/wp\/v2\/posts\/474280","targetHints":{"allow":["GET"]}}],"collection":[{"href":"https:\/\/www.europesays.com\/fr\/wp-json\/wp\/v2\/posts"}],"about":[{"href":"https:\/\/www.europesays.com\/fr\/wp-json\/wp\/v2\/types\/post"}],"author":[{"embeddable":true,"href":"https:\/\/www.europesays.com\/fr\/wp-json\/wp\/v2\/users\/2"}],"replies":[{"embeddable":true,"href":"https:\/\/www.europesays.com\/fr\/wp-json\/wp\/v2\/comments?post=474280"}],"version-history":[{"count":0,"href":"https:\/\/www.europesays.com\/fr\/wp-json\/wp\/v2\/posts\/474280\/revisions"}],"wp:featuredmedia":[{"embeddable":true,"href":"https:\/\/www.europesays.com\/fr\/wp-json\/wp\/v2\/media\/474281"}],"wp:attachment":[{"href":"https:\/\/www.europesays.com\/fr\/wp-json\/wp\/v2\/media?parent=474280"}],"wp:term":[{"taxonomy":"category","embeddable":true,"href":"https:\/\/www.europesays.com\/fr\/wp-json\/wp\/v2\/categories?post=474280"},{"taxonomy":"post_tag","embeddable":true,"href":"https:\/\/www.europesays.com\/fr\/wp-json\/wp\/v2\/tags?post=474280"}],"curies":[{"name":"wp","href":"https:\/\/api.w.org\/{rel}","templated":true}]}}