{"id":474295,"date":"2025-10-19T07:30:15","date_gmt":"2025-10-19T07:30:15","guid":{"rendered":"https:\/\/www.europesays.com\/fr\/474295\/"},"modified":"2025-10-19T07:30:15","modified_gmt":"2025-10-19T07:30:15","slug":"le-lyon-lacrosse-vise-lequipe-de-france","status":"publish","type":"post","link":"https:\/\/www.europesays.com\/fr\/474295\/","title":{"rendered":"le Lyon Lacrosse vise l\u2019\u00e9quipe de France"},"content":{"rendered":"<p>Si vous les cherchez, elles s\u2019entra\u00eenent plusieurs fois par semaine sur un terrain qui n\u2019en est pas vraiment \u00e7a, plut\u00f4t un morceau d\u2019herbe &#8211; faute d\u2019aide -, en face des vrais terrains de rugby de l\u2019UFRAPS \u00e0 Villeurbanne. Cinq femmes, Meaghan, No\u00e9mie, Robyn, Manon, et Coraline accompagn\u00e9es de quelques hommes dont Nathan Delorme, le fondateur du Lyon Lacrosse, ont form\u00e9 une \u00e9quipe de f\u00e9minine de Lacrosse. Ce sport, encore assez m\u00e9connu en France, que vous avez probablement aper\u00e7u dans les films American Pie ou la s\u00e9rie Teen Wolf, <a href=\"https:\/\/www.ledauphine.com\/sport\/2025\/08\/14\/la-lacrosse-un-sport-ancestral\" target=\"_blank\" rel=\"nofollow noopener\">sera au programme des Jeux de Los Angeles en 2028<\/a>.<\/p>\n<p>L\u2019objectif, faire circuler le plus rapidement possible&#8230;<\/p>\n","protected":false},"excerpt":{"rendered":"Si vous les cherchez, elles s\u2019entra\u00eenent plusieurs fois par semaine sur un terrain qui n\u2019en est pas vraiment&hellip;\n","protected":false},"author":2,"featured_media":474296,"comment_status":"","ping_status":"","sticky":false,"template":"","format":"standard","meta":{"footnotes":""},"categories":[1889],"tags":[1111,11,2430,2757,1777,674,1011,27,2428,2756,12,25,517],"class_list":{"0":"post-474295","1":"post","2":"type-post","3":"status-publish","4":"format-standard","5":"has-post-thumbnail","7":"category-lyon","8":"tag-actu","9":"tag-actualites","10":"tag-auvergne-rhone-alpes","11":"tag-edition-lyon-villeurbanne","12":"tag-eu","13":"tag-europe","14":"tag-fr","15":"tag-france","16":"tag-lyon","17":"tag-lyon-bassin","18":"tag-news","19":"tag-republique-francaise","20":"tag-sport"},"share_on_mastodon":{"url":"https:\/\/pubeurope.com\/@fr\/115399663458260466","error":""},"_links":{"self":[{"href":"https:\/\/www.europesays.com\/fr\/wp-json\/wp\/v2\/posts\/474295","targetHints":{"allow":["GET"]}}],"collection":[{"href":"https:\/\/www.europesays.com\/fr\/wp-json\/wp\/v2\/posts"}],"about":[{"href":"https:\/\/www.europesays.com\/fr\/wp-json\/wp\/v2\/types\/post"}],"author":[{"embeddable":true,"href":"https:\/\/www.europesays.com\/fr\/wp-json\/wp\/v2\/users\/2"}],"replies":[{"embeddable":true,"href":"https:\/\/www.europesays.com\/fr\/wp-json\/wp\/v2\/comments?post=474295"}],"version-history":[{"count":0,"href":"https:\/\/www.europesays.com\/fr\/wp-json\/wp\/v2\/posts\/474295\/revisions"}],"wp:featuredmedia":[{"embeddable":true,"href":"https:\/\/www.europesays.com\/fr\/wp-json\/wp\/v2\/media\/474296"}],"wp:attachment":[{"href":"https:\/\/www.europesays.com\/fr\/wp-json\/wp\/v2\/media?parent=474295"}],"wp:term":[{"taxonomy":"category","embeddable":true,"href":"https:\/\/www.europesays.com\/fr\/wp-json\/wp\/v2\/categories?post=474295"},{"taxonomy":"post_tag","embeddable":true,"href":"https:\/\/www.europesays.com\/fr\/wp-json\/wp\/v2\/tags?post=474295"}],"curies":[{"name":"wp","href":"https:\/\/api.w.org\/{rel}","templated":true}]}}