{"id":474297,"date":"2025-10-19T07:32:09","date_gmt":"2025-10-19T07:32:09","guid":{"rendered":"https:\/\/www.europesays.com\/fr\/474297\/"},"modified":"2025-10-19T07:32:09","modified_gmt":"2025-10-19T07:32:09","slug":"jean-castex-remporte-une-grande-victoire-a-paris-avant-son-depart-a-la-sncf","status":"publish","type":"post","link":"https:\/\/www.europesays.com\/fr\/474297\/","title":{"rendered":"Jean Castex remporte une grande victoire \u00e0 Paris avant son d\u00e9part \u00e0 la SNCF"},"content":{"rendered":"<p>            Par<br \/>\n        <strong><br \/>\n            <a href=\"https:\/\/actu.fr\/auteur\/thomas-martin\" title=\"Consulter tous les articles de Thomas Martin\" target=\"_blank\" rel=\"noopener\">Thomas Martin<\/a><br \/>\n        <\/strong><\/p>\n<p>        Publi\u00e9 le<\/p>\n<p>            19 oct. 2025 \u00e0 8h02        <\/p>\n<p>\u00ab\u00a0C\u2019est magnifique\u00a0\u00bb. <a href=\"https:\/\/actu.fr\/tag\/valerie-pecresse\" target=\"_blank\" rel=\"noopener\">Val\u00e9rie P\u00e9cresse<\/a>, pr\u00e9sidente de la r\u00e9gion et d\u2019<a href=\"https:\/\/actu.fr\/tag\/ile-de-france-mobilites\" target=\"_blank\" rel=\"noopener\">\u00cele-de-France Mobilit\u00e9s<\/a> (IDFM), a fait part de sa joie de voir la <a href=\"https:\/\/actu.fr\/tag\/ratp\" target=\"_blank\" rel=\"noopener\">RATP<\/a>, via une filiale, remporter les appels d\u2019offre d\u2019ouverture \u00e0 la concurrence de toutes les <strong>lignes de bus de Paris intramuros<\/strong>. La R\u00e9gie continuera d\u2019\u00eatre le seul exploitant des bus parisiens, selon les r\u00e9sultats publi\u00e9s vendredi.<\/p>\n<p>Arriv\u00e9e de concurrents en \u00cele-de-France<\/p>\n<p class=\" wall-content\">Sur l\u2019ensemble de l\u2019Ile-de-France, la RATP a d\u00fb accepter l\u2019arriv\u00e9e de nouveaux comp\u00e9titeurs, mais conserve 70% de ses lignes (226 lignes, soit 3 543 autobus au total) et 75% de ses agents \u00e0 l\u2019issue du processus qui a enterr\u00e9 son monopole.<\/p>\n<p class=\" wall-content\">Ainsi le groupe italien ATM SPA, nouvel entrant, a remport\u00e9 l\u2019exploitation de 18 lignes de bus franciliennes.<\/p>\n<p class=\" wall-content\">Keolis, d\u00e9j\u00e0 pr\u00e9sent en grande couronne, a obtenu 65 lignes en petite couronne, 2 lignes de cars express, 3 lignes de transport \u00e0 la demande et la gestion du tramway T9. Le groupe germano-fran\u00e7ais Transdev exploitera 19 lignes.<\/p>\n<p class=\" wall-content\">Les deux lots attribu\u00e9s vendredi sont les derniers du processus d\u2019ouverture \u00e0 la concurrence des bus \u00e0 Paris et en petite couronne d\u00e9but\u00e9 en 2024.<\/p>\n<p class=\" wall-content\">L\u2019autorit\u00e9 organisatrice des transports IDFM a d\u00e9sign\u00e9 RATP Cap Ile-de-France, filiale de la RATP, comme op\u00e9rateur de ces deux lots qui regroupent les 66 lignes de bus parisiennes, sept centres op\u00e9rationnels, 1.149 v\u00e9hicules et 5.000 agents, qui desservent plus de 7 millions d\u2019habitants.<\/p>\n<p class=\" wall-content\">RATP Cap Ile de France les exploitera \u00e0 partir du 1er novembre 2026 pour une dur\u00e9e de sept ans, avec possibilit\u00e9 de prolongation pour deux ans suppl\u00e9mentaire, a pr\u00e9cis\u00e9 IDFM.<\/p>\n<p>Votre r\u00e9gion, votre actu !<\/p>\n<p>Recevez chaque jour les infos qui comptent pour vous.<\/p>\n<p>\t<a href=\"https:\/\/actu.fr\/newsletter\" class=\"ac-btn ac-btn--corner ac-btn--medium ac-btn--blue800\" target=\"_blank\" rel=\"noopener\">S&rsquo;incrire<\/a><br \/>\nJean Castex dans l\u2019attente de la validation de sa nomination<\/p>\n<p class=\" wall-content\">Val\u00e9rie P\u00e9cresse avait salu\u00e9 par avance jeudi la \u00ab\u00a0derni\u00e8re r\u00e9ussite\u00a0\u00bb de <a href=\"https:\/\/actu.fr\/tag\/jean-castex\" target=\"_blank\" rel=\"noopener\">Jean Castex<\/a>, PDG de la RATP en partance pour prendre la direction de la SNCF: \u00ab\u00a0il a r\u00e9ussi \u00e0 faire en sorte que tout le r\u00e9seau de bus de Paris reste dans le giron de la RATP, \u00e0 la loyale\u00a0\u00bb, a-t-elle dit.<\/p>\n<p class=\" wall-content\">Ce succ\u00e8s \u00ab\u00a0vient conclure un cycle d\u2019attributions exigeant et confirme la solidit\u00e9 de nos offres et la reconnaissance de notre expertise unique dans l\u2019exploitation de r\u00e9seaux urbains denses\u00a0\u00bb, a estim\u00e9 M. Castex.<\/p>\n<p class=\" wall-content\">Jeudi, il avait rappel\u00e9 l\u2019importance du \u00ab\u00a0plan bus 2025\u00a0\u00bb qui consiste \u00e0 faire passer l\u2019essentiel de la flotte bus du groupe RATP \u00ab\u00a0soit \u00e0 l\u2019\u00e9lectrique, soit au GNV, c\u2019est \u00e0 dire \u00e0 la verdir\u00a0\u00bb.\u00a0<br \/>\u00ab\u00a0Nous en sommes \u00e0 75% de ce programme, c\u2019est un chantier colossal\u00a0\u00bb, a-t-il dit.<\/p>\n<p class=\" wall-content\">La <a href=\"https:\/\/actu.fr\/societe\/premier-ministre-puis-president-de-la-ratp-jean-castex-choisi-par-emmanuel-macron-pour-diriger-la-sncf_63220730.html\" target=\"_blank\" rel=\"noopener\">nomination de Jean Castex<\/a> doit \u00eatre valid\u00e9e par des commissions parlementaires dont les travaux l\u00e9gislatifs \u00e9taient suspendus depuis la d\u00e9mission de S\u00e9bastien Lecornu.<\/p>\n<p class=\" wall-content\"><strong>AFP<\/strong><\/p>\n<p class=\" wall-content\">Personnalisez votre actualit\u00e9 en ajoutant vos villes et m\u00e9dias en favori avec <a href=\"https:\/\/moncompte.actu.fr\" title=\"D\u00e9couvez Mon Actu\" rel=\"nofollow noopener\" data-trk=\"{&quot;cta&quot;:{&quot;action&quot;:&quot;https:\\\/\\\/moncompte.actu.fr&quot;,&quot;category&quot;:&quot;mon compte&quot;,&quot;from&quot;:&quot;article footer&quot;,&quot;name&quot;:&quot;Mon actu&quot;,&quot;type&quot;:&quot;cta&quot;}}\" target=\"_blank\">Mon Actu<\/a>.<\/p>\n","protected":false},"excerpt":{"rendered":"Par Thomas Martin Publi\u00e9 le 19 oct. 2025 \u00e0 8h02 \u00ab\u00a0C\u2019est magnifique\u00a0\u00bb. Val\u00e9rie P\u00e9cresse, pr\u00e9sidente de la r\u00e9gion&hellip;\n","protected":false},"author":2,"featured_media":474298,"comment_status":"","ping_status":"","sticky":false,"template":"","format":"standard","meta":{"footnotes":""},"categories":[1592],"tags":[1111,11,1777,674,1011,27,662,34214,12,626,625,25,104,2328],"class_list":{"0":"post-474297","1":"post","2":"type-post","3":"status-publish","4":"format-standard","5":"has-post-thumbnail","7":"category-ile-de-france","8":"tag-actu","9":"tag-actualites","10":"tag-eu","11":"tag-europe","12":"tag-fr","13":"tag-france","14":"tag-ile-de-france","15":"tag-jean-castex","16":"tag-news","17":"tag-paris","18":"tag-ratp","19":"tag-republique-francaise","20":"tag-societe","21":"tag-valerie-pecresse"},"share_on_mastodon":{"url":"https:\/\/pubeurope.com\/@fr\/115399671472915619","error":""},"_links":{"self":[{"href":"https:\/\/www.europesays.com\/fr\/wp-json\/wp\/v2\/posts\/474297","targetHints":{"allow":["GET"]}}],"collection":[{"href":"https:\/\/www.europesays.com\/fr\/wp-json\/wp\/v2\/posts"}],"about":[{"href":"https:\/\/www.europesays.com\/fr\/wp-json\/wp\/v2\/types\/post"}],"author":[{"embeddable":true,"href":"https:\/\/www.europesays.com\/fr\/wp-json\/wp\/v2\/users\/2"}],"replies":[{"embeddable":true,"href":"https:\/\/www.europesays.com\/fr\/wp-json\/wp\/v2\/comments?post=474297"}],"version-history":[{"count":0,"href":"https:\/\/www.europesays.com\/fr\/wp-json\/wp\/v2\/posts\/474297\/revisions"}],"wp:featuredmedia":[{"embeddable":true,"href":"https:\/\/www.europesays.com\/fr\/wp-json\/wp\/v2\/media\/474298"}],"wp:attachment":[{"href":"https:\/\/www.europesays.com\/fr\/wp-json\/wp\/v2\/media?parent=474297"}],"wp:term":[{"taxonomy":"category","embeddable":true,"href":"https:\/\/www.europesays.com\/fr\/wp-json\/wp\/v2\/categories?post=474297"},{"taxonomy":"post_tag","embeddable":true,"href":"https:\/\/www.europesays.com\/fr\/wp-json\/wp\/v2\/tags?post=474297"}],"curies":[{"name":"wp","href":"https:\/\/api.w.org\/{rel}","templated":true}]}}