{"id":474299,"date":"2025-10-19T07:33:18","date_gmt":"2025-10-19T07:33:18","guid":{"rendered":"https:\/\/www.europesays.com\/fr\/474299\/"},"modified":"2025-10-19T07:33:18","modified_gmt":"2025-10-19T07:33:18","slug":"une-cycliste-tuee-par-un-poids-lourd-le-chauffeur-en-garde-a-vue","status":"publish","type":"post","link":"https:\/\/www.europesays.com\/fr\/474299\/","title":{"rendered":"une cycliste tu\u00e9e par un poids lourd, le chauffeur en garde \u00e0 vue"},"content":{"rendered":"<p>            Par<br \/>\n        <strong><br \/>\n            <a href=\"https:\/\/actu.fr\/auteur\/glenn-gillet\" title=\"Consulter tous les articles de Glenn Gillet\" target=\"_blank\" rel=\"noopener\">Glenn Gillet<\/a><br \/>\n        <\/strong><\/p>\n<p>        Publi\u00e9 le<\/p>\n<p>            19 oct. 2025 \u00e0 8h58        <\/p>\n<p>Une femme est <strong>morte<\/strong> apr\u00e8s avoir \u00e9t\u00e9 mortellement percut\u00e9e vendredi 17\u00a0octobre 2025 par un v\u00e9hicule<strong> poids lourd<\/strong> alors qu\u2019elle circulait \u00e0 <a href=\"https:\/\/actu.fr\/tag\/velo\" target=\"_blank\" rel=\"noopener\">v\u00e9lo<\/a> dans le 15e arrondissement de la capitale, a appris actu Paris aupr\u00e8s du parquet, confirmant une information du <a href=\"https:\/\/www.leparisien.fr\/paris-75\/paris-75015\/paris-une-cycliste-meurt-percutee-par-un-poids-lourd-le-conducteur-en-garde-a-vue-18-10-2025-DWFGTOO6SBDBRA3RZXBLZBOLJ4.php\" target=\"_blank\" rel=\"noopener\">Parisien<\/a>. Une enqu\u00eate pour \u00ab<strong>\u2009homicide involontaire<\/strong> par conducteur a \u00e9t\u00e9 ouverte\u2009\u00bb.<\/p>\n<p>Tests stup\u00e9fiants et alcool n\u00e9gatifs pour le conducteur<\/p>\n<p class=\" wall-content\">Le conducteur du v\u00e9hicule, \u00ab\u2009inconnu des services de police et de l\u2019autorit\u00e9 judiciaire\u2009\u00bb, a \u00e9t\u00e9 soumis \u00e0 des tests de d\u00e9pistage alcool et stup\u00e9fiants qui se sont r\u00e9v\u00e9l\u00e9s n\u00e9gatifs, pr\u00e9cise le parquet. Il a \u00e9t\u00e9 <strong>plac\u00e9 en garde<\/strong>, une mesure qui a \u00e9t\u00e9 prolong\u00e9e samedi en milieu de journ\u00e9e.<\/p>\n<p class=\" wall-content\">Ce drame intervient seulement quelques jours apr\u00e8s la sortie d\u2019un <a href=\"https:\/\/actu.fr\/ile-de-france\/paris_75056\/les-accidents-graves-de-la-circulation-en-baisse-a-paris-excepte-pour-cette-categorie-d-usagers_63305635.html\" target=\"_blank\" rel=\"noopener\">rapport annuel<\/a> publi\u00e9 un an apr\u00e8s la <a href=\"https:\/\/actu.fr\/ile-de-france\/paris_75056\/paris-une-piste-cyclable-bientot-nommee-en-hommage-a-paul-varry-cycliste-tue-par-un-automobiliste_62850052.html\" target=\"_blank\" rel=\"noopener\">mort du cycliste Paul Varry<\/a>, percut\u00e9 par un v\u00e9hicule SUV dans le 17e arrondissement de Paris, qui fait \u00e9tat de <strong>69 cyclistes tu\u00e9s ou bless\u00e9s<\/strong> lors d\u2019accidents de la circulation dans la capitale en 2024, soit huit de plus que l\u2019ann\u00e9e pr\u00e9c\u00e9dente.<\/p>\n<p class=\" wall-content\">Personnalisez votre actualit\u00e9 en ajoutant vos villes et m\u00e9dias en favori avec <a href=\"https:\/\/moncompte.actu.fr\" title=\"D\u00e9couvez Mon Actu\" rel=\"nofollow noopener\" data-trk=\"{&quot;cta&quot;:{&quot;action&quot;:&quot;https:\\\/\\\/moncompte.actu.fr&quot;,&quot;category&quot;:&quot;mon compte&quot;,&quot;from&quot;:&quot;article footer&quot;,&quot;name&quot;:&quot;Mon actu&quot;,&quot;type&quot;:&quot;cta&quot;}}\" target=\"_blank\">Mon Actu<\/a>.<\/p>\n","protected":false},"excerpt":{"rendered":"Par Glenn Gillet Publi\u00e9 le 19 oct. 2025 \u00e0 8h58 Une femme est morte apr\u00e8s avoir \u00e9t\u00e9 mortellement&hellip;\n","protected":false},"author":2,"featured_media":474300,"comment_status":"","ping_status":"","sticky":false,"template":"","format":"standard","meta":{"footnotes":""},"categories":[1888],"tags":[119,1111,1928,11,1927,1777,674,118,1011,27,12,1926,626,1925,25,4595,208],"class_list":{"0":"post-474299","1":"post","2":"type-post","3":"status-publish","4":"format-standard","5":"has-post-thumbnail","7":"category-paris","8":"tag-accident","9":"tag-actu","10":"tag-actu-paris","11":"tag-actualites","12":"tag-actualites-paris","13":"tag-eu","14":"tag-europe","15":"tag-faits-divers","16":"tag-fr","17":"tag-france","18":"tag-news","19":"tag-news-paris","20":"tag-paris","21":"tag-paris-news","22":"tag-republique-francaise","23":"tag-tribunal-de-paris","24":"tag-velo"},"share_on_mastodon":{"url":"https:\/\/pubeurope.com\/@fr\/115399675481973091","error":""},"_links":{"self":[{"href":"https:\/\/www.europesays.com\/fr\/wp-json\/wp\/v2\/posts\/474299","targetHints":{"allow":["GET"]}}],"collection":[{"href":"https:\/\/www.europesays.com\/fr\/wp-json\/wp\/v2\/posts"}],"about":[{"href":"https:\/\/www.europesays.com\/fr\/wp-json\/wp\/v2\/types\/post"}],"author":[{"embeddable":true,"href":"https:\/\/www.europesays.com\/fr\/wp-json\/wp\/v2\/users\/2"}],"replies":[{"embeddable":true,"href":"https:\/\/www.europesays.com\/fr\/wp-json\/wp\/v2\/comments?post=474299"}],"version-history":[{"count":0,"href":"https:\/\/www.europesays.com\/fr\/wp-json\/wp\/v2\/posts\/474299\/revisions"}],"wp:featuredmedia":[{"embeddable":true,"href":"https:\/\/www.europesays.com\/fr\/wp-json\/wp\/v2\/media\/474300"}],"wp:attachment":[{"href":"https:\/\/www.europesays.com\/fr\/wp-json\/wp\/v2\/media?parent=474299"}],"wp:term":[{"taxonomy":"category","embeddable":true,"href":"https:\/\/www.europesays.com\/fr\/wp-json\/wp\/v2\/categories?post=474299"},{"taxonomy":"post_tag","embeddable":true,"href":"https:\/\/www.europesays.com\/fr\/wp-json\/wp\/v2\/tags?post=474299"}],"curies":[{"name":"wp","href":"https:\/\/api.w.org\/{rel}","templated":true}]}}