{"id":474313,"date":"2025-10-19T07:40:15","date_gmt":"2025-10-19T07:40:15","guid":{"rendered":"https:\/\/www.europesays.com\/fr\/474313\/"},"modified":"2025-10-19T07:40:15","modified_gmt":"2025-10-19T07:40:15","slug":"185-migrants-secourus-en-tentant-de-rejoindre-langleterre","status":"publish","type":"post","link":"https:\/\/www.europesays.com\/fr\/474313\/","title":{"rendered":"185 migrants secourus en tentant de rejoindre l\u2019Angleterre"},"content":{"rendered":"<p>\t\t<img width=\"1280\" height=\"720\" src=\"https:\/\/www.europesays.com\/fr\/wp-content\/uploads\/2025\/10\/b9772f0999161b5d938173b45619f31e370117ee.jpg\" class=\"attachment-full size-full wp-post-image\" alt=\"\" is_main_img=\"1\" decoding=\"async\" fetchpriority=\"high\"  \/><\/p>\n<p>\t\t\t\t\t\t\t 185 migrants secourus en tentant de rejoindre l\u2019Angleterre<\/p>\n<p><strong>Cent quatre-vingt-cinq migrants ont \u00e9t\u00e9 secourus entre vendredi et samedi dans les eaux fran\u00e7aises alors qu\u2019ils tentaient de rejoindre l\u2019Angleterre \u00e0 bord d\u2019embarcations clandestines, ont indiqu\u00e9 samedi les autorit\u00e9s fran\u00e7aises.<\/strong><br \/>Vendredi matin, deux op\u00e9rations de sauvetage ont respectivement men\u00e9 \u00e0 la prise en charge de 81 passagers d\u2019une embarcation partie des c\u00f4tes fran\u00e7aises au niveau de la baie de Somme nord, et \u00e0 celle de 80 personnes demandant \u00e0 \u00eatre secourues \u00e0 la suite de l\u2019avarie de leur bateau au large d\u2019Equihen-Plage (nord), indique la pr\u00e9fecture maritime fran\u00e7aise dans un communiqu\u00e9.<br \/>Enfin, dans la nuit de vendredi \u00e0 samedi, 24 passagers d\u2019une autre embarcation ont \u00e9t\u00e9 pris en charge lors d\u2019une tentative de travers\u00e9e partie des dunes de la Slack nord, tandis que les autres passagers de l\u2019embarcation ont souhait\u00e9 poursuivre leur route.<br \/>D\u2019apr\u00e8s les chiffres officiels du Home Office, le minist\u00e8re de l\u2019Int\u00e9rieur britannique, aucun \u00ab\u00a0small boat\u00a0\u00bb, du nom des embarcations de fortune utilis\u00e9es pour ces tentatives clandestines de travers\u00e9e de la Manche, n\u2019est arriv\u00e9 en Angleterre vendredi.<br \/>Malgr\u00e9 le renforcement r\u00e9gulier des moyens fran\u00e7ais pour emp\u00eacher ces travers\u00e9es avec un soutien financier cons\u00e9quent du Royaume-Uni ces d\u00e9parts ne faiblissent pas: plus de 36.300 migrants sont arriv\u00e9s en Angleterre \u00e0 bord de \u00ab\u00a0small boats\u00a0\u00bb depuis le 1er janvier, selon les autorit\u00e9s britanniques. C\u2019est presque autant que sur la m\u00eame p\u00e9riode en 2022 (37.600), ann\u00e9e record en termes de travers\u00e9es de la Manche par \u00ab\u00a0small boats\u00a0\u00bb.<br \/>APS<\/p>\n<p>\u00a0<\/p>\n","protected":false},"excerpt":{"rendered":"185 migrants secourus en tentant de rejoindre l\u2019Angleterre Cent quatre-vingt-cinq migrants ont \u00e9t\u00e9 secourus entre vendredi et samedi&hellip;\n","protected":false},"author":2,"featured_media":474314,"comment_status":"","ping_status":"","sticky":false,"template":"","format":"standard","meta":{"footnotes":""},"categories":[1588],"tags":[11,4708,1777,674,12,473,1853,1851,1850,1852],"class_list":{"0":"post-474313","1":"post","2":"type-post","3":"status-publish","4":"format-standard","5":"has-post-thumbnail","7":"category-royaume-uni","8":"tag-actualites","9":"tag-angleterre","10":"tag-eu","11":"tag-europe","12":"tag-news","13":"tag-royaume-uni","14":"tag-royaume-uni-de-grande-bretagne-et-dirlande-du-nord","15":"tag-uk","16":"tag-united-kingdom","17":"tag-united-kingdom-of-great-britain-and-northern-ireland"},"share_on_mastodon":{"url":"https:\/\/pubeurope.com\/@fr\/115399703402417697","error":""},"_links":{"self":[{"href":"https:\/\/www.europesays.com\/fr\/wp-json\/wp\/v2\/posts\/474313","targetHints":{"allow":["GET"]}}],"collection":[{"href":"https:\/\/www.europesays.com\/fr\/wp-json\/wp\/v2\/posts"}],"about":[{"href":"https:\/\/www.europesays.com\/fr\/wp-json\/wp\/v2\/types\/post"}],"author":[{"embeddable":true,"href":"https:\/\/www.europesays.com\/fr\/wp-json\/wp\/v2\/users\/2"}],"replies":[{"embeddable":true,"href":"https:\/\/www.europesays.com\/fr\/wp-json\/wp\/v2\/comments?post=474313"}],"version-history":[{"count":0,"href":"https:\/\/www.europesays.com\/fr\/wp-json\/wp\/v2\/posts\/474313\/revisions"}],"wp:featuredmedia":[{"embeddable":true,"href":"https:\/\/www.europesays.com\/fr\/wp-json\/wp\/v2\/media\/474314"}],"wp:attachment":[{"href":"https:\/\/www.europesays.com\/fr\/wp-json\/wp\/v2\/media?parent=474313"}],"wp:term":[{"taxonomy":"category","embeddable":true,"href":"https:\/\/www.europesays.com\/fr\/wp-json\/wp\/v2\/categories?post=474313"},{"taxonomy":"post_tag","embeddable":true,"href":"https:\/\/www.europesays.com\/fr\/wp-json\/wp\/v2\/tags?post=474313"}],"curies":[{"name":"wp","href":"https:\/\/api.w.org\/{rel}","templated":true}]}}