{"id":474315,"date":"2025-10-19T07:41:36","date_gmt":"2025-10-19T07:41:36","guid":{"rendered":"https:\/\/www.europesays.com\/fr\/474315\/"},"modified":"2025-10-19T07:41:36","modified_gmt":"2025-10-19T07:41:36","slug":"en-allemagne-le-supplice-de-la-maire-de-herdecke-qui-accuse-sa-fille-adoptive-de-lavoir-poignardee","status":"publish","type":"post","link":"https:\/\/www.europesays.com\/fr\/474315\/","title":{"rendered":"En Allemagne, le supplice de la maire de Herdecke, qui accuse sa fille adoptive de l\u2019avoir poignard\u00e9e"},"content":{"rendered":"<p>\n    <strong>R\u00c9CIT<\/strong> &#8211; Une semaine apr\u00e8s l\u2019agression d\u2019Iris Stalzer, sa fille de 17 ans est la principale suspecte. Malgr\u00e9 la violence des faits, aucun mandat d\u2019arr\u00eat n\u2019a \u00e9t\u00e9 \u00e9mis contre elle, ce qui suscite une vive pol\u00e9mique en Allemagne.<\/p>\n<p class=\"fig-paragraph\">Une sc\u00e8ne gla\u00e7ante de cruaut\u00e9 et de sauvagerie. Voil\u00e0 ce que r\u00e9v\u00e8le l\u2019enqu\u00eate, une semaine apr\u00e8s\u00a0<a href=\"http:\/\/www.lefigaro.fr\/international\/allemagne-une-maire-poignardee-friedrich-merz-condamne-un-acte-odieux-20251007\" data-fig-type=\"NewsFlash\" data-gtm-custom-categorie=\"navigation\" data-gtm-custom-action=\"crossclick\" data-gtm-custom-label=\"Contextuel\" data-gtm-event=\"customEventSPE\" data-fig-domain=\"LEFIGARO\" target=\"_blank\" rel=\"noopener\">l\u2019agression de la maire d\u2019Herdecke<\/a>\u00a0(Rh\u00e9nanie-du-Nord-Westphalie) en\u00a0<a href=\"http:\/\/www.lefigaro.fr\/actualite-france\/il-ne-s-agit-plus-seulement-de-petits-graffitis-ou-de-degats-mineurs-l-allemagne-confrontee-a-une-hausse-des-actes-hostiles-aux-chretiens-20251010\" data-fig-type=\"Article\" data-gtm-custom-categorie=\"navigation\" data-gtm-custom-action=\"crossclick\" data-gtm-custom-label=\"Contextuel\" data-gtm-event=\"customEventSPE\" data-fig-domain=\"LEFIGARO\" target=\"_blank\" rel=\"noopener\">Allemagne<\/a>, d\u2019apr\u00e8s les m\u00e9dias d\u2019outre-rhin. Mardi dernier, Iris Stalzer, 57 ans, \u00e9lue maire\u00a0<a href=\"http:\/\/www.lefigaro.fr\/international\/autrefois-marginalise-l-afd-fait-desormais-jeu-egal-avec-le-spd-et-les-verts-dans-l-ouest-de-l-allemagne-20250217\" data-fig-type=\"Article\" data-gtm-custom-categorie=\"navigation\" data-gtm-custom-action=\"crossclick\" data-gtm-custom-label=\"Contextuel\" data-gtm-event=\"customEventSPE\" data-fig-domain=\"LEFIGARO\" target=\"_blank\" rel=\"noopener\">SPD<\/a>\u00a0de la ville dix jours plus t\u00f4t, avait \u00e9t\u00e9 retrouv\u00e9e chez elle couverte de sang dans un fauteuil et gri\u00e8vement bless\u00e9e apr\u00e8s avoir re\u00e7u plusieurs coups de couteau. Sa fille adoptive, \u00e2g\u00e9e de 17 ans, avait pr\u00e9venu les secours et t\u00e9moign\u00e9 que sa m\u00e8re avait \u00e9t\u00e9 agress\u00e9e \u00e0 l\u2019ext\u00e9rieur du domicile familial lors d\u2019une tentative de vol, avant de parvenir \u00e0 se tra\u00eener jusque chez elle. En r\u00e9alit\u00e9, c\u2019est l\u2019adolescente elle-m\u00eame qui est soup\u00e7onn\u00e9e d\u2019avoir tortur\u00e9 sa m\u00e8re adoptive pendant plusieurs heures. Celle-ci est d\u00e9sormais hors de danger.<\/p>\n<p class=\"fig-paragraph\">Selon les informations des enqu\u00eateurs relay\u00e9es par plusieurs m\u00e9dias comme le\u00a0<a href=\"https:\/\/www.spiegel.de\/panorama\/justiz\/herdecke-designierte-buergermeisterin-iris-stalzer-war-einen-tag-vor-angriff-bei-der-polizei-a-812c0f2b-0af7-45f5-8b21-66cbe878cce6\" target=\"_blank\" rel=\"sponsored noopener\" data-gtm-custom-categorie=\"navigation\" data-gtm-custom-action=\"crossclick\" data-gtm-custom-label=\"Contextuel\" data-gtm-event=\"customEventSPE\">Spiegel<\/a> \u00a0mardi matin, Iris Stalzer aurait crois\u00e9 sa fille adoptive au moment de descendre au sous-sol de la maison pour prendre\u2026<\/p>\n<p class=\"fig-premium-paywall__infos\">\n        Cet article est r\u00e9serv\u00e9 aux abonn\u00e9s.        Il vous reste 75% \u00e0 d\u00e9couvrir.\n    <\/p>\n<p>                <img  data- alt=\"Le Figaro\" class=\"fig-img--complete fig-img\"\/><\/p>\n<p class=\"fig-premium-paywall__title\">Vous avez envie de lire la suite ?<\/p>\n<p class=\"fig-premium-paywall__subtitle\">D\u00e9bloquez tous les articles imm\u00e9diatement.<\/p>\n<p class=\"fig-premium-paywall__connect\">\n                D\u00e9j\u00e0 abonn\u00e9\u00a0?                <a class=\"fig-premium-paywall__connect-link\" href=\"https:\/\/connect.lefigaro.fr\/login?client=horizon_web&amp;type=main&amp;redirect_uri=https%3A%2F%2Fwww.lefigaro.fr%2Finternational%2Fen-allemagne-le-supplice-de-la-maire-de-herdecke-qui-accuse-sa-fille-adoptive-de-l-avoir-poignardee-20251014\" data-js-gtm=\"{&quot;customCategorie&quot;: &quot;conversion&quot;, &quot;customAction&quot;: &quot;before_Landing_Connexion_paywall_auto&quot;, &quot;customLabel&quot;: &quot;bGVmaWdhcm8uZnJfXzFmMGE4ZGRiLTExMTItNjY2Mi04N2VmLTIzZWEzYTg5ZTY1MF9fTmV3c0ZsYXNo_En Allemagne, le supplice de la maire de Herdecke, qui accuse sa fille adoptive de l\u2019avoir poignard\u00e9e_201&quot;, &quot;customIDSPE&quot;: &quot;bGVmaWdhcm8uZnJfXzFmMGE4ZGRiLTExMTItNjY2Mi04N2VmLTIzZWEzYTg5ZTY1MF9fTmV3c0ZsYXNo&quot;, &quot;event&quot;: &quot;customEventSPE&quot;}\" target=\"_blank\" rel=\"noopener\"><br \/>\n                    Connectez-vous<br \/>\n                <\/a>\n            <\/p>\n","protected":false},"excerpt":{"rendered":"R\u00c9CIT &#8211; Une semaine apr\u00e8s l\u2019agression d\u2019Iris Stalzer, sa fille de 17 ans est la principale suspecte. Malgr\u00e9&hellip;\n","protected":false},"author":2,"featured_media":474316,"comment_status":"","ping_status":"","sticky":false,"template":"","format":"standard","meta":{"footnotes":""},"categories":[1587],"tags":[11,1120,672,1804,5264,1805,1803,1777,674,1801,6793,12,1802,15770],"class_list":{"0":"post-474315","1":"post","2":"type-post","3":"status-publish","4":"format-standard","5":"has-post-thumbnail","7":"category-allemagne","8":"tag-actualites","9":"tag-agression","10":"tag-allemagne","11":"tag-bundesrepublik-deutschland","12":"tag-couteau","13":"tag-de","14":"tag-deutschland","15":"tag-eu","16":"tag-europe","17":"tag-germany","18":"tag-maires","19":"tag-news","20":"tag-republique-federale-dallemagne","21":"tag-spd"},"share_on_mastodon":{"url":"https:\/\/pubeurope.com\/@fr\/115399706759666759","error":""},"_links":{"self":[{"href":"https:\/\/www.europesays.com\/fr\/wp-json\/wp\/v2\/posts\/474315","targetHints":{"allow":["GET"]}}],"collection":[{"href":"https:\/\/www.europesays.com\/fr\/wp-json\/wp\/v2\/posts"}],"about":[{"href":"https:\/\/www.europesays.com\/fr\/wp-json\/wp\/v2\/types\/post"}],"author":[{"embeddable":true,"href":"https:\/\/www.europesays.com\/fr\/wp-json\/wp\/v2\/users\/2"}],"replies":[{"embeddable":true,"href":"https:\/\/www.europesays.com\/fr\/wp-json\/wp\/v2\/comments?post=474315"}],"version-history":[{"count":0,"href":"https:\/\/www.europesays.com\/fr\/wp-json\/wp\/v2\/posts\/474315\/revisions"}],"wp:featuredmedia":[{"embeddable":true,"href":"https:\/\/www.europesays.com\/fr\/wp-json\/wp\/v2\/media\/474316"}],"wp:attachment":[{"href":"https:\/\/www.europesays.com\/fr\/wp-json\/wp\/v2\/media?parent=474315"}],"wp:term":[{"taxonomy":"category","embeddable":true,"href":"https:\/\/www.europesays.com\/fr\/wp-json\/wp\/v2\/categories?post=474315"},{"taxonomy":"post_tag","embeddable":true,"href":"https:\/\/www.europesays.com\/fr\/wp-json\/wp\/v2\/tags?post=474315"}],"curies":[{"name":"wp","href":"https:\/\/api.w.org\/{rel}","templated":true}]}}