{"id":474319,"date":"2025-10-19T07:43:16","date_gmt":"2025-10-19T07:43:16","guid":{"rendered":"https:\/\/www.europesays.com\/fr\/474319\/"},"modified":"2025-10-19T07:43:16","modified_gmt":"2025-10-19T07:43:16","slug":"securite-europeenne-otan-ue-analyse-des-menaces","status":"publish","type":"post","link":"https:\/\/www.europesays.com\/fr\/474319\/","title":{"rendered":"S\u00e9curit\u00e9 europ\u00e9enne OTAN UE : Analyse des Menaces"},"content":{"rendered":"<p><a href=\"https:\/\/lediplomate.media\/2025\/10\/decryptage-securite-europe-otan-ue-desormais-partie-probleme\/giuseppe-gagliano\/monde\/europe\/?print=pdf\" class=\"pdfprnt-button pdfprnt-button-pdf\" target=\"_blank\" rel=\"noopener\"><a href=\"https:\/\/lediplomate.media\/2025\/10\/decryptage-securite-europe-otan-ue-desormais-partie-probleme\/giuseppe-gagliano\/monde\/europe\/?print=print\" class=\"pdfprnt-button pdfprnt-button-print\" target=\"_blank\" rel=\"noopener\"><img loading=\"lazy\" data-lazyloaded=\"1\" width=\"32\" height=\"32\" decoding=\"async\" src=\"https:\/\/www.europesays.com\/fr\/wp-content\/uploads\/2025\/08\/print.png\" alt=\"s\u00e9curit\u00e9 europ\u00e9enne OTAN UE\" title=\"Contenu imprim\u00e9\"\/>Imprimer l\u2019article<\/a><img data-lazyloaded=\"1\" fetchpriority=\"high\" decoding=\"async\" width=\"1024\" height=\"536\" src=\"https:\/\/www.europesays.com\/fr\/wp-content\/uploads\/2025\/10\/Image-LD-4-copie-3-7-1024x536.png\" alt=\"s\u00e9curit\u00e9 europ\u00e9enne OTAN UE\" class=\"wp-image-15900\"  data-\/>R\u00e9alisation<strong>\u00a0Le Lab Le Diplo<\/strong><\/p>\n<p><strong>Par Giuseppe Gagliano, Pr\u00e9sident du Centro Studi Strategici Carlo De Cristoforis (C\u00f4me, Italie)\u00a0<\/strong><\/p>\n<p><strong>Entre alarmisme politique et absence de pragmatisme<\/strong><\/p>\n<p><strong>Les r\u00e9centes d\u00e9clarations de l\u2019Organisation du trait\u00e9 de l\u2019Atlantique nord (OTAN) et du Parlement europ\u00e9en t\u00e9moignent d\u2019un climat d\u2019hyst\u00e9rie politique et d\u2019id\u00e9ologie pure qui rel\u00e8gue toute analyse rationnelle au second plan. Hier, les eurod\u00e9put\u00e9s ont adopt\u00e9, par 469 voix contre 97 et 38 abstentions, une r\u00e9solution condamnant fermement les \u00ab actions imprudentes et accrues \u00bb de Russie, accus\u00e9e de violer l\u2019espace a\u00e9rien de plusieurs \u00c9tats membres de l\u2019UE et de l\u2019OTAN \u2014 notamment la Pologne, l\u2019Estonie, la Lettonie, la Lituanie et la Roumanie.<\/strong><\/p>\n<p>Mais derri\u00e8re les grands mots, peu de preuves tangibles. La plupart des \u00ab violations \u00bb \u00e9voqu\u00e9es rel\u00e8vent d\u2019incidents techniques mineurs ou n\u2019ont tout simplement jamais \u00e9t\u00e9 prouv\u00e9es. Le cas des drones tomb\u00e9s en Roumanie ou retrouv\u00e9s sur des toits en Pologne, bricol\u00e9s avec du ruban adh\u00e9sif, illustre une instrumentalisation politique : il s\u2019agirait, selon plusieurs observateurs, d\u2019op\u00e9rations sous fausse banni\u00e8re men\u00e9es depuis l\u2019Ukraine avec l\u2019appui de Varsovie pour mobiliser les Europ\u00e9ens contre Moscou.<\/p>\n<p><strong>\u00c0 lire aussi :<\/strong> <a href=\"https:\/\/lediplomate.media\/2024\/11\/france-espagne-narcotrafic\/olivierdauzon\/france\/securite\/\" target=\"_blank\" rel=\"noreferrer noopener\">La France et l\u2019Espagne \u00e0 l\u2019assaut du narcotrafic\u00a0<\/a><\/p>\n<p><strong>Les \u00ab drones fant\u00f4mes \u00bb et la fabrique de la peur<\/strong><\/p>\n<p>Le Parlement europ\u00e9en accuse \u00e9galement la Russie de mener des \u00ab incursions de drones \u00bb contre des infrastructures critiques en Danemark, Su\u00e8de et Norv\u00e8ge. Or, aucun de ces engins n\u2019a \u00e9t\u00e9 identifi\u00e9 avec certitude, encore moins attribu\u00e9 \u00e0 Moscou. Plusieurs experts militaires ont soulign\u00e9 qu\u2019il s\u2019agissait probablement de drones \u00e0 courte port\u00e9e, lanc\u00e9s \u00e0 proximit\u00e9 des sites concern\u00e9s \u2014 ce qui exclut un d\u00e9collage depuis la Russie.<\/p>\n<p>Cette amplification m\u00e9diatique nourrit des demandes politiques : cr\u00e9ation d\u2019un \u00ab mur de drones \u00bb sur le flanc Est de l\u2019Europe, investissements massifs dans des syst\u00e8mes anti-drones, et rh\u00e9torique de mobilisation face \u00e0 une \u00ab menace russe diffuse \u00bb. Pourtant, des solutions techniques \u00e9conomiques existent depuis longtemps \u2014 comme le recours \u00e0 des avions l\u00e9gers ou \u00e0 des syst\u00e8mes de tir de pr\u00e9cision, d\u00e9j\u00e0 utilis\u00e9s par les Ukrainiens et les Russes \u2014 mais elles sont d\u00e9lib\u00e9r\u00e9ment ignor\u00e9es au profit d\u2019un discours d\u2019urgence s\u00e9curitaire.<\/p>\n<p><strong>\u00c0 lire aussi :<\/strong> <a href=\"https:\/\/lediplomate.media\/2025\/06\/analyse-otan-indo-pacifique-echec-projet-ip4-retour-autonomie-strategique-asiatique\/giuseppe-gagliano\/monde\/\" target=\"_blank\" rel=\"noreferrer noopener\">ANALYSE \u2013 OTAN et Indo-Pacifique : L\u2019\u00e9chec du projet IP4 et le retour d\u2019une autonomie strat\u00e9gique asiatique\u00a0?\u00a0<\/a><\/p>\n<p><strong>Escalade a\u00e9rienne : Une logique \u00e0 haut risque<\/strong><\/p>\n<p>La r\u00e9solution europ\u00e9enne appelle \u00e0 des actions \u00ab coordonn\u00e9es et proportionn\u00e9es \u00bb, incluant l\u2019\u00ab abattage des menaces a\u00e9riennes \u00bb. Ce langage guerrier rappelle des \u00e9pisodes historiques lourds de cons\u00e9quences. L\u2019attaque d\u2019un Sukho\u00ef Su-24 russe abattu par un General Dynamics F-16 Fighting Falcon turc en 2015 avait failli provoquer une escalade directe entre la Russie et l\u2019OTAN. Le m\u00eame risque existait lors de l\u2019abattage du Lockheed U-2 am\u00e9ricain en 1960.<\/p>\n<p>Les forces a\u00e9riennes europ\u00e9ennes n\u2019ont pas la capacit\u00e9 d\u2019endurer une confrontation prolong\u00e9e : selon un rapport de l\u2019Institut fran\u00e7ais des relations internationales (IFRI), les stocks de missiles des Arm\u00e9e de l\u2019air et de l\u2019espace fran\u00e7aises ne permettraient que trois jours d\u2019op\u00e9rations intensives. Une r\u00e9alit\u00e9 qui rend toute politique d\u2019escalade a\u00e9rienne extr\u00eamement p\u00e9rilleuse.<\/p>\n<p><strong>\u00c0 lire aussi :<\/strong> <a href=\"https:\/\/lediplomate.media\/2025\/06\/moyen-orient-otan-equilibre-indispensable\/giuseppe-gagliano\/monde\/etats-unis\/\" target=\"_blank\" rel=\"noreferrer noopener\">ANALYSE \u2013 Le Moyen-Orient et l\u2019OTAN : Un \u00c9quilibre Indispensable<\/a><\/p>\n<p><strong>Nord Stream et \u00ab terrorisme d\u2019\u00c9tat \u00bb \u00e0 g\u00e9om\u00e9trie variable<\/strong><\/p>\n<p>Les eurod\u00e9put\u00e9s ont qualifi\u00e9 les op\u00e9rations hybrides de la Russie de \u00ab terrorisme d\u2019\u00c9tat \u00bb. Pourtant, le seul acte de sabotage majeur sur le sol europ\u00e9en reste la destruction des gazoducs Nord Stream en 2022 \u2014 une op\u00e9ration d\u00e9sormais largement attribu\u00e9e \u00e0 des acteurs ukrainiens avec des complicit\u00e9s polonaises, et non \u00e0 Moscou. Les enqu\u00eates danoises et su\u00e9doises ont \u00e9t\u00e9 opportun\u00e9ment ferm\u00e9es, tandis que Varsovie refuse d\u2019extrader un suspect vers l\u2019Allemagne. Ce silence illustre l\u2019hypocrisie d\u2019une rh\u00e9torique antirusse s\u00e9lective, qui oublie commod\u00e9ment les responsabilit\u00e9s des alli\u00e9s.<\/p>\n<p><strong>La tentation des sanctions illimit\u00e9es<\/strong><\/p>\n<p>En parall\u00e8le, le Parlement europ\u00e9en a exhort\u00e9 \u00e0 renforcer les sanctions contre la Russie, mais aussi contre tous les \u00c9tats jug\u00e9s complices : Bi\u00e9lorussie, Iran, Cor\u00e9e du Nord et \u00ab entit\u00e9s chinoises \u00bb. Cette strat\u00e9gie d\u2019\u00e9largissement permanent des adversaires montre ses limites : elle risque d\u2019isoler davantage l\u2019Europe que Moscou et de fragiliser des cha\u00eenes \u00e9conomiques d\u00e9j\u00e0 tendues. Si le m\u00eame raisonnement \u00e9tait appliqu\u00e9 aux pays commer\u00e7ant avec l\u2019UE, l\u2019Europe se retrouverait \u00e0 son tour sous le coup de sanctions massives.<\/p>\n<p><strong>\u00c0 lire aussi :<\/strong> <a href=\"https:\/\/lediplomate.media\/2024\/07\/le-sommet-de-lotan-du-9-juillet-2024-un-moment-decisif-ou-biden-devait-convaincre-de-son-aptitude-a-exercer-les-fonctions\/angelique-bouchard\/monde\/\" target=\"_blank\" rel=\"noreferrer noopener\">Le sommet de l\u2019OTAN du 9 juillet 2024\u00a0: un moment d\u00e9cisif o\u00f9 Biden devait convaincre de son aptitude \u00e0 exercer les fonctions<\/a><\/p>\n<p><strong>OTAN : Discours alarmiste et impasse strat\u00e9gique<\/strong><\/p>\n<p>Le nouveau secr\u00e9taire g\u00e9n\u00e9ral de l\u2019OTAN, Mark Rutte, a d\u00e9clar\u00e9 \u00e0 Rome que \u00ab Vladimir Poutine est la principale menace \u00e0 long terme \u00bb pour l\u2019Europe, en insistant sur les missiles hypersoniques russes capables d\u2019atteindre l\u2019Europe occidentale. Ces propos entretiennent une atmosph\u00e8re de peur, alors m\u00eame qu\u2019aucune preuve concr\u00e8te d\u2019un plan russe pour attaquer l\u2019UE n\u2019a \u00e9t\u00e9 produite. Les forces russes sont engag\u00e9es dans une guerre d\u2019usure en Ukraine \u2014 plus de 700 000 hommes mobilis\u00e9s \u2014 et n\u2019ont aucun int\u00e9r\u00eat strat\u00e9gique \u00e0 ouvrir un second front contre l\u2019OTAN.<\/p>\n<p>Ce climat d\u2019alarme permanente sert surtout \u00e0 justifier des budgets militaires en hausse, des achats d\u2019armes am\u00e9ricains et une militarisation du discours politique en Europe.<\/p>\n<p><strong>Quand l\u2019Europe devient partie du probl\u00e8me<\/strong><\/p>\n<p>L\u2019UE et l\u2019OTAN apparaissent de plus en plus non comme des stabilisateurs mais comme des amplificateurs de tensions. Loin de chercher des issues diplomatiques ou de renforcer les capacit\u00e9s d\u00e9fensives de mani\u00e8re rationnelle, elles contribuent \u00e0 hyst\u00e9riser le d\u00e9bat public et \u00e0 enfermer l\u2019Europe dans une logique de confrontation binaire avec Moscou \u2014 une logique qui ne repose ni sur des preuves solides ni sur une r\u00e9elle capacit\u00e9 militaire.<\/p>\n<p>Le bon sens militaire et diplomatique devrait conduire \u00e0 r\u00e9duire les risques d\u2019escalade et \u00e0 concentrer les ressources sur des capacit\u00e9s d\u00e9fensives cr\u00e9dibles. Au lieu de cela, l\u2019Europe s\u2019engage dans une course aux sanctions, aux discours alarmistes et aux postures de puissance qu\u2019elle n\u2019est pas en mesure d\u2019assumer.<\/p>\n<p>Dans cette configuration, l\u2019OTAN et l\u2019UE cessent d\u2019\u00eatre uniquement des instruments de s\u00e9curit\u00e9 collective : elles deviennent aussi une partie du probl\u00e8me s\u00e9curitaire europ\u00e9en.<\/p>\n<p><strong>\u00c0 lire aussi : <\/strong><a href=\"https:\/\/lediplomate.media\/2025\/09\/renseignement-france-nouveau-front-oriental-renseignement\/giuseppe-gagliano\/france\/\" target=\"_blank\" rel=\"noreferrer noopener\">RENSEIGNEMENT \u2013 La France et le nouveau front oriental du renseignement<\/a><\/p>\n<p>#OTAN, #UE, #Europe, #S\u00e9curit\u00e9Europ\u00e9enne, #Russie, #Ukraine, #Guerre, #G\u00e9opolitique, #UnionEurop\u00e9enne, #PolitiqueInternationale, #MarkRutte, #ParlementEurop\u00e9en, #NordStream, #Sanctions, #Conflit, #NATO, #EU, #Defense, #S\u00e9curit\u00e9, #Moscou, #Washington, #Bruxelles, #Varsovie, #Vilnius, #Riga, #Tallinn, #Bucarest, #Drone, #Terrorisme, #FakeNews, #Diplomatie, #Strat\u00e9gie, #GuerreFroide, #MondeMultipolaire, #AnalyseG\u00e9opolitique, #OTANvsRussie, #CriseEurop\u00e9enne, #Souverainet\u00e9, #EscaladeMilitaire, #GiuseppeGagliano,<\/p>\n<p><img loading=\"lazy\" data-lazyloaded=\"1\" decoding=\"async\" src=\"https:\/\/www.europesays.com\/fr\/wp-content\/uploads\/2025\/10\/Giuseppe-Gagliano.jpg\" width=\"100\" height=\"100\" alt=\"s\u00e9curit\u00e9 europ\u00e9enne OTAN UE\" itemprop=\"image\"\/><\/p>\n","protected":false},"excerpt":{"rendered":"Imprimer l\u2019articleR\u00e9alisation\u00a0Le Lab Le Diplo Par Giuseppe Gagliano, Pr\u00e9sident du Centro Studi Strategici Carlo De Cristoforis (C\u00f4me, Italie)\u00a0&hellip;\n","protected":false},"author":2,"featured_media":474320,"comment_status":"","ping_status":"","sticky":false,"template":"","format":"standard","meta":{"footnotes":""},"categories":[1586],"tags":[11,16403,554,59767,1777,674,1779,1011,27,12,136,25,1778,364],"class_list":{"0":"post-474319","1":"post","2":"type-post","3":"status-publish","4":"format-standard","5":"has-post-thumbnail","7":"category-europe","8":"tag-actualites","9":"tag-decryptage","10":"tag-defense","11":"tag-defense-collective","12":"tag-eu","13":"tag-europe","14":"tag-european-union","15":"tag-fr","16":"tag-france","17":"tag-news","18":"tag-otan","19":"tag-republique-francaise","20":"tag-ue","21":"tag-union-europeenne"},"share_on_mastodon":{"url":"https:\/\/pubeurope.com\/@fr\/115399715980795325","error":""},"_links":{"self":[{"href":"https:\/\/www.europesays.com\/fr\/wp-json\/wp\/v2\/posts\/474319","targetHints":{"allow":["GET"]}}],"collection":[{"href":"https:\/\/www.europesays.com\/fr\/wp-json\/wp\/v2\/posts"}],"about":[{"href":"https:\/\/www.europesays.com\/fr\/wp-json\/wp\/v2\/types\/post"}],"author":[{"embeddable":true,"href":"https:\/\/www.europesays.com\/fr\/wp-json\/wp\/v2\/users\/2"}],"replies":[{"embeddable":true,"href":"https:\/\/www.europesays.com\/fr\/wp-json\/wp\/v2\/comments?post=474319"}],"version-history":[{"count":0,"href":"https:\/\/www.europesays.com\/fr\/wp-json\/wp\/v2\/posts\/474319\/revisions"}],"wp:featuredmedia":[{"embeddable":true,"href":"https:\/\/www.europesays.com\/fr\/wp-json\/wp\/v2\/media\/474320"}],"wp:attachment":[{"href":"https:\/\/www.europesays.com\/fr\/wp-json\/wp\/v2\/media?parent=474319"}],"wp:term":[{"taxonomy":"category","embeddable":true,"href":"https:\/\/www.europesays.com\/fr\/wp-json\/wp\/v2\/categories?post=474319"},{"taxonomy":"post_tag","embeddable":true,"href":"https:\/\/www.europesays.com\/fr\/wp-json\/wp\/v2\/tags?post=474319"}],"curies":[{"name":"wp","href":"https:\/\/api.w.org\/{rel}","templated":true}]}}