{"id":474322,"date":"2025-10-19T07:45:15","date_gmt":"2025-10-19T07:45:15","guid":{"rendered":"https:\/\/www.europesays.com\/fr\/474322\/"},"modified":"2025-10-19T07:45:15","modified_gmt":"2025-10-19T07:45:15","slug":"les-preconisations-de-ladministration-penitentiaire","status":"publish","type":"post","link":"https:\/\/www.europesays.com\/fr\/474322\/","title":{"rendered":"les pr\u00e9conisations de l\u2019administration p\u00e9nitentiaire"},"content":{"rendered":"<p>\n    <strong>D\u00c9CRYPTAGE &#8211;<\/strong> \u00c0 quelques jours de l\u2019incarc\u00e9ration de l\u2019ex-chef de l\u2019\u00c9tat, la Chancellerie ne cache pas que sa s\u00e9curit\u00e9 est une pr\u00e9occupation.<\/p>\n<p class=\"fig-paragraph\">\u00c0 la Chancellerie, dans le proche entourage de\u00a0<a href=\"http:\/\/www.lefigaro.fr\/politique\/gerald-darmanin-la-partition-singuliere-d-un-rescape-au-gouvernement-20251014\" target=\"_blank\" data-fig-type=\"Article\" rel=\"noopener\" data-gtm-custom-categorie=\"navigation\" data-gtm-custom-action=\"crossclick\" data-gtm-custom-label=\"Contextuel\" data-gtm-event=\"customEventSPE\" data-fig-domain=\"LEFIGARO\">G\u00e9rald Darmanin<\/a>, on le mart\u00e8le\u00a0: \u00abGarantir\u00a0<a href=\"http:\/\/www.lefigaro.fr\/actualite-france\/financement-libyen-nicolas-sarkozy-pourrait-etre-place-a-l-isolement-a-la-prison-de-la-sante-20251012\" target=\"_blank\" data-fig-type=\"Article\" rel=\"noopener\" data-gtm-custom-categorie=\"navigation\" data-gtm-custom-action=\"crossclick\" data-gtm-custom-label=\"Contextuel\" data-gtm-event=\"customEventSPE\" data-fig-domain=\"LEFIGARO\">la s\u00e9curit\u00e9 de Nicolas Sarkozy<\/a> \u00a0en d\u00e9tention est une pr\u00e9occupation pour le minist\u00e8re comme pour l\u2019administration p\u00e9nitentiaire\u00bb. Cette derni\u00e8re h\u00e9rite d\u2019un dossier difficile dont elle se serait sans doute bien pass\u00e9e.<\/p>\n<p class=\"fig-paragraph\">Ce n\u2019est pas seulement parce qu\u2019il s\u2019agit d\u2019un ancien chef de l\u2019\u00c9tat, c\u2019est aussi parce que \u00abce dernier fait l\u2019objet d\u2019une protection particuli\u00e8re depuis longtemps\u00bb, rappelle-t-on Place Vend\u00f4me. Aussi pour les pouvoirs publics, hors de question de prendre le moindre risque puisque le service de protection des personnalit\u00e9s s\u2019arr\u00eatera au seuil de\u00a0<a href=\"http:\/\/www.lefigaro.fr\/actualite-france\/notre-appartement-est-invendable-on-est-bloques-les-riverains-de-la-prison-de-la-sante-excedes-par-les-nuisances-20230806\" target=\"_blank\" data-fig-type=\"Article\" rel=\"noopener\" data-gtm-custom-categorie=\"navigation\" data-gtm-custom-action=\"crossclick\" data-gtm-custom-label=\"Contextuel\" data-gtm-event=\"customEventSPE\" data-fig-domain=\"LEFIGARO\">la prison de la Sant\u00e9<\/a>\u00a0o\u00f9 les surveillants p\u00e9nitentiaires prendront le relais.<\/p>\n<p class=\"fig-paragraph\">Aussi, dans ses pr\u00e9conisations au Parquet national financier (PNF), qui ont \u00e9galement \u00e9t\u00e9 transmises \u00e0 ses avocats, l\u2019administration p\u00e9nitentiaire a insist\u00e9 sur la n\u00e9cessit\u00e9 que Nicolas Sarkozy ne croise pas d\u2019autres d\u00e9tenus durant sa d\u00e9tention et qu\u2019il conserve les\u2026<\/p>\n<p class=\"fig-premium-paywall__infos\">\n        Cet article est r\u00e9serv\u00e9 aux abonn\u00e9s.        Il vous reste 69% \u00e0 d\u00e9couvrir.\n    <\/p>\n<p>                <img  data- alt=\"Le Figaro\" class=\"fig-img--complete fig-img\"\/><\/p>\n<p class=\"fig-premium-paywall__title\">Vous avez envie de lire la suite ?<\/p>\n<p class=\"fig-premium-paywall__subtitle\">D\u00e9bloquez tous les articles imm\u00e9diatement.<\/p>\n<p class=\"fig-premium-paywall__connect\">\n                D\u00e9j\u00e0 abonn\u00e9\u00a0?                <a class=\"fig-premium-paywall__connect-link\" href=\"https:\/\/connect.lefigaro.fr\/login?client=horizon_web&amp;type=main&amp;redirect_uri=https%3A%2F%2Fwww.lefigaro.fr%2Factualite-france%2Fsecurite-de-nicolas-sarkozy-en-prison-les-preconisations-de-l-administration-penitentiaire-20251019\" data-js-gtm=\"{&quot;customCategorie&quot;: &quot;conversion&quot;, &quot;customAction&quot;: &quot;before_Landing_Connexion_paywall_auto&quot;, &quot;customLabel&quot;: &quot;bGVmaWdhcm8uZnJfXzFmMGE5YzYwLTE5ZTAtNjEwMi04NzViLWExNmVhNTg2NDcyN19fQXJ0aWNsZQ==_S\u00e9curit\u00e9 de Nicolas Sarkozy en prison\u00a0: les pr\u00e9conisations de l\u2019administration p\u00e9nitentiaire_263&quot;, &quot;customIDSPE&quot;: &quot;bGVmaWdhcm8uZnJfXzFmMGE5YzYwLTE5ZTAtNjEwMi04NzViLWExNmVhNTg2NDcyN19fQXJ0aWNsZQ==&quot;, &quot;event&quot;: &quot;customEventSPE&quot;}\" target=\"_blank\" rel=\"noopener\"><br \/>\n                    Connectez-vous<br \/>\n                <\/a>\n            <\/p>\n","protected":false},"excerpt":{"rendered":"D\u00c9CRYPTAGE &#8211; \u00c0 quelques jours de l\u2019incarc\u00e9ration de l\u2019ex-chef de l\u2019\u00c9tat, la Chancellerie ne cache pas que sa&hellip;\n","protected":false},"author":2,"featured_media":474323,"comment_status":"","ping_status":"","sticky":false,"template":"","format":"standard","meta":{"footnotes":""},"categories":[2],"tags":[11,1011,27,12,3091,25],"class_list":{"0":"post-474322","1":"post","2":"type-post","3":"status-publish","4":"format-standard","5":"has-post-thumbnail","7":"category-actualites","8":"tag-actualites","9":"tag-fr","10":"tag-france","11":"tag-news","12":"tag-nicolas-sarkozy","13":"tag-republique-francaise"},"share_on_mastodon":{"url":"https:\/\/pubeurope.com\/@fr\/115399723276129330","error":""},"_links":{"self":[{"href":"https:\/\/www.europesays.com\/fr\/wp-json\/wp\/v2\/posts\/474322","targetHints":{"allow":["GET"]}}],"collection":[{"href":"https:\/\/www.europesays.com\/fr\/wp-json\/wp\/v2\/posts"}],"about":[{"href":"https:\/\/www.europesays.com\/fr\/wp-json\/wp\/v2\/types\/post"}],"author":[{"embeddable":true,"href":"https:\/\/www.europesays.com\/fr\/wp-json\/wp\/v2\/users\/2"}],"replies":[{"embeddable":true,"href":"https:\/\/www.europesays.com\/fr\/wp-json\/wp\/v2\/comments?post=474322"}],"version-history":[{"count":0,"href":"https:\/\/www.europesays.com\/fr\/wp-json\/wp\/v2\/posts\/474322\/revisions"}],"wp:featuredmedia":[{"embeddable":true,"href":"https:\/\/www.europesays.com\/fr\/wp-json\/wp\/v2\/media\/474323"}],"wp:attachment":[{"href":"https:\/\/www.europesays.com\/fr\/wp-json\/wp\/v2\/media?parent=474322"}],"wp:term":[{"taxonomy":"category","embeddable":true,"href":"https:\/\/www.europesays.com\/fr\/wp-json\/wp\/v2\/categories?post=474322"},{"taxonomy":"post_tag","embeddable":true,"href":"https:\/\/www.europesays.com\/fr\/wp-json\/wp\/v2\/tags?post=474322"}],"curies":[{"name":"wp","href":"https:\/\/api.w.org\/{rel}","templated":true}]}}