{"id":474329,"date":"2025-10-19T07:52:12","date_gmt":"2025-10-19T07:52:12","guid":{"rendered":"https:\/\/www.europesays.com\/fr\/474329\/"},"modified":"2025-10-19T07:52:12","modified_gmt":"2025-10-19T07:52:12","slug":"gp-daustralie-barry-baltus-se-classe-6e-en-australie-apres-une-belle-remontee-dhnet","status":"publish","type":"post","link":"https:\/\/www.europesays.com\/fr\/474329\/","title":{"rendered":"GP d&#039;Australie: Barry Baltus se classe 6e en Australie apr\u00e8s une belle remont\u00e9e &#8211; DHnet"},"content":{"rendered":"<ol>\n<li><a href=\"https:\/\/news.google.com\/rss\/articles\/CBMi8AFBVV95cUxPY2wxcmI1QWRLOVdoc3cxY2pfa3dUWHBpMncybzhYZWJ3R2QtWThmWkh3VnlOQlNIQW10V3VQc0ZqeWFQeUdtOGxLaWlKcVlNdG5SczVTUjRTNGg2UHB2cHdxUTNtT1MtRXNqNzdHTzFldkFVVWh2ODR4STQ4MzkydlRncmI3RVpIbkUwZWhCbFhsdk1qNjZPZXJKajBYc2xsNTZTT0ZhU3lBdXRLRWdNY09DYW9ZZmx3MElVdjFhSVM0Si1EZUQ1bjZIRjE1UWlXSHQxNE8teU05djk4TlpZRlYxNTNtRmJYX1lTYlZueXg?oc=5\" target=\"_blank\" rel=\"noopener\">GP d&rsquo;Australie: Barry Baltus se classe 6e en Australie apr\u00e8s une belle remont\u00e9e<\/a>&nbsp;&nbsp;DHnet<\/li>\n<li><a href=\"https:\/\/news.google.com\/rss\/articles\/CBMifEFVX3lxTE9aUGZTQjB5UEppcFk1OHdfeGhNVjN5QUpOOWxjZFpvQ1lMNHBHY3dvZDhJbmtpMThQNDVrYnROd2lBUXhjeHJRVE1fWExNX0NQTnQ2bVpUcjJaNTc5bHJ2dVBpR2xiekNscVhGRTUzYVVra29Uakh3Y2d4S1g?oc=5\" target=\"_blank\" rel=\"noopener\">Agius s&rsquo;impose \u00e0 domicile, Moreira se rapproche<\/a>&nbsp;&nbsp;GP Inside<\/li>\n<li><a href=\"https:\/\/news.google.com\/rss\/articles\/CBMitgFBVV95cUxQdVdvWThkV21pOUx0N0s2aHFlZmVYUkJaUTVvWmtDdkx0WVZVVi0xVWdPYkx6SXNuc3BscmsteUMxeW5oRTg2b3I4djAwX2p0MVVudERmcTBXQXd2X3c3VWNaRXZHV1NtTHl4a0hIOHV2dDJkbUtPVWh3cVVMYmZvM2NkRXk2YkZOWFNnMmswX0tCc3huUEdVVE1fYkdFRkp3bko4VVVKTzg2ZUpBbjdYZkZwS05hZw?oc=5\" target=\"_blank\" rel=\"noopener\">Moto2 Australie Course : Agius s&rsquo;impose \u00e0 domicile, remont\u00e9e exceptionnelle de Barry Baltus<\/a>&nbsp;&nbsp;Paddock GP<\/li>\n<li><a href=\"https:\/\/news.google.com\/rss\/articles\/CBMiowFBVV95cUxOQzFZQTE4V1FRWUNzZjUzUDBQMmNjMmtRcC1BZFhMUTBtWmpEZHJDWDZpWlpSZWdGek5Qdm1NUFA1LV80SU5JQTh5YzRFdEVSQU9VbV9iWnRxNHZxUVFTeHpJS0MxUElBQ3BHS1lyd2pZN0RxWl9ZTjZBbTFVYzFLX3J0cUdPWVVvWkVIcW96V0pSYjJFTWFlckgxZ0ZvVmJiVlVj?oc=5\" target=\"_blank\" rel=\"noopener\">Moto2\u2122 &#8211; Q2 : Moreira maintient la pression sur Gonz\u00e1lez avec une deuxi\u00e8me pole cons\u00e9cutive<\/a>&nbsp;&nbsp;motogp.com<\/li>\n<li><a href=\"https:\/\/news.google.com\/rss\/articles\/CBMizAFBVV95cUxQMkZLcjhYOW1YWGdudFZLdzNMeDBJMDNhMU5rQnlkdmJKNTY5SUt6NlhITWRKOFZsRzlBSmxnOEFTVWtuTGNhWHZDTHJfQUxtN0FvaTF3THE1SWktSDZlWjJlWFZNVGpPeDhxcTlkQTUtYTU4a3R0WXBwUG56ejIzR1RVdUNsQWpSYm41VTZzT1o5dlZDZjUzWWlhVnNIaFFhaDY5a2t4UUxHSGVoWWpDZUJQbHVvRm93b3FtakVJMnF6dTBGejNnd3NBOEs?oc=5\" target=\"_blank\" rel=\"noopener\">MOTO : 0,1 seconde permet \u00e0 DIXON de rester en premi\u00e8re ligne lors des qualifications australiennes<\/a>&nbsp;&nbsp;Presse Agence Sport<\/li>\n<\/ol>\n","protected":false},"excerpt":{"rendered":"GP d&rsquo;Australie: Barry Baltus se classe 6e en Australie apr\u00e8s une belle remont\u00e9e&nbsp;&nbsp;DHnet Agius s&rsquo;impose \u00e0 domicile, Moreira&hellip;\n","protected":false},"author":2,"featured_media":357368,"comment_status":"","ping_status":"","sticky":false,"template":"","format":"standard","meta":{"footnotes":""},"categories":[1413],"tags":[1011,27,1457,1456,35295,60],"class_list":{"0":"post-474329","1":"post","2":"type-post","3":"status-publish","4":"format-standard","5":"has-post-thumbnail","7":"category-moto","8":"tag-fr","9":"tag-france","10":"tag-moto","11":"tag-motocycle","12":"tag-motocyclisme","13":"tag-sports"},"share_on_mastodon":{"url":"https:\/\/pubeurope.com\/@fr\/115399750003174626","error":""},"_links":{"self":[{"href":"https:\/\/www.europesays.com\/fr\/wp-json\/wp\/v2\/posts\/474329","targetHints":{"allow":["GET"]}}],"collection":[{"href":"https:\/\/www.europesays.com\/fr\/wp-json\/wp\/v2\/posts"}],"about":[{"href":"https:\/\/www.europesays.com\/fr\/wp-json\/wp\/v2\/types\/post"}],"author":[{"embeddable":true,"href":"https:\/\/www.europesays.com\/fr\/wp-json\/wp\/v2\/users\/2"}],"replies":[{"embeddable":true,"href":"https:\/\/www.europesays.com\/fr\/wp-json\/wp\/v2\/comments?post=474329"}],"version-history":[{"count":0,"href":"https:\/\/www.europesays.com\/fr\/wp-json\/wp\/v2\/posts\/474329\/revisions"}],"wp:featuredmedia":[{"embeddable":true,"href":"https:\/\/www.europesays.com\/fr\/wp-json\/wp\/v2\/media\/357368"}],"wp:attachment":[{"href":"https:\/\/www.europesays.com\/fr\/wp-json\/wp\/v2\/media?parent=474329"}],"wp:term":[{"taxonomy":"category","embeddable":true,"href":"https:\/\/www.europesays.com\/fr\/wp-json\/wp\/v2\/categories?post=474329"},{"taxonomy":"post_tag","embeddable":true,"href":"https:\/\/www.europesays.com\/fr\/wp-json\/wp\/v2\/tags?post=474329"}],"curies":[{"name":"wp","href":"https:\/\/api.w.org\/{rel}","templated":true}]}}