{"id":474332,"date":"2025-10-19T07:54:10","date_gmt":"2025-10-19T07:54:10","guid":{"rendered":"https:\/\/www.europesays.com\/fr\/474332\/"},"modified":"2025-10-19T07:54:10","modified_gmt":"2025-10-19T07:54:10","slug":"cyclisme-japan-cup-lenny-martinez-soffre-un-quatrieme-et-dernier-succes-en-solitaire","status":"publish","type":"post","link":"https:\/\/www.europesays.com\/fr\/474332\/","title":{"rendered":"Cyclisme. Japan Cup &#8211; Lenny Martinez s&rsquo;offre un quatri\u00e8me et dernier succ\u00e8s en solitaire"},"content":{"rendered":"<p><strong><a href=\"https:\/\/www.cyclismactu.net\/..\/news-tour-d-emilie-route-lenny-martinez-je-ne-savais-pas-du-tout-ou-j-en-etais-et-90447.html\" target=\"_blank\" rel=\"noopener\">Lenny Martinez<\/a>\u00a0<\/strong>(Bahrain-Victorious) conclut sa saison en beaut\u00e9 ! Plus discret depuis la fin du <strong>Tour de France<\/strong>, <strong>Lenny Martinez <\/strong>a tout de m\u00eame effectu\u00e9 une saison 2025 de tr\u00e8s haute facture, s&rsquo;imposant sur <strong>Paris-Nice<\/strong>, le <strong>Tour de Romandie <\/strong>ou encore le <strong><a href=\"https:\/\/www.cyclismactu.net\/..\/news-route-le-criterium-du-dauphine-renomme-place-tour-auvergne-rhone-alpes-88398.html\" target=\"_blank\" rel=\"noopener\">Crit\u00e9rium du Dauphin\u00e9<\/a><\/strong>. Et le Fran\u00e7ais s&rsquo;est m\u00eame offert un quatri\u00e8me et dernier succ\u00e8s en 2025, en levant les bras sur la <strong>Japan Cup <\/strong>apr\u00e8s avoir \u00e9coeur\u00e9 <strong>Alex Baudin <\/strong>(EF Education EasyPost)\u00a0\u00e0 8 km de l&rsquo;arriv\u00e9e. <strong>Lenny Martinez <\/strong>devance son compatriote de 32&Prime; \u00e0 l&rsquo;arriv\u00e9e, et offre \u00e0 l&rsquo;\u00e9quipe <strong>Bahrain-Victorious <\/strong>un premier succ\u00e8s sur une course d&rsquo;un jour depuis&#8230; la victoire de <strong>Dylan Teuns <\/strong>sur la <strong>Fl\u00e8che Wallonne <\/strong>2022.<\/p>\n<p>Vid\u00e9o &#8211; Lenny Martinez troisi\u00e8me du Tour d&rsquo;Emilie Lire la suite de l&rsquo;article&#13;<\/p>\n<p>\u00a0<\/p>\n<p>&#13;<br \/>\nLe r\u00e9sum\u00e9&#13;<\/p>\n<p>Il fallait \u00eatre costaud ce dimanche pour esp\u00e9rer succ\u00e9der \u00e0 <strong>Neilson Powless <\/strong>(EF Education EasyPost). Sur un parcours de 144 km et plus de 2500 m de d\u00e9nivel\u00e9 positif, les puncheurs engag\u00e9s sur cette 32e <strong>Japan Cup <\/strong>avaient de quoi s&rsquo;amuser. Rest\u00e9 en permanence dans les bons coups, <strong>Lenny Martinez <\/strong>a pris les choses en main \u00e0 30 km de l&rsquo;arriv\u00e9e en attaquant une premi\u00e8re fois dans le\u00a0Mount Kogashiyama (4,7 km \u00e0 3,5 %). Le Fran\u00e7ais a effectu\u00e9 une nouvelle s\u00e9lection \u00e0 19 km de l&rsquo;arriv\u00e9e avec une nouvelle attaque, avant de d\u00e9finitivement s&rsquo;envoler dans la derni\u00e8re ascension du Mount Kogashiyama, \u00e0 9 km de l&rsquo;arriv\u00e9e.\u00a0<\/p>\n<p>Utsonomiya Japan Cup Road Race &#8211; Classement g\u00e9n\u00e9ral<\/p>\n","protected":false},"excerpt":{"rendered":"Lenny Martinez\u00a0(Bahrain-Victorious) conclut sa saison en beaut\u00e9 ! Plus discret depuis la fin du Tour de France, Lenny&hellip;\n","protected":false},"author":2,"featured_media":474333,"comment_status":"","ping_status":"","sticky":false,"template":"","format":"standard","meta":{"footnotes":""},"categories":[1411],"tags":[1154,207,211,1011,27,59768,209,60,210,212,208,213],"class_list":{"0":"post-474332","1":"post","2":"type-post","3":"status-publish","4":"format-standard","5":"has-post-thumbnail","7":"category-cyclisme","8":"tag-cycling","9":"tag-cyclisme","10":"tag-ffc","11":"tag-fr","12":"tag-france","13":"tag-japan-cup","14":"tag-route","15":"tag-sports","16":"tag-tour-de-france","17":"tag-uci","18":"tag-velo","19":"tag-world-tour"},"share_on_mastodon":{"url":"https:\/\/pubeurope.com\/@fr\/115399757912335388","error":""},"_links":{"self":[{"href":"https:\/\/www.europesays.com\/fr\/wp-json\/wp\/v2\/posts\/474332","targetHints":{"allow":["GET"]}}],"collection":[{"href":"https:\/\/www.europesays.com\/fr\/wp-json\/wp\/v2\/posts"}],"about":[{"href":"https:\/\/www.europesays.com\/fr\/wp-json\/wp\/v2\/types\/post"}],"author":[{"embeddable":true,"href":"https:\/\/www.europesays.com\/fr\/wp-json\/wp\/v2\/users\/2"}],"replies":[{"embeddable":true,"href":"https:\/\/www.europesays.com\/fr\/wp-json\/wp\/v2\/comments?post=474332"}],"version-history":[{"count":0,"href":"https:\/\/www.europesays.com\/fr\/wp-json\/wp\/v2\/posts\/474332\/revisions"}],"wp:featuredmedia":[{"embeddable":true,"href":"https:\/\/www.europesays.com\/fr\/wp-json\/wp\/v2\/media\/474333"}],"wp:attachment":[{"href":"https:\/\/www.europesays.com\/fr\/wp-json\/wp\/v2\/media?parent=474332"}],"wp:term":[{"taxonomy":"category","embeddable":true,"href":"https:\/\/www.europesays.com\/fr\/wp-json\/wp\/v2\/categories?post=474332"},{"taxonomy":"post_tag","embeddable":true,"href":"https:\/\/www.europesays.com\/fr\/wp-json\/wp\/v2\/tags?post=474332"}],"curies":[{"name":"wp","href":"https:\/\/api.w.org\/{rel}","templated":true}]}}