{"id":474340,"date":"2025-10-19T07:58:12","date_gmt":"2025-10-19T07:58:12","guid":{"rendered":"https:\/\/www.europesays.com\/fr\/474340\/"},"modified":"2025-10-19T07:58:12","modified_gmt":"2025-10-19T07:58:12","slug":"feux-de-foret-un-nouvel-ouvrage-collaboratif-avec-deux-autrices-de-la-region-vervietoise-qui-met-la-parentalite-au-coeur-de-ses-recits","status":"publish","type":"post","link":"https:\/\/www.europesays.com\/fr\/474340\/","title":{"rendered":"\u00ab\u00a0Feux de for\u00eat\u00a0\u00bb, un nouvel ouvrage collaboratif avec deux autrices de la r\u00e9gion vervi\u00e9toise, qui met la parentalit\u00e9 au c\u0153ur de ses r\u00e9cits"},"content":{"rendered":"<p>Une exp\u00e9rience cathartique<\/p>\n<p class=\"text-left ap-StoryElement ap-StoryElement--mb ap-StoryText\">Sarah Beckers, de <a href=\"https:\/\/www.lavenir.net\/regions\/verviers\/stavelot\/\" target=\"_self\" rel=\"nofollow noopener\">Francorchamps<\/a>, a aussi inscrit son nom sur ce projet. Dans son texte Au-del\u00e0 du voile de la peur, elle revient sur le parcours qui l&rsquo;a amen\u00e9e, avec son mari, \u00e0 d\u00e9cider d&rsquo;avoir un enfant. \u00ab\u00a0Au d\u00e9part, c&rsquo;\u00e9tait beaucoup de questionnements, on se demandait si on voulait vraiment avoir un enfant dans le monde actuel\u00a0\u00bb, confie-t-elle.<\/p>\n<p class=\"text-left ap-StoryElement ap-StoryElement--mb ap-StoryText\">Apr\u00e8s avoir pris leur d\u00e9cision Sarah et son compagnon ont d\u00fb faire face \u00e0 plusieurs complications. \u00ab\u00a0Je suis atteinte d&rsquo;<a href=\"https:\/\/www.lavenir.net\/actu\/societe\/sante\/2025\/03\/27\/creation-dun-film-docu-fiction-pour-parler-de-lendometriose-dans-les-ecoles-de-wallonie-et-bruxelles-un-nouvel-outil-daide-au-diagnostic-DB3XESKH3FF6PCOQ4EH72STMYE\/\" target=\"_self\" rel=\"nofollow noopener\">endom\u00e9triose<\/a> et, \u00e0 cause de cette maladie, nous avons eu recours \u00e0 la PMA. Nous avons pos\u00e9 ce choix apr\u00e8s avoir longtemps r\u00e9fl\u00e9chi, illustre-t-elle. C&rsquo;est ce que je raconte dans mon r\u00e9cit.\u00a0\u00bb<\/p>\n<p><img loading=\"lazy\" decoding=\"async\" class=\"w-full lazyload lazyload--opacity object-contain\" style=\"aspect-ratio:67 \/ 100;opacity:1\" alt=\"\u00ab?Feux de for\u00eat?\u00bb est un ouvrage collaboratif qui rassemble 36 r\u00e9cits de vie autour de la question de la parentalit\u00e9. Sarah Beckers\" width=\"768\" height=\"1154\" fetchpriority=\"auto\" src=\"https:\/\/www.europesays.com\/fr\/wp-content\/uploads\/2025\/05\/S5VKD3X55FFF3BW6V4SEHXNP7I.png\"  data- data-optimumx=\"1\"\/> \u00a9EDA<\/p>\n<p class=\"text-left ap-StoryElement ap-StoryElement--mb ap-StoryText\">Le fait de pouvoir coucher son histoire sur le papier a eu un effet presque th\u00e9rapeutique pour Sarah. \u00ab\u00a0Je suis vraiment fi\u00e8re d&rsquo;avoir \u00e9crit aux c\u00f4t\u00e9s d&rsquo;autres femmes aussi fortes et inspirantes. Partager cette histoire a vraiment eu un effet cathartique sur moi.\u00a0\u00bb<\/p>\n<p class=\"text-left ap-StoryElement ap-StoryElement--mb ap-StoryText\">Sarah n&rsquo;est pas la seule \u00e0 b\u00e9n\u00e9ficier du partage de cet \u00e9pisode de sa vie. \u00ab\u00a0\u00c0 la soir\u00e9e de lancement, une dame est venue me trouver pour \u00e9changer sur l&rsquo;endom\u00e9triose car elle aussi est atteinte de cette maladie. Je pense vraiment que ce projet peut trouver une r\u00e9sonance chez beaucoup de parents et leur permettre de se sentir moins seuls, compl\u00e8te-t-elle. Et puis, je pense que ce livre sera une belle chose \u00e0 partager avec mon fils plus tard.\u00a0\u00bb<\/p>\n<p class=\"text-left ap-StoryElement ap-StoryElement--mb ap-StoryText\">\u00c0 noter que Sarah n&rsquo;est pas la seule autrice originaire de la r\u00e9gion vervi\u00e9toise \u00e0 cosigner cet ouvrage, Zo\u00e9 Depuis, de Petit-Rechain, est aussi de la partie.<\/p>\n","protected":false},"excerpt":{"rendered":"Une exp\u00e9rience cathartique Sarah Beckers, de Francorchamps, a aussi inscrit son nom sur ce projet. Dans son texte&hellip;\n","protected":false},"author":2,"featured_media":474341,"comment_status":"","ping_status":"","sticky":false,"template":"","format":"standard","meta":{"footnotes":""},"categories":[1357],"tags":[1379,58,59,1011,27,1380],"class_list":{"0":"post-474340","1":"post","2":"type-post","3":"status-publish","4":"format-standard","5":"has-post-thumbnail","7":"category-livres","8":"tag-books","9":"tag-divertissement","10":"tag-entertainment","11":"tag-fr","12":"tag-france","13":"tag-livres"},"share_on_mastodon":{"url":"https:\/\/pubeurope.com\/@fr\/115399774447629940","error":""},"_links":{"self":[{"href":"https:\/\/www.europesays.com\/fr\/wp-json\/wp\/v2\/posts\/474340","targetHints":{"allow":["GET"]}}],"collection":[{"href":"https:\/\/www.europesays.com\/fr\/wp-json\/wp\/v2\/posts"}],"about":[{"href":"https:\/\/www.europesays.com\/fr\/wp-json\/wp\/v2\/types\/post"}],"author":[{"embeddable":true,"href":"https:\/\/www.europesays.com\/fr\/wp-json\/wp\/v2\/users\/2"}],"replies":[{"embeddable":true,"href":"https:\/\/www.europesays.com\/fr\/wp-json\/wp\/v2\/comments?post=474340"}],"version-history":[{"count":0,"href":"https:\/\/www.europesays.com\/fr\/wp-json\/wp\/v2\/posts\/474340\/revisions"}],"wp:featuredmedia":[{"embeddable":true,"href":"https:\/\/www.europesays.com\/fr\/wp-json\/wp\/v2\/media\/474341"}],"wp:attachment":[{"href":"https:\/\/www.europesays.com\/fr\/wp-json\/wp\/v2\/media?parent=474340"}],"wp:term":[{"taxonomy":"category","embeddable":true,"href":"https:\/\/www.europesays.com\/fr\/wp-json\/wp\/v2\/categories?post=474340"},{"taxonomy":"post_tag","embeddable":true,"href":"https:\/\/www.europesays.com\/fr\/wp-json\/wp\/v2\/tags?post=474340"}],"curies":[{"name":"wp","href":"https:\/\/api.w.org\/{rel}","templated":true}]}}