{"id":474344,"date":"2025-10-19T08:00:14","date_gmt":"2025-10-19T08:00:14","guid":{"rendered":"https:\/\/www.europesays.com\/fr\/474344\/"},"modified":"2025-10-19T08:00:14","modified_gmt":"2025-10-19T08:00:14","slug":"sam-rivers-le-bassiste-de-limp-bizkit-est-decede-a-lage-de-48-ans","status":"publish","type":"post","link":"https:\/\/www.europesays.com\/fr\/474344\/","title":{"rendered":"Sam Rivers, le bassiste de Limp Bizkit, est d\u00e9c\u00e9d\u00e9 \u00e0 l&rsquo;\u00e2ge de 48 ans"},"content":{"rendered":"<p class=\"ap-StoryElement ap-StoryElement--mb ap-StoryText\">Membre fondateur de la formation, Sam Rivers n&rsquo;\u00e9tait pas seulement le bassiste de Limp Bizkit, mais \u00ab\u00a0l&rsquo;\u00e2me\u00a0\u00bb du groupe, a relev\u00e9 ce dernier dans sa publication. \u00ab\u00a0D\u00e8s les premi\u00e8res notes que nous avons jou\u00e9es ensemble, Sam a apport\u00e9 une lumi\u00e8re et un rythme irrempla\u00e7ables. Son talent \u00e9tait naturel, sa pr\u00e9sence inoubliable, son c\u0153ur \u00e9norme.\u00a0\u00bb<\/p>\n<p class=\"ap-StoryElement ap-StoryElement--mb ap-StoryText\">La cause du d\u00e9c\u00e8s n&rsquo;a pas \u00e9t\u00e9 communiqu\u00e9e et les fans ont \u00e9t\u00e9 invit\u00e9s \u00e0 respecter l&rsquo;intimit\u00e9 de la famille du bassiste.<\/p>\n","protected":false},"excerpt":{"rendered":"Membre fondateur de la formation, Sam Rivers n&rsquo;\u00e9tait pas seulement le bassiste de Limp Bizkit, mais \u00ab\u00a0l&rsquo;\u00e2me\u00a0\u00bb du&hellip;\n","protected":false},"author":2,"featured_media":474345,"comment_status":"","ping_status":"","sticky":false,"template":"","format":"standard","meta":{"footnotes":""},"categories":[1355],"tags":[3983,58,59,73,1011,27,1361,873,973],"class_list":{"0":"post-474344","1":"post","2":"type-post","3":"status-publish","4":"format-standard","5":"has-post-thumbnail","7":"category-musique","8":"tag-deces","9":"tag-divertissement","10":"tag-entertainment","11":"tag-etats-unis","12":"tag-fr","13":"tag-france","14":"tag-music","15":"tag-musique","16":"tag-people"},"share_on_mastodon":{"url":"https:\/\/pubeurope.com\/@fr\/115399781521132871","error":""},"_links":{"self":[{"href":"https:\/\/www.europesays.com\/fr\/wp-json\/wp\/v2\/posts\/474344","targetHints":{"allow":["GET"]}}],"collection":[{"href":"https:\/\/www.europesays.com\/fr\/wp-json\/wp\/v2\/posts"}],"about":[{"href":"https:\/\/www.europesays.com\/fr\/wp-json\/wp\/v2\/types\/post"}],"author":[{"embeddable":true,"href":"https:\/\/www.europesays.com\/fr\/wp-json\/wp\/v2\/users\/2"}],"replies":[{"embeddable":true,"href":"https:\/\/www.europesays.com\/fr\/wp-json\/wp\/v2\/comments?post=474344"}],"version-history":[{"count":0,"href":"https:\/\/www.europesays.com\/fr\/wp-json\/wp\/v2\/posts\/474344\/revisions"}],"wp:featuredmedia":[{"embeddable":true,"href":"https:\/\/www.europesays.com\/fr\/wp-json\/wp\/v2\/media\/474345"}],"wp:attachment":[{"href":"https:\/\/www.europesays.com\/fr\/wp-json\/wp\/v2\/media?parent=474344"}],"wp:term":[{"taxonomy":"category","embeddable":true,"href":"https:\/\/www.europesays.com\/fr\/wp-json\/wp\/v2\/categories?post=474344"},{"taxonomy":"post_tag","embeddable":true,"href":"https:\/\/www.europesays.com\/fr\/wp-json\/wp\/v2\/tags?post=474344"}],"curies":[{"name":"wp","href":"https:\/\/api.w.org\/{rel}","templated":true}]}}