{"id":474360,"date":"2025-10-19T08:08:21","date_gmt":"2025-10-19T08:08:21","guid":{"rendered":"https:\/\/www.europesays.com\/fr\/474360\/"},"modified":"2025-10-19T08:08:21","modified_gmt":"2025-10-19T08:08:21","slug":"le-puy-en-velay-apres-un-depart-de-feu-en-cuisine-les-clients-dun-hotel-evacues","status":"publish","type":"post","link":"https:\/\/www.europesays.com\/fr\/474360\/","title":{"rendered":"Le Puy-en-Velay : apr\u00e8s un d\u00e9part de feu en cuisine, les clients d&rsquo;un h\u00f4tel \u00e9vacu\u00e9s"},"content":{"rendered":"<p>\t\t\t\t\t\t\t\t\t\t\t\t\t\t\t\t\t\t\t\t\t\t\t\t\t\t\t\t\t\t\t\t\t\t\t\t\t\t\t\t\t\t\t\t\t\t\t\t\t\t\t\t\t\t\t\t\t\t\t\t\t\t\t<a href=\"https:\/\/www.lacommere43.fr\/component\/banners\/click\/1838.html\" target=\"_blank\" title=\"Chevalier Fr\u00e8res octobre 2025\" rel=\"noopener\"><br \/>\n\t\t\t\t\t\t\t<img decoding=\"async\" loading=\"lazy\" src=\"https:\/\/www.europesays.com\/fr\/wp-content\/uploads\/2025\/10\/chevalier-2025-toussaint.gif\" alt=\"Chevalier Fr\u00e8res octobre 2025\"\/><br \/>\n\t\t\t\t\t\t<\/a><\/p>\n<p>\t\t\t\t\t\t\t\t\t\t\t\t\t\t\t\t\t\t\t\t\t\t\t\t\t\t\t\t\t\t\t\t\t\t\t\t\t\t\t\t\t\t\t\t\t\t\t\t\t\t\t\t\t\t\t\t\t\t\t\t\t\t\t<a href=\"https:\/\/www.lacommere43.fr\/component\/banners\/click\/1840.html\" target=\"_blank\" title=\"HPV vacances octobre 2025\" rel=\"noopener\"><br \/>\n\t\t\t\t\t\t\t<img decoding=\"async\" loading=\"lazy\" src=\"https:\/\/www.europesays.com\/fr\/wp-content\/uploads\/2025\/10\/PUB_VAC_TOUSSAINT_1.gif\" alt=\"HPV vacances octobre 2025\"\/><br \/>\n\t\t\t\t\t\t<\/a><\/p>\n<p>Ce dimanche, la nuit a \u00e9t\u00e9 \u00e9court\u00e9e \u00e0 l&rsquo;h\u00f4tel R\u00e9gina au Puy-en-Velay apr\u00e8s un d\u00e9part de feu vers 5 h 30. Le feu serait parti des cuisines de l&rsquo;\u00e9tablissement.<\/p>\n<p>Au total, 59 personnes ont \u00e9t\u00e9 \u00e9vacu\u00e9es par les secours., elles ont \u00e9t\u00e9 regroup\u00e9es dans l&rsquo;h\u00f4tel Ibis situ\u00e9 juste en face.<\/p>\n<p>Les pompiers proc\u00e9daient aux reconnaissances et \u00e0 la ventilation des locaux vers 6 heures.<\/p>\n<p>Compl\u00e8tement r\u00e9nov\u00e9 par ses nouveaux propri\u00e9taires, l&rsquo;h\u00f4tel 4 \u00e9toiles a rouvert en d\u00e9cembre 2024.<\/p>\n","protected":false},"excerpt":{"rendered":"Ce dimanche, la nuit a \u00e9t\u00e9 \u00e9court\u00e9e \u00e0 l&rsquo;h\u00f4tel R\u00e9gina au Puy-en-Velay apr\u00e8s un d\u00e9part de feu vers&hellip;\n","protected":false},"author":2,"featured_media":474361,"comment_status":"","ping_status":"","sticky":false,"template":"","format":"standard","meta":{"footnotes":""},"categories":[4],"tags":[2281,11,2282,1011,27,2280,2284,2285,2283,12,25],"class_list":{"0":"post-474360","1":"post","2":"type-post","3":"status-publish","4":"format-standard","5":"has-post-thumbnail","7":"category-france","8":"tag-actualite-43","9":"tag-actualites","10":"tag-faits-divers-auvergne","11":"tag-fr","12":"tag-france","13":"tag-information-haute-loire","14":"tag-infos-43","15":"tag-journal-haute-loire","16":"tag-la-commere-43","17":"tag-news","18":"tag-republique-francaise"},"share_on_mastodon":{"url":"https:\/\/pubeurope.com\/@fr\/115399813545572973","error":""},"_links":{"self":[{"href":"https:\/\/www.europesays.com\/fr\/wp-json\/wp\/v2\/posts\/474360","targetHints":{"allow":["GET"]}}],"collection":[{"href":"https:\/\/www.europesays.com\/fr\/wp-json\/wp\/v2\/posts"}],"about":[{"href":"https:\/\/www.europesays.com\/fr\/wp-json\/wp\/v2\/types\/post"}],"author":[{"embeddable":true,"href":"https:\/\/www.europesays.com\/fr\/wp-json\/wp\/v2\/users\/2"}],"replies":[{"embeddable":true,"href":"https:\/\/www.europesays.com\/fr\/wp-json\/wp\/v2\/comments?post=474360"}],"version-history":[{"count":0,"href":"https:\/\/www.europesays.com\/fr\/wp-json\/wp\/v2\/posts\/474360\/revisions"}],"wp:featuredmedia":[{"embeddable":true,"href":"https:\/\/www.europesays.com\/fr\/wp-json\/wp\/v2\/media\/474361"}],"wp:attachment":[{"href":"https:\/\/www.europesays.com\/fr\/wp-json\/wp\/v2\/media?parent=474360"}],"wp:term":[{"taxonomy":"category","embeddable":true,"href":"https:\/\/www.europesays.com\/fr\/wp-json\/wp\/v2\/categories?post=474360"},{"taxonomy":"post_tag","embeddable":true,"href":"https:\/\/www.europesays.com\/fr\/wp-json\/wp\/v2\/tags?post=474360"}],"curies":[{"name":"wp","href":"https:\/\/api.w.org\/{rel}","templated":true}]}}