{"id":474380,"date":"2025-10-19T08:22:37","date_gmt":"2025-10-19T08:22:37","guid":{"rendered":"https:\/\/www.europesays.com\/fr\/474380\/"},"modified":"2025-10-19T08:22:37","modified_gmt":"2025-10-19T08:22:37","slug":"a-la-rencontre-des-agriculteurs-migrants-de-rennes","status":"publish","type":"post","link":"https:\/\/www.europesays.com\/fr\/474380\/","title":{"rendered":"\u00c0 la rencontre des agriculteurs migrants de Rennes"},"content":{"rendered":"<p>\n                                                Ils sont une dizaine de demandeurs d\u2019asile regroup\u00e9s au sein du collectif des agriculteurs migrants de Rennes. Ces hommes et femmes originaires d\u2019Afrique subsaharienne notamment de la C\u00f4te d\u2019Ivoire et du Cameroun, se sont lanc\u00e9s dans l\u2019agriculture \u00e0 Melesse, \u00e0 une quinzaine de km de Rennes, dans le nord-ouest de la France. Un travail b\u00e9n\u00e9vole dont les fruits et l\u00e9gumes sont partag\u00e9s avec d\u2019autres personnes en situation de pr\u00e9carit\u00e9. Kp\u00e9nahi Traor\u00e9 est all\u00e9e \u00e0 leur rencontre.                    <\/p>\n<p>Au d\u00e9part, ces demandeurs d\u2019asile ont d\u2019abord adress\u00e9 un courrier \u00e0 la mairie de Rennes pour, affirment-ils, proposer leur aide et donner un coup de main pour la propret\u00e9 de la ville. Leur proposition \u00e9tant rest\u00e9e lettre morte, \u00e9tant sans papiers et n\u2019ayant pas le droit de travailler, ils d\u00e9cident de se lancer dans l\u2019agriculture au d\u00e9but de l\u2019ann\u00e9e 2025. Kassiri Gbeuli Ellogne, est Ivoirien, il \u00e9tait d\u00e9j\u00e0 agriculteur et \u00e9leveur dans son pays. \u00abJe ne pensais pas travailler la terre en France quand je suis arriv\u00e9. Mais c\u2019est cette opportunit\u00e9 qui s\u2019est pr\u00e9sent\u00e9e \u00e0 moi\u00bb, dit-il avant de rench\u00e9rir, \u00abm\u00eame si je parviens \u00e0 \u00eatre r\u00e9gularis\u00e9 un jour, je n\u2019abandonnerai pas l\u2019agriculture parce que c\u2019est la terre qui nous nourrit\u00bb.<\/p>\n<p>Gr\u00e2ce \u00e0\u00a0un appel \u00e0 solidarit\u00e9 lanc\u00e9 par le collectif \u00abcampagnes ouvertes et solidaires\u00bb, une habitante de la r\u00e9gion leur pr\u00eate un terrain d\u2019un hectare avec un acc\u00e8s au puits de la ferme pour l\u2019arrosage des plants. Un agriculteur se propose de labourer le terrain avec son tracteur.\u00a0Mais ils vont se heurter \u00e0 une premi\u00e8re difficult\u00e9. Alors qu\u2019ils avaient d\u00e9j\u00e0 commenc\u00e9 les semis, ils ont \u00e9t\u00e9 contraints de changer d\u2019emplacement \u00e0 cause du racisme. \u00abLe voisin de la premi\u00e8re parcelle qui nous a \u00e9t\u00e9 pr\u00eat\u00e9e est venu nous dire ouvertement qu\u2019il ne peut pas partager de voisinage avec des personnes noires\u00a0; ce qui nous a vraiment d\u00e9\u00e7us parce qu\u2019on voulait seulement travailler\u00bb, regrette Eddy Val\u00e8re Djonang Ngandjeu, l\u2019un des porteurs du projet agricole. Apr\u00e8s cette m\u00e9saventure, la propri\u00e9taire des lieux leur propose une autre parcelle. C\u2019est ainsi qu\u2019Eddy et ses camarades ont pu commencer \u00e0 cultiver. Quelques mois plus tard, les premiers l\u00e9gumes ont pouss\u00e9.<\/p>\n<p>\u00a0<\/p>\n<p> <strong>Aider d\u2019autres personnes dans le besoin<\/strong> <\/p>\n<p>Pommes de terre, poireaux, poivron, piment, potirons, ce sont notamment ces produits frais qu\u2019on retrouve dans leur champ. Vivant dans des campements et des h\u00e9bergements de fortune, ils ne peuvent pas conserver leurs r\u00e9coltes, ils d\u00e9cident d\u2019en faire profiter d\u2019autres personnes en situation de pr\u00e9carit\u00e9. Deux fois par semaines, Le\u00a0<a target=\"_blank\" href=\"https:\/\/transmettre.secourspopulaire.fr\/\" rel=\"nofollow noopener\"><strong>Secours populaire<\/strong><\/a> de Maurepas, pr\u00e8s de Rennes, passe les r\u00e9cup\u00e9rer pour ensuite les distribuer. \u00abUne centaine de personnes vont en b\u00e9n\u00e9ficier\u00bb, lance Katy Balcou b\u00e9n\u00e9vole au Secours populaire, venu chercher la r\u00e9colte du jour avec sa voiture. \u00abIls ont besoin d\u2019\u00eatre encourag\u00e9s, et face \u00e0 l\u2019effort d\u2019Eddy et de ses camarades les responsables du Secours populaire ont compris qu\u2019ils devaient contribuer aussi. Donc la prochaine fois, le Secours populaire ach\u00e8tera les graines pour 100 euros, ce n\u2019est pas beaucoup mais \u00e7a peut aider\u00bb, ajoute-t-elle. Depuis cet \u00e9t\u00e9, le collectif des agriculteurs migrants de Rennes a donn\u00e9 pr\u00e8s d\u2019une tonne de l\u00e9gumes au Secours populaire. Ils souhaitent continuer leur projet en hiver, et pour cela, ils ont besoin d\u2019une serre et d\u2019autres mat\u00e9riels agricoles. Pour atteindre leur objectif, une <strong><a target=\"_blank\" href=\"https:\/\/www.helloasso.com\/associations\/alternatiba-rennes\/collectes\/aidez-le-collectif-des-agriculteurs-migrants-de-rennes\" rel=\"nofollow noopener\">cagnotte<\/a><\/strong> a \u00e9t\u00e9 ouverte via le r\u00e9seau <strong><a target=\"_blank\" href=\"https:\/\/alternatiba.eu\/\" rel=\"nofollow noopener\">Alternatiba<\/a><\/strong> sous l\u2019intitul\u00e9 <strong><a target=\"_blank\" href=\"https:\/\/www.helloasso.com\/associations\/alternatiba-rennes\/collectes\/aidez-le-collectif-des-agriculteurs-migrants-de-rennes\" rel=\"nofollow noopener\">Aidez\u00a0le collectif des agriculteurs migrants de Rennes<\/a><\/strong>.<\/p>\n<p>Vous pouvez les encourager en participant \u00e0 <strong><a target=\"_blank\" href=\"https:\/\/www.helloasso.com\/associations\/alternatiba-rennes\/collectes\/aidez-le-collectif-des-agriculteurs-migrants-de-rennes\" rel=\"nofollow noopener\">leur cagnotte<\/a><\/strong>.<\/p>\n<p>\u00a0\u00a0<\/p>\n<p><strong>Invit\u00e9s\u00a0: <\/strong><\/p>\n<ul>\n<li class=\"paragraph\"><strong>Eddy-Val\u00e8re Djonang Ngandjeu, Gbeuli Ellogne Kassiri,<\/strong> tous les 2 membres du collectif des agriculteurs migrants de Rennes\u00a0<\/li>\n<\/ul>\n<ul>\n<li class=\"paragraph\"><strong>Katy Balcou<\/strong>, b\u00e9n\u00e9vole au Secours populaire \u00e0 Rennes.\u00a0<\/li>\n<\/ul>\n<p><strong>Radio partenaire<\/strong> : Radio communautaire de Dang au Cameroun.\u00a0<\/p>\n","protected":false},"excerpt":{"rendered":"Ils sont une dizaine de demandeurs d\u2019asile regroup\u00e9s au sein du collectif des agriculteurs migrants de Rennes. Ces&hellip;\n","protected":false},"author":2,"featured_media":474037,"comment_status":"","ping_status":"","sticky":false,"template":"","format":"standard","meta":{"footnotes":""},"categories":[2821],"tags":[1111,11,4652,829,23615,1639,1777,674,1011,27,1061,12,584,25,59770],"class_list":{"0":"post-474380","1":"post","2":"type-post","3":"status-publish","4":"format-standard","5":"has-post-thumbnail","7":"category-rennes","8":"tag-actu","9":"tag-actualites","10":"tag-agriculture-et-peche","11":"tag-bretagne","12":"tag-cameroun","13":"tag-cote-divoire","14":"tag-eu","15":"tag-europe","16":"tag-fr","17":"tag-france","18":"tag-immigration","19":"tag-news","20":"tag-rennes","21":"tag-republique-francaise","22":"tag-un-jour-au-village"},"share_on_mastodon":{"url":"https:\/\/pubeurope.com\/@fr\/115399868026255861","error":""},"_links":{"self":[{"href":"https:\/\/www.europesays.com\/fr\/wp-json\/wp\/v2\/posts\/474380","targetHints":{"allow":["GET"]}}],"collection":[{"href":"https:\/\/www.europesays.com\/fr\/wp-json\/wp\/v2\/posts"}],"about":[{"href":"https:\/\/www.europesays.com\/fr\/wp-json\/wp\/v2\/types\/post"}],"author":[{"embeddable":true,"href":"https:\/\/www.europesays.com\/fr\/wp-json\/wp\/v2\/users\/2"}],"replies":[{"embeddable":true,"href":"https:\/\/www.europesays.com\/fr\/wp-json\/wp\/v2\/comments?post=474380"}],"version-history":[{"count":0,"href":"https:\/\/www.europesays.com\/fr\/wp-json\/wp\/v2\/posts\/474380\/revisions"}],"wp:featuredmedia":[{"embeddable":true,"href":"https:\/\/www.europesays.com\/fr\/wp-json\/wp\/v2\/media\/474037"}],"wp:attachment":[{"href":"https:\/\/www.europesays.com\/fr\/wp-json\/wp\/v2\/media?parent=474380"}],"wp:term":[{"taxonomy":"category","embeddable":true,"href":"https:\/\/www.europesays.com\/fr\/wp-json\/wp\/v2\/categories?post=474380"},{"taxonomy":"post_tag","embeddable":true,"href":"https:\/\/www.europesays.com\/fr\/wp-json\/wp\/v2\/tags?post=474380"}],"curies":[{"name":"wp","href":"https:\/\/api.w.org\/{rel}","templated":true}]}}