{"id":474386,"date":"2025-10-19T08:27:15","date_gmt":"2025-10-19T08:27:15","guid":{"rendered":"https:\/\/www.europesays.com\/fr\/474386\/"},"modified":"2025-10-19T08:27:15","modified_gmt":"2025-10-19T08:27:15","slug":"estrosi-et-ciotti-denoncent-linterruption-du-match-nice-lyon","status":"publish","type":"post","link":"https:\/\/www.europesays.com\/fr\/474386\/","title":{"rendered":"Estrosi et Ciotti d\u00e9noncent l&rsquo;interruption du match Nice-Lyon"},"content":{"rendered":"<p>Le maire de Nice <a href=\"https:\/\/www.bienpublic.com\/p\/christian-estrosi\" target=\"_blank\" rel=\"noopener\">Christian Estrosi<\/a> et son principal opposant aux prochaines \u00e9lections municipales <a href=\"https:\/\/www.bienpublic.com\/p\/eric-ciotti\" target=\"_blank\" rel=\"noopener\">\u00c9ric Ciotti<\/a> ont tous les deux d\u00e9nonc\u00e9 l&rsquo;interruption momentan\u00e9e du <a href=\"https:\/\/www.bienpublic.com\/sport\/2025\/10\/18\/nouvelle-defaite-pour-lyon-battu-sur-la-pelouse-de-nice\" target=\"_blank\" rel=\"noopener\">match de L1 Nice-Lyon<\/a> samedi \u00e0 cause de chants anti-Daech entonn\u00e9s par les supporteurs ni\u00e7ois et jug\u00e9s homophobes.<\/p>\n<p>Christian Estrosi a regrett\u00e9 sur X la \u00ab d\u00e9cision totalement incompr\u00e9hensible d&rsquo;interrompre la partie \u00e0 la 86e minute, apr\u00e8s le traditionnel chant de nos supporters de la Populaire sud contre Daech et en forme d&rsquo;hommage aux victimes de l&rsquo;attentat du 14 juillet \u00bb, ajoutant qu&rsquo;\u00ab un peu de pr\u00e9paration et de discernement ne feraient pas de mal dans ces situations \u00bb. <\/p>\n<p>\u00c9ric Ciotti a lui d\u00e9plor\u00e9 sur le m\u00eame r\u00e9seau social \u00ab le manque total de discernement \u00bb de l&rsquo;arbitre et du d\u00e9l\u00e9gu\u00e9 de la rencontre. \u00ab Depuis 2016, la (tribune) populaire Sud et de nombreux supporteurs expriment ce que nous pensons tous : un message contre Daech, en hommage aux victimes. Je veux ce soir leur dire mon soutien \u00bb, a-t-il \u00e9crit.<\/p>\n<p>Hommage aux victimes<\/p>\n<p>Le pr\u00e9sident de l&rsquo;OGC Nice Fabrice Bocquet a d\u00e9nonc\u00e9 sur les r\u00e9seaux du club \u00ab un manque de respect pour les victimes du 14 juillet, leurs familles et toute la ville de Nice \u00bb. Il a expliqu\u00e9 que l&rsquo;arbitre J\u00e9r\u00f4me Brisard lui avait dit \u00ab avoir voulu appliquer les consignes \u00bb et avait \u00ab pr\u00e9sent\u00e9 ses excuses \u00bb. <\/p>\n<p>\u00c0 l&rsquo;Allianz Riviera, \u00e0 la 86e minute (comme le nombre de victimes de l&rsquo;attentat du 14 juillet 2016) de chaque rencontre de l&rsquo;OGCN depuis 2016, un c\u0153ur form\u00e9 du nom des victimes s&rsquo;affiche sur les \u00e9crans du stade et le public se manifeste avec des milliers de lumi\u00e8res de t\u00e9l\u00e9phones mobiles, ainsi que des chants, venus de la tribune populaire sud (\u00ab Daech, Daech, on t&rsquo;enc&#8230; \u00bb). Samedi, l&rsquo;arbitre a demand\u00e9 au speaker officiel de faire cesser les chants. Le jeu a \u00e9t\u00e9 interrompu deux minutes puis les m\u00eames exclamations ont repris durant plusieurs secondes d\u00e8s que le jeu a repris.<\/p>\n","protected":false},"excerpt":{"rendered":"Le maire de Nice Christian Estrosi et son principal opposant aux prochaines \u00e9lections municipales \u00c9ric Ciotti ont tous&hellip;\n","protected":false},"author":2,"featured_media":474387,"comment_status":"","ping_status":"","sticky":false,"template":"","format":"standard","meta":{"footnotes":""},"categories":[2819],"tags":[1111,11,1777,674,107,63,1011,27,329,12,2401,316,882,25,517,1947,1254],"class_list":{"0":"post-474386","1":"post","2":"type-post","3":"status-publish","4":"format-standard","5":"has-post-thumbnail","7":"category-nice","8":"tag-actu","9":"tag-actualites","10":"tag-eu","11":"tag-europe","12":"tag-fil-info","13":"tag-football","14":"tag-fr","15":"tag-france","16":"tag-france-monde","17":"tag-news","18":"tag-nice","19":"tag-politique","20":"tag-provence-alpes-cote-dazur","21":"tag-republique-francaise","22":"tag-sport","23":"tag-sport-national","24":"tag-terrorisme"},"share_on_mastodon":{"url":"https:\/\/pubeurope.com\/@fr\/115399887751450127","error":""},"_links":{"self":[{"href":"https:\/\/www.europesays.com\/fr\/wp-json\/wp\/v2\/posts\/474386","targetHints":{"allow":["GET"]}}],"collection":[{"href":"https:\/\/www.europesays.com\/fr\/wp-json\/wp\/v2\/posts"}],"about":[{"href":"https:\/\/www.europesays.com\/fr\/wp-json\/wp\/v2\/types\/post"}],"author":[{"embeddable":true,"href":"https:\/\/www.europesays.com\/fr\/wp-json\/wp\/v2\/users\/2"}],"replies":[{"embeddable":true,"href":"https:\/\/www.europesays.com\/fr\/wp-json\/wp\/v2\/comments?post=474386"}],"version-history":[{"count":0,"href":"https:\/\/www.europesays.com\/fr\/wp-json\/wp\/v2\/posts\/474386\/revisions"}],"wp:featuredmedia":[{"embeddable":true,"href":"https:\/\/www.europesays.com\/fr\/wp-json\/wp\/v2\/media\/474387"}],"wp:attachment":[{"href":"https:\/\/www.europesays.com\/fr\/wp-json\/wp\/v2\/media?parent=474386"}],"wp:term":[{"taxonomy":"category","embeddable":true,"href":"https:\/\/www.europesays.com\/fr\/wp-json\/wp\/v2\/categories?post=474386"},{"taxonomy":"post_tag","embeddable":true,"href":"https:\/\/www.europesays.com\/fr\/wp-json\/wp\/v2\/tags?post=474386"}],"curies":[{"name":"wp","href":"https:\/\/api.w.org\/{rel}","templated":true}]}}