{"id":474388,"date":"2025-10-19T08:28:22","date_gmt":"2025-10-19T08:28:22","guid":{"rendered":"https:\/\/www.europesays.com\/fr\/474388\/"},"modified":"2025-10-19T08:28:22","modified_gmt":"2025-10-19T08:28:22","slug":"cinq-ans-apres-ce-cabinet-veterinaire-pres-de-nantes-prend-une-nouvelle-dimension","status":"publish","type":"post","link":"https:\/\/www.europesays.com\/fr\/474388\/","title":{"rendered":"Cinq ans apr\u00e8s, ce cabinet v\u00e9t\u00e9rinaire pr\u00e8s de Nantes prend une nouvelle dimension"},"content":{"rendered":"<p>            Par<br \/>\n        <strong><br \/>\n            <a href=\"https:\/\/actu.fr\/auteur\/journaliste-sm\" title=\"Consulter tous les articles de R\u00e9daction Clisson\" target=\"_blank\" rel=\"noopener\">R\u00e9daction Clisson<\/a><br \/>\n        <\/strong><\/p>\n<p>        Publi\u00e9 le<\/p>\n<p>            18 oct. 2025 \u00e0 18h01        <\/p>\n<p>Cr\u00e9\u00e9 en 2017 par Sophie Facon \u00e0 l\u2019angle de la <a href=\"https:\/\/www.google.com\/maps\/place\/Rue+de+la+Croix+des+Foss%C3%A9s,+44115+Basse-Goulaine\/@47.2126649,-1.4738016,641m\/data=!3m2!1e3!4b1!4m6!3m5!1s0x4805e5f9f2a7742f:0x115a1324b5508941!8m2!3d47.2126613!4d-1.4712267!16s%2Fg%2F1vkxlm_j?entry=ttu&amp;g_ep=EgoyMDI1MTAxNC4wIKXMDSoASAFQAw%3D%3D\" target=\"_blank\" rel=\"noopener\">rue de la Croix des Foss\u00e9s<\/a> et de la<a href=\"https:\/\/www.google.com\/maps\/place\/Rue+des+Landes+de+la+Pl%C3%A9e,+44115+Basse-Goulaine\/@47.1993404,-1.468347,641m\/data=!3m2!1e3!4b1!4m6!3m5!1s0x4805e5face6d357d:0x562cbb7c1490416b!8m2!3d47.1993368!4d-1.4657721!16s%2Fg%2F11txhlvd74?entry=ttu&amp;g_ep=EgoyMDI1MTAxNC4wIKXMDSoASAFQAw%3D%3D\" target=\"_blank\" rel=\"noopener\"> rue des Landes de la Pl\u00e9e<\/a>, \u00e0 <a href=\"https:\/\/actu.fr\/pays-de-la-loire\/basse-goulaine_44009\" target=\"_blank\" rel=\"noopener\"><b>Basse-Goulaine<\/b><\/a>, le cabinet de v\u00e9t\u00e9rinaire <a href=\"https:\/\/www.vet4zoa.com\/\" target=\"_blank\" rel=\"noopener\">Vet4Zoa<\/a> a rapidement <b>acquis sa notori\u00e9t\u00e9<\/b>. En <b>2020<\/b>, la g\u00e9rante a \u00e9t\u00e9 rejointe par Louison Raymond qui est <b>devenue son associ\u00e9e.<\/b><\/p>\n<p class=\" wall-content\">Le b\u00e2timent de 100 m\u00b2 <b>a rapidement montr\u00e9 ses limites spatiales<\/b>. Lorsque la mairie a mis en vente <b><a href=\"https:\/\/www.basse-goulaine.fr\/multi-accueil-les-lutins\/\" target=\"_blank\" rel=\"noopener\">l\u2019ancien multi-accueil des Lutins<\/a>,<\/b> elles ont saut\u00e9 sur l\u2019occasion.<\/p>\n<blockquote class=\"ac-article-quote wall-content\">\n<p>Il nous fallait effectivement envisager un espace plus grand et plus agr\u00e9able pour tous, que ce soient pour les animaux ou les praticiens. C\u2019est pourquoi, cette opportunit\u00e9 nous est apparue id\u00e9ale avec de grandes surfaces vitr\u00e9es.<\/p>\n<p>Louison Raymond<\/p><\/blockquote>\n<p class=\" wall-content\">De plus, le d\u00e9m\u00e9nagement,<a href=\"https:\/\/www.google.com\/maps\/place\/Rue+de+la+Champagnere,+44115+Basse-Goulaine\/@47.2102885,-1.4661282,641m\/data=!3m2!1e3!4b1!4m6!3m5!1s0x4805e5e4885c492d:0xe6b0e30fe3015560!8m2!3d47.2102849!4d-1.4635533!16s%2Fg%2F1td75yx8?entry=ttu&amp;g_ep=EgoyMDI1MTAxNC4wIKXMDSoASAFQAw%3D%3D\" target=\"_blank\" rel=\"noopener\"> rue de la Champagn\u00e8re<\/a>, permettait \u00e0 l\u2019activit\u00e9 de <b>rester sur la commune.<\/b><\/p>\n<p class=\" wall-content\">Les deux associ\u00e9es se sont donc retrouv\u00e9es devant <b>un b\u00e2timent de 500 m\u00b2, <\/b>dont elles ont d\u00e9cid\u00e9 <b>de n\u2019occuper que la moiti\u00e9<\/b>, bien qu\u2019elles soient d\u00e9sormais <b>quatre v\u00e9t\u00e9rinaires plus trois assistantes<\/b> avec une salle de <b>radiologie<\/b>, une <b>d\u2019\u00e9chographie<\/b>, un<b> bloc op\u00e9ratoire<\/b>, <b>quatre salles de consultations, <\/b>dont une uniquement pour les chats, de <b>deux salles d\u2019attente,<\/b> ainsi qu\u2019une chatterie (espace pour chats convalescents) et un local pour garder les chiens en convalescence.<\/p>\n<p>Vid\u00e9os : en ce moment sur ActuUn p\u00f4le sport et sant\u00e9 \u00e0 c\u00f4t\u00e9<\/p>\n<blockquote class=\"ac-article-quote wall-content\">\n<p>Dans l\u2019autre partie, nous avons eu l\u2019id\u00e9e de la cr\u00e9ation du P\u00f4le sport et sant\u00e9 de la Champagn\u00e8re.<\/p>\n<p>Louison Raymond.<\/p><\/blockquote>\n<p>Votre r\u00e9gion, votre actu !<\/p>\n<p>Recevez chaque jour les infos qui comptent pour vous.<\/p>\n<p>\t<a href=\"https:\/\/actu.fr\/newsletter\" class=\"ac-btn ac-btn--corner ac-btn--medium ac-btn--blue800\" target=\"_blank\" rel=\"noopener\">S&rsquo;incrire<\/a><\/p>\n<p class=\" wall-content\">Ainsi, <b>huit professionnels se sont install\u00e9s<\/b>. Il y a Cyril Pruneau, <b>kin\u00e9sith\u00e9rapeute\u2009<\/b>; Simon Chimier <b>ost\u00e9opathe\u2009<\/b>; Charlotte Sellier, <b>chiropracteur<\/b>, Fabian Clouet, <b>ost\u00e9opathe<\/b>\u2009; Christina Leclerc, <b>psychologue\u2009<\/b>; Claudia Mevel, <b>hypnoth\u00e9rapeute\u2009<\/b>; Soraya Lafdali, <b>r\u00e9flexologue <\/b>et Sandrine <b>Pluvinage<\/b>. Ils b\u00e9n\u00e9ficient d\u2019<b>une grande salle d\u2019activit\u00e9 de 80 m\u00b2<\/b> ainsi que des <b>salles individuelles pour chacun d\u2019entre eux.<\/b><\/p>\n<p>Clinique Vet4Zoa 40 rue de la Champagn\u00e8re, contact\u2009: 02\u200928\u200902\u200986\u200932. Facebook\u2009: Clinique v\u00e9t\u00e9rinaire Vet4Zoa. Ouvert du lundi au vendredi de 8\u2009h \u00e0 12\u2009h\u200930 et de 14\u2009h \u00e0 19\u2009h sauf le mardi de 9\u2009h \u00e0 12\u2009h et de 14\u2009h \u00e0 18\u2009h, ainsi que le samedi de 9\u2009h \u00e0 12\u2009h.<\/p>\n<p class=\" wall-content\">Personnalisez votre actualit\u00e9 en ajoutant vos villes et m\u00e9dias en favori avec <a href=\"https:\/\/moncompte.actu.fr\" title=\"D\u00e9couvez Mon Actu\" rel=\"nofollow noopener\" data-trk=\"{&quot;cta&quot;:{&quot;action&quot;:&quot;https:\\\/\\\/moncompte.actu.fr&quot;,&quot;category&quot;:&quot;mon compte&quot;,&quot;from&quot;:&quot;article footer&quot;,&quot;name&quot;:&quot;Mon actu&quot;,&quot;type&quot;:&quot;cta&quot;}}\" target=\"_blank\">Mon Actu<\/a>.<\/p>\n","protected":false},"excerpt":{"rendered":"Par R\u00e9daction Clisson Publi\u00e9 le 18 oct. 2025 \u00e0 18h01 Cr\u00e9\u00e9 en 2017 par Sophie Facon \u00e0 l\u2019angle&hellip;\n","protected":false},"author":2,"featured_media":474389,"comment_status":"","ping_status":"","sticky":false,"template":"","format":"standard","meta":{"footnotes":""},"categories":[2818],"tags":[1111,11,1867,1777,674,1011,27,766,12,2636,25,71,104,2900],"class_list":{"0":"post-474388","1":"post","2":"type-post","3":"status-publish","4":"format-standard","5":"has-post-thumbnail","7":"category-nantes","8":"tag-actu","9":"tag-actualites","10":"tag-animaux","11":"tag-eu","12":"tag-europe","13":"tag-fr","14":"tag-france","15":"tag-nantes","16":"tag-news","17":"tag-pays-de-la-loire","18":"tag-republique-francaise","19":"tag-sante","20":"tag-societe","21":"tag-vignoble-nantais"},"share_on_mastodon":{"url":"https:\/\/pubeurope.com\/@fr\/115399891617314227","error":""},"_links":{"self":[{"href":"https:\/\/www.europesays.com\/fr\/wp-json\/wp\/v2\/posts\/474388","targetHints":{"allow":["GET"]}}],"collection":[{"href":"https:\/\/www.europesays.com\/fr\/wp-json\/wp\/v2\/posts"}],"about":[{"href":"https:\/\/www.europesays.com\/fr\/wp-json\/wp\/v2\/types\/post"}],"author":[{"embeddable":true,"href":"https:\/\/www.europesays.com\/fr\/wp-json\/wp\/v2\/users\/2"}],"replies":[{"embeddable":true,"href":"https:\/\/www.europesays.com\/fr\/wp-json\/wp\/v2\/comments?post=474388"}],"version-history":[{"count":0,"href":"https:\/\/www.europesays.com\/fr\/wp-json\/wp\/v2\/posts\/474388\/revisions"}],"wp:featuredmedia":[{"embeddable":true,"href":"https:\/\/www.europesays.com\/fr\/wp-json\/wp\/v2\/media\/474389"}],"wp:attachment":[{"href":"https:\/\/www.europesays.com\/fr\/wp-json\/wp\/v2\/media?parent=474388"}],"wp:term":[{"taxonomy":"category","embeddable":true,"href":"https:\/\/www.europesays.com\/fr\/wp-json\/wp\/v2\/categories?post=474388"},{"taxonomy":"post_tag","embeddable":true,"href":"https:\/\/www.europesays.com\/fr\/wp-json\/wp\/v2\/tags?post=474388"}],"curies":[{"name":"wp","href":"https:\/\/api.w.org\/{rel}","templated":true}]}}