{"id":474406,"date":"2025-10-19T08:37:12","date_gmt":"2025-10-19T08:37:12","guid":{"rendered":"https:\/\/www.europesays.com\/fr\/474406\/"},"modified":"2025-10-19T08:37:12","modified_gmt":"2025-10-19T08:37:12","slug":"au-pavillon-des-douanes-a-marseille-une-expo-photo-raconte-le-manque-degalite-face-a-la-mer","status":"publish","type":"post","link":"https:\/\/www.europesays.com\/fr\/474406\/","title":{"rendered":"Au Pavillon des douanes \u00e0 Marseille, une expo photo raconte le manque d&rsquo;\u00e9galit\u00e9 face \u00e0 la mer"},"content":{"rendered":"<p>Dans l\u2019eau, un petit gar\u00e7on, bonnet viss\u00e9 sur la t\u00eate, scrute le moniteur du regard. En fond, l\u2019eau du bassin et les cris de joies et parfois de peur des enfants. Ce clich\u00e9, immortalis\u00e9 par la photographe marseillaise Laura Timhadjelt, est expos\u00e9 en ce moment au Pavillon des Douanes dans le cadre de l\u2019exposition \u00ab\u00a0La mer, partage et \u00e9mancipation\u00a0\u00bb \u00e0 voir du 16\u00a0octobre au 14\u00a0novembre. Pendant deux semaines, l\u2019artiste, \u00e9galement conseill\u00e8re principale d\u2019\u00e9ducation (CPE), a suivi les projets de l\u2019association Marseille Capitale de la mer\u00a0: cours de natation, sorties en mer, formation au <a href=\"https:\/\/www.laprovence.com\/article\/region\/1986926098783715\/decouvrir-le-monde-marin-un-diplome-des-metiers-de-la-mer-au-lycee-caucadis-de-vitrolles\" target=\"_blank\" rel=\"noopener\">brevet d\u2019initiation \u00e0 la mer (BIM)<\/a>\u2026 Ses images rappellent aux visiteurs la premi\u00e8re volont\u00e9 de la structure\u00a0: que Marseille soit <a href=\"https:\/\/www.laprovence.com\/article\/societe\/1325778676276914\/marseille-capitale-de-la-mer\" target=\"_blank\" rel=\"noopener\">labellis\u00e9e \u00ab\u00a0Capitale de la mer\u00a0\u00bb.<\/a><\/p>\n<p>60% des enfants ne savent pas nager \u00e0 leur entr\u00e9e en 6e<\/p>\n<p>\u00ab\u00a0La mer relie les peuples, elle permet de faire soci\u00e9t\u00e9\u00a0\u00bb, lance Marie-Dominique Champloy, fondatrice de l\u2019association. Cr\u00e9\u00e9e en\u00a02019, la structure organise des sorties en mer, propose des cours de natation en partenariat avec le Cercle des nageurs et forme les Marseillais au BIM. \u00ab\u00a0L\u2019id\u00e9e est de cr\u00e9er du lien social entre les marins et les terriers et de permettre aux personnes pr\u00e9caires d\u2019avoir&#8230;<\/p>\n","protected":false},"excerpt":{"rendered":"Dans l\u2019eau, un petit gar\u00e7on, bonnet viss\u00e9 sur la t\u00eate, scrute le moniteur du regard. En fond, l\u2019eau&hellip;\n","protected":false},"author":2,"featured_media":474407,"comment_status":"","ping_status":"","sticky":false,"template":"","format":"standard","meta":{"footnotes":""},"categories":[2814],"tags":[17,1111,11,154,2822,1777,674,12176,1011,27,884,12,9402,2745,882,16,25,96],"class_list":{"0":"post-474406","1":"post","2":"type-post","3":"status-publish","4":"format-standard","5":"has-post-thumbnail","7":"category-marseille","8":"tag-17","9":"tag-actu","10":"tag-actualites","11":"tag-des","12":"tag-douanes","13":"tag-eu","14":"tag-europe","15":"tag-expo","16":"tag-fr","17":"tag-france","18":"tag-marseille","19":"tag-news","20":"tag-pavillon","21":"tag-photo","22":"tag-provence-alpes-cote-dazur","23":"tag-region","24":"tag-republique-francaise","25":"tag-une"},"share_on_mastodon":{"url":"https:\/\/pubeurope.com\/@fr\/115399926932000765","error":""},"_links":{"self":[{"href":"https:\/\/www.europesays.com\/fr\/wp-json\/wp\/v2\/posts\/474406","targetHints":{"allow":["GET"]}}],"collection":[{"href":"https:\/\/www.europesays.com\/fr\/wp-json\/wp\/v2\/posts"}],"about":[{"href":"https:\/\/www.europesays.com\/fr\/wp-json\/wp\/v2\/types\/post"}],"author":[{"embeddable":true,"href":"https:\/\/www.europesays.com\/fr\/wp-json\/wp\/v2\/users\/2"}],"replies":[{"embeddable":true,"href":"https:\/\/www.europesays.com\/fr\/wp-json\/wp\/v2\/comments?post=474406"}],"version-history":[{"count":0,"href":"https:\/\/www.europesays.com\/fr\/wp-json\/wp\/v2\/posts\/474406\/revisions"}],"wp:featuredmedia":[{"embeddable":true,"href":"https:\/\/www.europesays.com\/fr\/wp-json\/wp\/v2\/media\/474407"}],"wp:attachment":[{"href":"https:\/\/www.europesays.com\/fr\/wp-json\/wp\/v2\/media?parent=474406"}],"wp:term":[{"taxonomy":"category","embeddable":true,"href":"https:\/\/www.europesays.com\/fr\/wp-json\/wp\/v2\/categories?post=474406"},{"taxonomy":"post_tag","embeddable":true,"href":"https:\/\/www.europesays.com\/fr\/wp-json\/wp\/v2\/tags?post=474406"}],"curies":[{"name":"wp","href":"https:\/\/api.w.org\/{rel}","templated":true}]}}