{"id":474412,"date":"2025-10-19T08:41:19","date_gmt":"2025-10-19T08:41:19","guid":{"rendered":"https:\/\/www.europesays.com\/fr\/474412\/"},"modified":"2025-10-19T08:41:19","modified_gmt":"2025-10-19T08:41:19","slug":"la-seine-entre-dans-une-nouvelle-ere-du-transport-fluvial-et-autorise-les-bateaux-encore-plus-gros","status":"publish","type":"post","link":"https:\/\/www.europesays.com\/fr\/474412\/","title":{"rendered":"la Seine entre dans une nouvelle \u00e8re du transport fluvial et autorise les bateaux encore plus gros"},"content":{"rendered":"<p>            Par<br \/>\n        <strong><br \/>\n            <a href=\"https:\/\/actu.fr\/auteur\/dorinegoth\" title=\"Consulter tous les articles de Dorine Goth\" rel=\"nofollow noopener\" target=\"_blank\">Dorine Goth<\/a><br \/>\n        <\/strong><\/p>\n<p>        Publi\u00e9 le<\/p>\n<p>            19 oct. 2025 \u00e0 6h24        <\/p>\n<p>La Seine entre dans une nouvelle \u00e8re du transport fluvial. Mardi 14\u00a0octobre 2025, la pr\u00e9fecture d\u2019\u00cele-de-France a d\u00e9voil\u00e9 les nouvelles <strong>r\u00e8gles de navigation<\/strong> sur <a href=\"https:\/\/actu.fr\/tag\/la-seine\" rel=\"nofollow noopener\" target=\"_blank\"><strong>la Seine<\/strong><\/a> et <a href=\"https:\/\/actu.fr\/la-marne\/\" rel=\"nofollow noopener\" target=\"_blank\"><strong>la Marne<\/strong><\/a> \u00e0 <strong>Paris<\/strong> et dans le <strong>Val-de-Marne.<\/strong> Objectif\u2009: fluidifier la navigation alors que<strong> 17\u00a0millions de tonnes<\/strong> de marchandises ont transit\u00e9 en 2024. Et la navigation touristique n\u2019est pas en reste, selon les chiffres de l\u2019Observatoire du tourisme fluvial, entre<strong> 8 et 9\u00a0millions de passagers<\/strong> ont \u00e9t\u00e9 transport\u00e9s.<\/p>\n<p class=\" wall-content\">\u00ab\u2009La modernisation de la flotte, dot\u00e9e d\u2019\u00e9quipements plus performants, ouvre de nouvelles perspectives de d\u00e9veloppement du trafic dans Paris, notamment en mati\u00e8re de logistique urbaine et de massification des flux de marchandise\u2009\u00bb, explique la pr\u00e9fecture d\u2019\u00cele-de-France. Et pour \u00e7a, la s\u00e9curit\u00e9 avait besoin d\u2019\u00eatre renforc\u00e9e.<\/p>\n<p>Fluidifier le trafic<\/p>\n<p class=\" wall-content\">Ce renforcement passe par l\u2019obligation de <strong>radiot\u00e9l\u00e9phonie<\/strong> pour tous les bateaux, y compris ceux de plaisance et de passagers de moins de 20\u00a0m\u00e8tres, dont la puissance de motorisation est sup\u00e9rieure \u00e0 4,5\u00a0kW ou transportant jusqu\u2019\u00e0 12\u00a0personnes. Les bateaux, dont la <strong>puissance de motorisation est inf\u00e9rieure<\/strong> ou \u00e9gale \u00e0 <strong>4,5\u00a0kW<\/strong>, y compris sans permis, sont <strong>interdits dans Paris.<\/strong><\/p>\n<p class=\" wall-content\">En aval de <strong><a href=\"https:\/\/actu.fr\/ile-de-france\/paris_75056\/insolite-a-paris-cette-petite-ile-au-pied-de-la-tour-eiffel-a-failli-devenir-un-aeroport_62337248.html\" rel=\"nofollow noopener\" target=\"_blank\">l\u2019\u00eele aux Cygnes<\/a><\/strong>, les <strong>man\u0153uvres<\/strong> de revirement de plus de 180\u00b0 seront d\u00e9sormais <strong>encadr\u00e9es,<\/strong> tout comme celles de demi-tour en cas de forte crue. Le chenal navigable ne pourra plus \u00eatre coup\u00e9 pour desservir des escales \u00e0 passagers.<\/p>\n<p class=\" wall-content\">Autre nouveaut\u00e9, les <strong>bateaux de marchandise de 135\u00a0m\u00e8tres<\/strong> (contre 125\u00a0m\u00e8tres maximum auparavant) <strong>sont autoris\u00e9s<\/strong> hors p\u00e9riode de crue et sous r\u00e9serve de propulseur d\u2019\u00e9trave. Au niveau du bras Marie, les conditions de navigation sont \u00e9largies de 23\u00a0heures \u00e0 12\u00a0heures. En p\u00e9riode de crue, les conditions de travers\u00e9es de Paris sont assouplies.<\/p>\n<p class=\" wall-content\">Personnalisez votre actualit\u00e9 en ajoutant vos villes et m\u00e9dias en favori avec <a href=\"https:\/\/moncompte.actu.fr\" title=\"D\u00e9couvez Mon Actu\" rel=\"nofollow noopener\" data-trk=\"{&quot;cta&quot;:{&quot;action&quot;:&quot;https:\\\/\\\/moncompte.actu.fr&quot;,&quot;category&quot;:&quot;mon compte&quot;,&quot;from&quot;:&quot;article footer&quot;,&quot;name&quot;:&quot;Mon actu&quot;,&quot;type&quot;:&quot;cta&quot;}}\" target=\"_blank\">Mon Actu<\/a>.<\/p>\n","protected":false},"excerpt":{"rendered":"Par Dorine Goth Publi\u00e9 le 19 oct. 2025 \u00e0 6h24 La Seine entre dans une nouvelle \u00e8re du&hellip;\n","protected":false},"author":2,"featured_media":474413,"comment_status":"","ping_status":"","sticky":false,"template":"","format":"standard","meta":{"footnotes":""},"categories":[1592],"tags":[1111,11,1777,674,1011,27,662,12,626,25,104],"class_list":{"0":"post-474412","1":"post","2":"type-post","3":"status-publish","4":"format-standard","5":"has-post-thumbnail","7":"category-ile-de-france","8":"tag-actu","9":"tag-actualites","10":"tag-eu","11":"tag-europe","12":"tag-fr","13":"tag-france","14":"tag-ile-de-france","15":"tag-news","16":"tag-paris","17":"tag-republique-francaise","18":"tag-societe"},"share_on_mastodon":{"url":"https:\/\/pubeurope.com\/@fr\/115399942689245126","error":""},"_links":{"self":[{"href":"https:\/\/www.europesays.com\/fr\/wp-json\/wp\/v2\/posts\/474412","targetHints":{"allow":["GET"]}}],"collection":[{"href":"https:\/\/www.europesays.com\/fr\/wp-json\/wp\/v2\/posts"}],"about":[{"href":"https:\/\/www.europesays.com\/fr\/wp-json\/wp\/v2\/types\/post"}],"author":[{"embeddable":true,"href":"https:\/\/www.europesays.com\/fr\/wp-json\/wp\/v2\/users\/2"}],"replies":[{"embeddable":true,"href":"https:\/\/www.europesays.com\/fr\/wp-json\/wp\/v2\/comments?post=474412"}],"version-history":[{"count":0,"href":"https:\/\/www.europesays.com\/fr\/wp-json\/wp\/v2\/posts\/474412\/revisions"}],"wp:featuredmedia":[{"embeddable":true,"href":"https:\/\/www.europesays.com\/fr\/wp-json\/wp\/v2\/media\/474413"}],"wp:attachment":[{"href":"https:\/\/www.europesays.com\/fr\/wp-json\/wp\/v2\/media?parent=474412"}],"wp:term":[{"taxonomy":"category","embeddable":true,"href":"https:\/\/www.europesays.com\/fr\/wp-json\/wp\/v2\/categories?post=474412"},{"taxonomy":"post_tag","embeddable":true,"href":"https:\/\/www.europesays.com\/fr\/wp-json\/wp\/v2\/tags?post=474412"}],"curies":[{"name":"wp","href":"https:\/\/api.w.org\/{rel}","templated":true}]}}