{"id":474420,"date":"2025-10-19T08:45:18","date_gmt":"2025-10-19T08:45:18","guid":{"rendered":"https:\/\/www.europesays.com\/fr\/474420\/"},"modified":"2025-10-19T08:45:18","modified_gmt":"2025-10-19T08:45:18","slug":"quand-des-stars-de-la-chanson-francaise-saffichent-en-couple-a-paris-en-lhonneur-dune-grande-figure-du-milieu","status":"publish","type":"post","link":"https:\/\/www.europesays.com\/fr\/474420\/","title":{"rendered":"Quand des stars de la chanson fran\u00e7aise s\u2019affichent en couple \u00e0 Paris en l&rsquo;honneur d&rsquo;une grande figure du milieu"},"content":{"rendered":"<p>            <img loading=\"lazy\" decoding=\"async\" src=\"https:\/\/www.europesays.com\/fr\/wp-content\/uploads\/2025\/04\/49-60dc2c1e154d9-35x35-1.jpg\" class=\"author-article-picture\" width=\"35\" height=\"35\"\/><\/p>\n<p>                Par<br \/>\n                                    <a class=\"author-article-bio-link\" href=\"https:\/\/www.purepeople.com\/auteur\/anouchka-volkov_a49\" rel=\"nofollow noopener\" target=\"_blank\">Anouchka Volkov<\/a><br \/>\n                                                    | R\u00e9dactrice<\/p>\n<p>\n                Anouchka m\u00e8ne l\u2019enqu\u00eate pour d\u00e9nicher et trouver tous les scoops li\u00e9s aux stars.\n            <\/p>\n<p>\n    \u00c0 l\u2019occasion de la soir\u00e9e hommage \u00e0 Claude Lemesle, plusieurs grands noms de la chanson fran\u00e7aise se sont retrouv\u00e9s \u00e0 Paris le 12 octobre 2025. Michel Fugain, Gilbert Montagn\u00e9, Nana Mouskouri mais aussi Fran\u00e7ois Val\u00e9ry et leurs partenaires ont partag\u00e9 \u00e9motions et fous rires lors de cet \u00e9v\u00e9nement parisien.\n<\/p>\n<p>                            <img loading=\"lazy\" decoding=\"async\" class=\"player-thumbnail\" src=\"https:\/\/www.europesays.com\/fr\/wp-content\/uploads\/2025\/10\/27db1911c8b4c525-580x326-1.jpg\" width=\"580\" height=\"326\"\/><\/p>\n<p>                    Quand des stars de la chanson fran\u00e7aise s\u2019affichent en couple \u00e0 Paris en l&rsquo;honneur d&rsquo;une grande figure du milieu<\/p>\n<p>La suite apr\u00e8s la publicit\u00e9<\/p>\n<p>Invit\u00e9 \u00e0 l&rsquo;occasion d&rsquo;une soir\u00e9e c\u00e9l\u00e9brant Claude Lemesle, qui a re\u00e7u la cravate des Arts et des Lettres des mains de G\u00e9rard Davoust \u00e0 Paris le 12 octobre 2025, <a href=\"https:\/\/www.purepeople.com\/people\/michel-fugain_p1351\" rel=\"nofollow noopener\" target=\"_blank\">Michel Fugain<\/a> est venu accompagn\u00e9 de sa femme <a href=\"https:\/\/www.purepeople.com\/article\/sans-sa-magnifique-femme-sanda-michel-fugain-n-aurait-jamais-retrouve-le-gout-de-vivre-je-l-ai-longtemps-appele-ma-sirene_a534330\/1\" rel=\"nofollow noopener\" target=\"_blank\">Sanda<\/a>. Toujours tr\u00e8s complices, le couple, qui s&rsquo;est <a href=\"https:\/\/www.purepeople.com\/article\/michel-fugain-remarie-a-sanda-son-ex-stephanie-pas-tendre-avec-elle-je-n-ai-absolument-aucun-respect_a508553\/1\" rel=\"nofollow noopener\" target=\"_blank\">mari\u00e9 en 2014<\/a>, a pu retrouver d&rsquo;autres amis comme <a href=\"https:\/\/www.purepeople.com\/people\/gilbert-montagne_p1942\" rel=\"nofollow noopener\" target=\"_blank\">Gilbert Montagn\u00e9<\/a>, venu avec sa femme <a href=\"https:\/\/www.purepeople.com\/article\/gilbert-montagne-avec-sa-femme-nikole-le-couple-dans-les-coulisses-du-theatre-mogador-pour-une-representation-speciale-du-roi-lion_a539106\/1\" rel=\"nofollow noopener\" target=\"_blank\">Nikole<\/a>.\u00a0<\/p>\n<p>Toujours tr\u00e8s admiratif de son \u00e9pouse, l&rsquo;interpr\u00e8te du titre Une belle histoire &#8211; qui <a href=\"https:\/\/www.purepeople.com\/article\/mort-de-laurette-fugain-sa-maman-stephanie-brisee-conserve-un-objet-precieusement_a499460\/1\" rel=\"nofollow noopener\" target=\"_blank\">a perdu sa fille Laurette en 2002<\/a> &#8211; avait confi\u00e9 dans La Bo\u00eete \u00e0 secrets : \u00ab\u00a0Elle m&rsquo;a sauv\u00e9 la vie. Je l&rsquo;ai appel\u00e9e longtemps ma sir\u00e8ne parce que j&rsquo;ai coul\u00e9, je n&rsquo;avais plus envie, je suis mort avec ma fille. J&rsquo;ai coul\u00e9 et elle m&rsquo;a attrap\u00e9 et m&rsquo;a remont\u00e9 \u00e0 la surface. Elle m&rsquo;a fait prendre ma premi\u00e8re goul\u00e9e d&rsquo;air.\u00a0\u00bb<\/p>\n<p>De son c\u00f4t\u00e9, Gilbert Montagn\u00e9 \u00e9tait aussi bien accompagn\u00e9 et a pu poser avec Rachelle Plas, Philippe Hervou\u00ebt, Claude Lemesle, Nana Mouskouri, G\u00e9rard Davoust, Sanda et Anne Sila. Fusionnelle avec son \u00e9poux, Nikole avait elle aussi fait de touchantes confidences \u00e0 son propos face aux journalistes du magazine Gala : \u00ab\u00a0D\u00e8s le d\u00e9part, Gilbert a eu l&rsquo;\u00e9coute dont toute femme r\u00eaverait. Il \u00e9tait l\u00e0. En fait, on s&rsquo;est consol\u00e9s, on s&rsquo;est r\u00e9par\u00e9s l&rsquo;un l&rsquo;autre. Enfin, peut-\u00eatre que, plus que lui, j&rsquo;ai eu besoin de son aide. Au fil des ann\u00e9es, quelque chose de profond s&rsquo;est nou\u00e9, et les familles se sont recompos\u00e9es doucement.\u00a0\u00bb<\/p>\n<p>L&rsquo;amour \u00e0 Paris<\/p>\n<p>Autre couple pr\u00e9sent pendant cet \u00e9v\u00e9nement : <a href=\"https:\/\/www.purepeople.com\/people\/nana-mouskouri_p1918\" rel=\"nofollow noopener\" target=\"_blank\">Nana Mouskouri<\/a> et son mari <a href=\"https:\/\/www.purepeople.com\/article\/nana-mouskouri-mariee-a-andre-chapelle-depuis-20-ans-j-ai-peur-de-le-perdre_a515194\/1\" rel=\"nofollow noopener\" target=\"_blank\">Andr\u00e9 Chapelle<\/a>. Amoureux depuis pr\u00e8s de 50 ans, elle avait r\u00e9v\u00e9l\u00e9 l&rsquo;aimer comme au premier jour face \u00e0 nos confr\u00e8res de Gala : \u00ab\u00a0On est toujours amoureux. Quand il est l\u00e0, je suis bien. J&rsquo;ai peur de le perdre. Et c\u2019est la m\u00eame chose pour lui (&#8230;) Nous partageons ce m\u00eame amour et ce m\u00eame respect pour la musique et le travail. Je suis tr\u00e8s heureuse de l&rsquo;avoir trouv\u00e9. Ou est-ce lui qui m&rsquo;a trouv\u00e9e, je ne sais pas&#8230;\u00a0\u00bb.\u00a0<\/p>\n<p>Ce n&rsquo;\u00e9tait pas le seul couple pr\u00e9sent puisque <a href=\"https:\/\/www.purepeople.com\/article\/francois-valery-et-son-ex-nicole-calfan-reunis-pour-le-mariage-de-leur-fils-aine-marc-lavoine-present-en-solo_a542423\/1\" rel=\"nofollow noopener\" target=\"_blank\">Francois Val\u00e9ry \u00e9tait lui aussi venu avec sa femme Carole<\/a> qui ne souhaite pas \u00eatre m\u00e9diatis\u00e9e. \u00ab\u00a0C&rsquo;est elle qui ne le veut pas, mais elle va le vouloir bient\u00f4t, je pense, j&rsquo;esp\u00e8re. Mais ce n&rsquo;est pas le principal. Ce qui compte, c&rsquo;est ce qu&rsquo;elle aime, ce qu&rsquo;elle veut faire.\u00a0\u00bb, avait-il indiqu\u00e9 lors d&rsquo;une interview avec Jordan de Luxe. Peut-\u00eatre a-t-elle chang\u00e9 d&rsquo;avis depuis ?<\/p>\n<p>D\u00e9cid\u00e9ment, l\u2019amour \u00e9tait au rendez-vous lors de cette soir\u00e9e. Entre complicit\u00e9 et tendresse, ces couples nous rappellent que, au-del\u00e0 des projecteurs, c\u2019est le lien du c\u0153ur qui reste la plus belle des m\u00e9lodies.<\/p>\n","protected":false},"excerpt":{"rendered":"Par Anouchka Volkov | R\u00e9dactrice Anouchka m\u00e8ne l\u2019enqu\u00eate pour d\u00e9nicher et trouver tous les scoops li\u00e9s aux stars.&hellip;\n","protected":false},"author":2,"featured_media":474421,"comment_status":"","ping_status":"","sticky":false,"template":"","format":"standard","meta":{"footnotes":""},"categories":[1888],"tags":[11,1777,674,1011,27,12,626,25],"class_list":{"0":"post-474420","1":"post","2":"type-post","3":"status-publish","4":"format-standard","5":"has-post-thumbnail","7":"category-paris","8":"tag-actualites","9":"tag-eu","10":"tag-europe","11":"tag-fr","12":"tag-france","13":"tag-news","14":"tag-paris","15":"tag-republique-francaise"},"share_on_mastodon":{"url":"https:\/\/pubeurope.com\/@fr\/115399958966943242","error":""},"_links":{"self":[{"href":"https:\/\/www.europesays.com\/fr\/wp-json\/wp\/v2\/posts\/474420","targetHints":{"allow":["GET"]}}],"collection":[{"href":"https:\/\/www.europesays.com\/fr\/wp-json\/wp\/v2\/posts"}],"about":[{"href":"https:\/\/www.europesays.com\/fr\/wp-json\/wp\/v2\/types\/post"}],"author":[{"embeddable":true,"href":"https:\/\/www.europesays.com\/fr\/wp-json\/wp\/v2\/users\/2"}],"replies":[{"embeddable":true,"href":"https:\/\/www.europesays.com\/fr\/wp-json\/wp\/v2\/comments?post=474420"}],"version-history":[{"count":0,"href":"https:\/\/www.europesays.com\/fr\/wp-json\/wp\/v2\/posts\/474420\/revisions"}],"wp:featuredmedia":[{"embeddable":true,"href":"https:\/\/www.europesays.com\/fr\/wp-json\/wp\/v2\/media\/474421"}],"wp:attachment":[{"href":"https:\/\/www.europesays.com\/fr\/wp-json\/wp\/v2\/media?parent=474420"}],"wp:term":[{"taxonomy":"category","embeddable":true,"href":"https:\/\/www.europesays.com\/fr\/wp-json\/wp\/v2\/categories?post=474420"},{"taxonomy":"post_tag","embeddable":true,"href":"https:\/\/www.europesays.com\/fr\/wp-json\/wp\/v2\/tags?post=474420"}],"curies":[{"name":"wp","href":"https:\/\/api.w.org\/{rel}","templated":true}]}}