{"id":474425,"date":"2025-10-19T08:48:17","date_gmt":"2025-10-19T08:48:17","guid":{"rendered":"https:\/\/www.europesays.com\/fr\/474425\/"},"modified":"2025-10-19T08:48:17","modified_gmt":"2025-10-19T08:48:17","slug":"gaza-le-hamas-preparerait-une-attaque-imminente-contre-des-civils-selon-les-etats-unis","status":"publish","type":"post","link":"https:\/\/www.europesays.com\/fr\/474425\/","title":{"rendered":"Gaza : le Hamas pr\u00e9parerait une attaque imminente contre des civils, selon les \u00c9tats-Unis"},"content":{"rendered":"<ul class=\"jsx-862013697 ArticleChapo__List\">\n<li class=\"jsx-862013697 ArticleChapo__List_Item flex\">Le mouvement islamiste palestinien pr\u00e9parerait une attaque imminente contre des civils \u00e0 Gaza.<\/li>\n<li class=\"jsx-862013697 ArticleChapo__List_Item flex\">C&rsquo;est ce que le d\u00e9partement d&rsquo;\u00c9tat a indiqu\u00e9 samedi, pr\u00e9cisant disposer d'\u00a0\u00bbinformations cr\u00e9dibles\u00a0\u00bb \u00e0 ce sujet.<\/li>\n<li class=\"jsx-862013697 ArticleChapo__List_Item flex\">Cela serait une \u00ab\u00a0violation du cessez-le-feu\u00a0\u00bb, souligne-t-il.<\/li>\n<\/ul>\n<p><a href=\"https:\/\/www.tf1info.fr\/actualite\/guerre-israel-hamas-le-plan-de-paix-de-donald-trump-enfin-un-tournant-dans-la-guerre-a-gaza-13863\/\" rel=\"noopener\" class=\"jsx-484472199 Link jsx-1428418400 jsx-554215408\" target=\"_blank\"><\/p>\n<p style=\"font-weight:400\" class=\"jsx-1837267516\">Suivez la couverture compl\u00e8te<\/p>\n<p style=\"font-weight:800\" class=\"jsx-1837267516\">\u00c0 Gaza, un fragile cessez-le-feu dans le cadre du plan Trump<\/p>\n<p><\/a><\/p>\n<p data-module=\"article-paragraph\" class=\"jsx-3046738180 Paragraph Paragraph__End\">Les \u00c9tats-Unis de Donald Trump continuent de mettre la pression sur <a href=\"https:\/\/www.tf1info.fr\/international\/video-lci-gaza-il-mene-une-double-bataille-pourquoi-le-hamas-n-est-pas-mort-malgre-l-accord-avec-israel-2400459.html\" target=\"_blank\" rel=\"noopener\">le Hamas<\/a>. Le d\u00e9partement d&rsquo;\u00c9tat a indiqu\u00e9 samedi 18 octobre disposer d'\u00a0\u00bbinformations cr\u00e9dibles\u00a0\u00bb selon lesquelles le mouvement islamiste palestinien pr\u00e9parerait une attaque imminente contre des civils <a href=\"https:\/\/www.tf1info.fr\/international\/video-reportage-on-revient-pour-reconstruire-a-gaza-des-centaines-de-milliers-de-palestiniens-de-retour-entre-les-ruines-2400543.html\" target=\"_blank\" rel=\"noopener\">\u00e0 Gaza<\/a>. \u00ab\u00a0Cette attaque planifi\u00e9e contre des civils palestiniens constituerait une violation directe et grave de l&rsquo;accord de cessez-le-feu et compromettrait les progr\u00e8s significatifs r\u00e9alis\u00e9s gr\u00e2ce aux efforts de m\u00e9diation\u00a0\u00bb, a d\u00e9clar\u00e9 le d\u00e9partement d&rsquo;\u00c9tat dans un communiqu\u00e9.<\/p>\n<p data-module=\"article-paragraph\" class=\"jsx-3046738180 Paragraph Paragraph__End\">\u00ab\u00a0Si le Hamas r\u00e9alise cette attaque, des mesures seront prises pour prot\u00e9ger la population de Gaza et pr\u00e9server l&rsquo;int\u00e9grit\u00e9 du cessez-le-feu\u00a0\u00bb, ajoute-t-il. Le communiqu\u00e9 ne d\u00e9taille pas ces mesures.\u00a0<\/p>\n<p data-module=\"article-paragraph\" class=\"jsx-3046738180 Paragraph Paragraph__End\">Le Hamas a r\u00e9agi, accusant ce dimanche les autorit\u00e9s isra\u00e9liennes d&rsquo;avoir form\u00e9, arm\u00e9 et financ\u00e9 des \u00ab\u00a0gangs criminels\u00a0\u00bb qui ont commis des meurtres, des enl\u00e8vements et aid\u00e9 au pillage, rapporte Reuters. Le groupe militant palestinien a d\u00e9clar\u00e9 que les forces de police de Gaza faisaient leur devoir en poursuivant ces gangs afin de les traduire en justice. \u00ab\u00a0Le mouvement appelle l&rsquo;administration am\u00e9ricaine \u00e0 cesser de r\u00e9p\u00e9ter le discours trompeur de l&rsquo;occupant\u00a0\u00bb, a-t-il ajout\u00e9.\u00a0<\/p>\n<p>Trump menace \u00ab\u00a0d&rsquo;aller les tuer\u00a0\u00bb des membres du Hamas<\/p>\n<p data-module=\"article-paragraph\" class=\"jsx-3046738180 Paragraph Paragraph__End\">Donald Trump <a href=\"https:\/\/www.tf1info.fr\/international\/donald-trump-menace-d-aller-tuer-les-membres-du-hamas-s-ils-continuent-a-tuer-des-gens-a-gaza-2401056.html\" target=\"_blank\" rel=\"noopener\">a d\u00e9j\u00e0 menac\u00e9 le Hamas<\/a> de repr\u00e9sailles apr\u00e8s l&rsquo;ex\u00e9cution de civils cette semaine. \u00ab\u00a0Si le Hamas continue \u00e0 tuer des gens \u00e0 Gaza, ce qui n&rsquo;\u00e9tait pas pr\u00e9vu dans l&rsquo;accord, nous n&rsquo;aurons pas d&rsquo;autre choix que d&rsquo;aller les tuer\u00a0\u00bb, a \u00e9crit jeudi le pr\u00e9sident am\u00e9ricain sur son r\u00e9seau Truth Social. Il n&rsquo;a pas pr\u00e9cis\u00e9 qui serait charg\u00e9 de cette potentielle op\u00e9ration. Deux jours plus t\u00f4t, Donald Trump avait d\u00e9clar\u00e9 que les \u00c9tats-Unis \u00e9taient pr\u00eats \u00e0 \u00ab\u00a0d\u00e9sarmer\u00a0\u00bb le mouvement islamiste palestinien par la force, avant de pr\u00e9ciser par la suite qu&rsquo;il ne serait \u00ab\u00a0pas n\u00e9cessaire (d&rsquo;engager des) soldats am\u00e9ricains\u00a0\u00bb pour cela.<\/p>\n<p data-module=\"article-paragraph\" class=\"jsx-3046738180 Paragraph Paragraph__End\">Le Hamas et Isra\u00ebl ont convenu la semaine derni\u00e8re d&rsquo;<a href=\"https:\/\/www.tf1info.fr\/international\/gaza-apres-le-cessez-le-feu-et-la-liberation-des-otages-israeliens-que-prevoit-le-plan-de-paix-de-donaldetrump-2400245.html\" target=\"_blank\" rel=\"noopener\">un accord de paix par \u00e9tapes<\/a> par lequel Isra\u00ebl devait mettre fin \u00e0 son offensive militaire \u00e0 Gaza en \u00e9change de la lib\u00e9ration des otages encore d\u00e9tenus par le Hamas apr\u00e8s l&rsquo;attaque du 7 octobre 2023. La premi\u00e8re phase de l&rsquo;accord, impliquant la lib\u00e9ration des otages vivants, et le retour des d\u00e9pouilles des otages morts, est en cours de mise en \u0153uvre. Washington a d\u00e9clar\u00e9 avoir inform\u00e9 les garants de l&rsquo;accord de paix &#8211; parmi lesquels les \u00c9tats-Unis, l&rsquo;\u00c9gypte, le Qatar et la Turquie &#8211; de la \u00ab\u00a0violation imminente du cessez-le-feu par le Hamas\u00a0\u00bb.<\/p>\n<p><a href=\"https:\/\/www.tf1info.fr\/international\/executions-sommaires-rivalites-avec-d-autres-clans-le-hamas-tente-de-reprendre-le-controle-de-gaza-apres-le-cessez-le-feu-2400787.html\" rel=\"noopener\" class=\"jsx-3308031228 Link flex\" target=\"_blank\"><img decoding=\"async\" src=\"https:\/\/www.europesays.com\/fr\/wp-content\/uploads\/2025\/10\/hamas-gaza-jta-illustr-7d4b1f-0@1x.jpeg\" alt=\"TF1\" loading=\"lazy\" importance=\"low\" fetchpriority=\"low\" class=\"\" aria-hidden=\"true\"\/><\/p>\n<p class=\"jsx-3657663356 ReadMoreArticle__Title\">Lire aussi<\/p>\n<p class=\"jsx-3657663356\">Ex\u00e9cutions sommaires, rivalit\u00e9s avec d&rsquo;autres clans&#8230; \u00c0 Gaza, le Hamas tente de reprendre le contr\u00f4le par la terreur<\/p>\n<p><\/a><\/p>\n<p data-module=\"article-paragraph\" class=\"jsx-3046738180 Paragraph\">Le mouvement palestinien <a href=\"https:\/\/www.tf1info.fr\/international\/executions-et-affrontements-meurtriers-l-apres-guerre-a-gaza-commence-dans-la-violence-2400490.html\" target=\"_blank\" rel=\"noopener\">a voulu resserrer son emprise<\/a> sur la bande de Gaza d\u00e9vast\u00e9e cette semaine avec une campagne de repr\u00e9sailles et des ex\u00e9cutions de personnes soup\u00e7onn\u00e9es d&rsquo;avoir collabor\u00e9 avec Isra\u00ebl. Le Hamas a diffus\u00e9 mardi une vid\u00e9o montrant des ex\u00e9cutions sommaires de \u00ab\u00a0collaborateurs\u00a0\u00bb pr\u00e9sum\u00e9s en pleine rue \u00e0 Gaza-ville.<\/p>\n<p data-module=\"article-paragraph\" class=\"jsx-3046738180 Paragraph Paragraph__End\">La \u00ab\u00a0Force dissuasive\u00a0\u00bb, organe r\u00e9cemment cr\u00e9\u00e9 au sein de l&rsquo;appareil s\u00e9curitaire du Hamas, \u00ab\u00a0m\u00e8ne une op\u00e9ration\u00a0\u00bb pour \u00ab\u00a0neutraliser des personnes recherch\u00e9es\u00a0\u00bb, avait indiqu\u00e9 mardi \u00e0 l&rsquo;AFP une source de s\u00e9curit\u00e9 palestinienne \u00e0 Gaza.\u00a0<\/p>\n<p>J.C avec AFP<\/p>\n","protected":false},"excerpt":{"rendered":"Le mouvement islamiste palestinien pr\u00e9parerait une attaque imminente contre des civils \u00e0 Gaza. C&rsquo;est ce que le d\u00e9partement&hellip;\n","protected":false},"author":2,"featured_media":474426,"comment_status":"","ping_status":"","sticky":false,"template":"","format":"standard","meta":{"footnotes":""},"categories":[1589],"tags":[59771,1111,11,1921,4628,75,73,1866,3519,1922,664,12736,12,3518,59772,1864,1865,1863,308,133,1920],"class_list":{"0":"post-474425","1":"post","2":"type-post","3":"status-publish","4":"format-standard","5":"has-post-thumbnail","7":"category-etats-unis","8":"tag-a-gaza","9":"tag-actu","10":"tag-actualites","11":"tag-article-video","12":"tag-bande-de-gaza","13":"tag-donald-trump","14":"tag-etats-unis","15":"tag-etats-unis-damerique","16":"tag-hamas","17":"tag-info","18":"tag-israel","19":"tag-israel-palestine","20":"tag-news","21":"tag-palestine","22":"tag-un-fragile-cessez-le-feu-dans-le-cadre-du-plan-trump","23":"tag-united-states","24":"tag-united-states-of-america","25":"tag-us","26":"tag-usa","27":"tag-video","28":"tag-video-international"},"share_on_mastodon":{"url":"https:\/\/pubeurope.com\/@fr\/115399971025562361","error":""},"_links":{"self":[{"href":"https:\/\/www.europesays.com\/fr\/wp-json\/wp\/v2\/posts\/474425","targetHints":{"allow":["GET"]}}],"collection":[{"href":"https:\/\/www.europesays.com\/fr\/wp-json\/wp\/v2\/posts"}],"about":[{"href":"https:\/\/www.europesays.com\/fr\/wp-json\/wp\/v2\/types\/post"}],"author":[{"embeddable":true,"href":"https:\/\/www.europesays.com\/fr\/wp-json\/wp\/v2\/users\/2"}],"replies":[{"embeddable":true,"href":"https:\/\/www.europesays.com\/fr\/wp-json\/wp\/v2\/comments?post=474425"}],"version-history":[{"count":0,"href":"https:\/\/www.europesays.com\/fr\/wp-json\/wp\/v2\/posts\/474425\/revisions"}],"wp:featuredmedia":[{"embeddable":true,"href":"https:\/\/www.europesays.com\/fr\/wp-json\/wp\/v2\/media\/474426"}],"wp:attachment":[{"href":"https:\/\/www.europesays.com\/fr\/wp-json\/wp\/v2\/media?parent=474425"}],"wp:term":[{"taxonomy":"category","embeddable":true,"href":"https:\/\/www.europesays.com\/fr\/wp-json\/wp\/v2\/categories?post=474425"},{"taxonomy":"post_tag","embeddable":true,"href":"https:\/\/www.europesays.com\/fr\/wp-json\/wp\/v2\/tags?post=474425"}],"curies":[{"name":"wp","href":"https:\/\/api.w.org\/{rel}","templated":true}]}}