{"id":474436,"date":"2025-10-19T08:54:12","date_gmt":"2025-10-19T08:54:12","guid":{"rendered":"https:\/\/www.europesays.com\/fr\/474436\/"},"modified":"2025-10-19T08:54:12","modified_gmt":"2025-10-19T08:54:12","slug":"les-heures-creuses-evoluent-pour-mieux-profiter-du-soleil-ce-qui-va-changer-a-partir-du-1er-novembre","status":"publish","type":"post","link":"https:\/\/www.europesays.com\/fr\/474436\/","title":{"rendered":"les heures creuses \u00e9voluent pour mieux profiter du soleil\u2026 ce qui va changer \u00e0 partir du 1er\u00a0novembre"},"content":{"rendered":"<p>Ce changement dans le <a href=\"https:\/\/www.laprovence.com\/article\/france-monde\/97278401845043\/electricite-les-heures-creuses-evoluent-pour-mieux-profiter-du-soleil\" target=\"_blank\" rel=\"nofollow noopener\">vieux dispositif des heures creuses\/heures pleines <\/a>(HC\/HP) vise \u00e0 lisser la consommation d\u2019\u00e9lectricit\u00e9 en incitant les particuliers \u00e0 faire fonctionner leur chauffe-eau, leur s\u00e8che-linge ou recharger leur v\u00e9hicule \u00e9lectrique en dehors des pics de consommation du soir ou du matin.<\/p>\n<p>Outre <a href=\"https:\/\/www.laprovence.com\/article\/economie\/3681146697662814\/electricite-quels-foyers-vont-ils-pour-pouvoir-profiter-des-heures-creuses-supplementaires-en-journee\" target=\"_blank\" rel=\"nofollow noopener\">la baisse des factures<\/a>, la r\u00e9forme mise en \u0153uvre par Enedis, le gestionnaire du r\u00e9seau de distribution, va aider \u00e0 \u00e9quilibrer le syst\u00e8me \u00e9lectrique et r\u00e9duire le ph\u00e9nom\u00e8ne des prix dits \u00ab\u00a0n\u00e9gatifs\u00a0\u00bb de l\u2019\u00e9lectricit\u00e9, lorsque l\u2019offre est sup\u00e9rieure \u00e0 la demande et que les prix passent en dessous de z\u00e9ro.<\/p>\n<p>\u00ab\u00a0C\u2019est un outil de flexibilit\u00e9 majeur au service du syst\u00e8me \u00e9lectrique gr\u00e2ce au pilotage automatique de certains usages\u00a0\u00bb, explique Timoth\u00e9e Furois, directeur du programme flexibilit\u00e9s d\u2019Enedis.<\/p>\n<p>\u00ab\u00a0C\u2019est aussi une opportunit\u00e9 pour les clients d\u2019\u00eatre \u00e0 la fois acteurs de la transition \u00e9nerg\u00e9tique [\u2026] et de b\u00e9n\u00e9ficier de prix plus avantageux\u00a0\u00bb lorsque la \u00ab\u00a0production d\u00e9carbon\u00e9e solaire est la plus abondante\u00a0\u00bb.<\/p>\n<p>La r\u00e9forme devrait permettre de d\u00e9placer \u00ab\u00a0de l\u2019ordre de 5 gigawatts (GW) de consommation vers l\u2019apr\u00e8s-midi pendant les mois les plus ensoleill\u00e9s\u00a0\u00bb, estime-t-il. Soit environ l\u2019\u00e9quivalent de cinq r\u00e9acteurs nucl\u00e9aires.<\/p>\n<p>Les HC\/HP avaient \u00e9t\u00e9 mises en place dans les ann\u00e9es\u00a01960 dans la foul\u00e9e des premi\u00e8res centrales nucl\u00e9aires, pr\u00e9cis\u00e9ment pour d\u00e9placer vers la nuit une partie de la consommation.<\/p>\n<p>La r\u00e9forme actuelle est li\u00e9e au boom des \u00e9nergies renouvelables et rendue possible par les changements de modes vie et de consommation, le t\u00e9l\u00e9travail ou la programmation des appareils \u00e9lectrom\u00e9nagers et chauffe-eau.<\/p>\n<p>\u00ab\u00a0Pas mal de plages d\u2019heures creuses sont plac\u00e9es \u00e0 des moments qui ne sont plus des moments creux pour le syst\u00e8me, et inversement on a assez peu d\u2019heures creuses \u00e0 des moments qui sont utiles pour le consommateur et pour le syst\u00e8me\u00a0\u00bb, expliquait Emmanuelle Wargon, la pr\u00e9sidente de la Commission de r\u00e9gulation de l\u2019\u00e9nergie (CRE), en pr\u00e9sentant la r\u00e9forme en f\u00e9vrier.<\/p>\n<p>Au total, onze millions de foyers sont concern\u00e9s sur les 14,5 disposant de l\u2019option HP\/HC. Les 3,5\u00a0millions restants b\u00e9n\u00e9ficient d\u00e9j\u00e0 de plages horaires compatibles avec les nouvelles r\u00e8gles.<\/p>\n<p>La r\u00e9forme se fera en deux temps, du 1er\u00a0novembre\u00a02025 \u00e0 octobre\u00a02027, et ne concernera que les clients ayant un compteur communicant Linky.<\/p>\n<p>Actuellement, les cr\u00e9neaux d\u2019HP\/HC sont diff\u00e9rents selon les foyers.<\/p>\n<p>Entre novembre\u00a02025 et juin\u00a02026, Enedis repositionnera les HP\/HC de 1,7\u00a0million de clients dans les cr\u00e9neaux autoris\u00e9s\u00a0: il n\u2019y aura plus d\u2019heures creuses de 07h00 \u00e0 10h00 et de 18h00 \u00e0 23h00 l\u2019\u00e9t\u00e9 et de 07h00 \u00e0 11h00 et 17h00 \u00e0 21h00 l\u2019hiver.<\/p>\n<p>La seconde phase (d\u00e9cembre\u00a02026 \u00e0 octobre\u00a02027) concernera 9,3\u00a0millions de clients et verra l\u2019introduction de la saisonnalit\u00e9 des heures creuses, qui pourront \u00eatre diff\u00e9rentes selon les p\u00e9riodes estivales (1er\u00a0avril-31\u00a0octobre) et hivernales (1er\u00a0novembre-31\u00a0mars), principalement entre 11h00 et 17h00 l\u2019\u00e9t\u00e9 notamment.<\/p>\n<p>Les clients, d\u00e9j\u00e0 inform\u00e9s par leurs fournisseurs d\u2019\u00e9lectricit\u00e9, n\u2019auront rien \u00e0 faire. Les heures seront diff\u00e9rentes d\u2019un b\u00e2timent, voire d\u2019un appartement \u00e0 l\u2019autre. Elles sont d\u00e9termin\u00e9es par Enedis, qui effectuera les modifications \u00e0 distance, en fonction des contraintes locales du r\u00e9seau.<\/p>\n<p>Pour autant, il n\u2019y aura pas de \u00ab\u00a0grand soir\u00a0\u00bb\u00a0: Enedis vise un rythme de 300\u00a0000 clients par mois, soit 10\u00a0000 clients par jour.<\/p>\n<p>Cette r\u00e9forme est \u00ab\u00a0une bonne chose\u00a0\u00bb, estime Vincent Maillard, pr\u00e9sident d\u2019Octopus Energy. \u00ab\u00a0Avec la part des \u00e9nergies renouvelables qui augmente dans le mix \u00e9nerg\u00e9tique, il devient logique d\u2019inciter les clients \u00e0 consommer pendant les pics de production, notamment l\u2019\u00e9t\u00e9 quand il y a du soleil\u00a0\u00bb.<\/p>\n<p>Cela va aussi r\u00e9duire les situations de prix n\u00e9gatifs, \u00ab\u00a0qui arrivent justement quand il existe une production solaire abondante le jour et des chauffe-eau qui ne se chargent pas car ils sont programm\u00e9s pour la nuit\u00a0\u00bb.<\/p>\n","protected":false},"excerpt":{"rendered":"Ce changement dans le vieux dispositif des heures creuses\/heures pleines (HC\/HP) vise \u00e0 lisser la consommation d\u2019\u00e9lectricit\u00e9 en&hellip;\n","protected":false},"author":2,"featured_media":474437,"comment_status":"","ping_status":"","sticky":false,"template":"","format":"standard","meta":{"footnotes":""},"categories":[2],"tags":[17,11,59773,579,436,59774,1011,27,6203,151,32557,12,471,25],"class_list":{"0":"post-474436","1":"post","2":"type-post","3":"status-publish","4":"format-standard","5":"has-post-thumbnail","7":"category-actualites","8":"tag-17","9":"tag-actualites","10":"tag-creuses","11":"tag-electricite","12":"tag-environnement","13":"tag-evoluent","14":"tag-fr","15":"tag-france","16":"tag-heures","17":"tag-les","18":"tag-mieux","19":"tag-news","20":"tag-pour","21":"tag-republique-francaise"},"share_on_mastodon":{"url":"https:\/\/pubeurope.com\/@fr\/115399993869693750","error":""},"_links":{"self":[{"href":"https:\/\/www.europesays.com\/fr\/wp-json\/wp\/v2\/posts\/474436","targetHints":{"allow":["GET"]}}],"collection":[{"href":"https:\/\/www.europesays.com\/fr\/wp-json\/wp\/v2\/posts"}],"about":[{"href":"https:\/\/www.europesays.com\/fr\/wp-json\/wp\/v2\/types\/post"}],"author":[{"embeddable":true,"href":"https:\/\/www.europesays.com\/fr\/wp-json\/wp\/v2\/users\/2"}],"replies":[{"embeddable":true,"href":"https:\/\/www.europesays.com\/fr\/wp-json\/wp\/v2\/comments?post=474436"}],"version-history":[{"count":0,"href":"https:\/\/www.europesays.com\/fr\/wp-json\/wp\/v2\/posts\/474436\/revisions"}],"wp:featuredmedia":[{"embeddable":true,"href":"https:\/\/www.europesays.com\/fr\/wp-json\/wp\/v2\/media\/474437"}],"wp:attachment":[{"href":"https:\/\/www.europesays.com\/fr\/wp-json\/wp\/v2\/media?parent=474436"}],"wp:term":[{"taxonomy":"category","embeddable":true,"href":"https:\/\/www.europesays.com\/fr\/wp-json\/wp\/v2\/categories?post=474436"},{"taxonomy":"post_tag","embeddable":true,"href":"https:\/\/www.europesays.com\/fr\/wp-json\/wp\/v2\/tags?post=474436"}],"curies":[{"name":"wp","href":"https:\/\/api.w.org\/{rel}","templated":true}]}}