{"id":474446,"date":"2025-10-19T09:01:13","date_gmt":"2025-10-19T09:01:13","guid":{"rendered":"https:\/\/www.europesays.com\/fr\/474446\/"},"modified":"2025-10-19T09:01:13","modified_gmt":"2025-10-19T09:01:13","slug":"motogp-australie-course-fabio-di-giannantonio-ducati-2-a-chaud","status":"publish","type":"post","link":"https:\/\/www.europesays.com\/fr\/474446\/","title":{"rendered":"MotoGP, Australie, Course : Fabio Di Giannantonio (Ducati\/2) \u00ab\u00a0\u00c0 chaud\u00a0\u00bb"},"content":{"rendered":"<p><img loading=\"lazy\" decoding=\"async\" src=\"https:\/\/www.europesays.com\/fr\/wp-content\/uploads\/2025\/10\/Capture-decran-2025-10-19-065435.png\" alt=\"Fabio Di Giannantonio Australie\" class=\"\" width=\"1080\" height=\"675\"\/><\/p>\n<p><strong>\u00c0 peine descendu de sa Ducati GP25 du team satellite<br \/>\nVR46 apr\u00e8s avoir termin\u00e9 deuxi\u00e8me du Grand Prix d\u2019Australie MotoGP<br \/>\n2025 \u00e0 Phillip Island, Fabio Di Giannantonio<a href=\"https:\/\/www.paddock-gp.com\/?s=bagnaia\" target=\"_blank\" rel=\"noopener\">\u00a0<\/a>s\u2019est confi\u00e9\u00a0devant les cam\u00e9ras du site<br \/>\nofficiel <a href=\"http:\/\/www.motogp.com\" target=\"_blank\" rel=\"noopener noreferrer\">MotoGP.com<\/a> avec la joie d\u2019\u00eatre de retour<br \/>\nsur le podium le dimanche pour la premi\u00e8re fois depuis le GP<br \/>\nd\u2019Italie il y a quatre mois.<\/strong><\/p>\n<p>Nous reportons ici ses propos sans aucune mise en forme.<\/p>\n<p data-start=\"80\" data-end=\"294\"><strong data-start=\"80\" data-end=\"292\">\ud83c\udfa4 Fabio, \u00e7a a \u00e9t\u00e9 les montagnes russes, une saison de hauts<br \/>\net de bas. Une fois encore, vous venez \u00e0 Phillip Island et la magie<br \/>\nop\u00e8re. Vous devez aimer cet endroit.<\/strong><\/p>\n<p data-start=\"293\" data-end=\"1088\"><strong data-start=\"293\" data-end=\"321\">Fabio Di Giannantonio :<\/strong> \u00ab Cet endroit<br \/>\nest incroyable. En dehors de la course c\u2019est une \u00eele fantastique<br \/>\nalors \u00e0 chaque fois qu\u2019on vient ici c\u2019est juste un week-end<br \/>\nmagique. Apr\u00e8s, c\u2019est s\u00fbr que faire des courses comme \u00e7a c\u2019est<br \/>\nencore plus doux. \u00c7a a \u00e9t\u00e9 une excellente course, certainement la<br \/>\nplus douce-am\u00e8re de ma carri\u00e8re parce qu\u2019on avait le potentiel mais<br \/>\non a ruin\u00e9 l\u2019opportunit\u00e9 de gagner en qualifications, mais \u00e0 part<br \/>\n\u00e7a, rouler aujourd\u2019hui \u00e9tait incroyable. J\u2019ai fait beaucoup de<br \/>\nd\u00e9passements, j\u2019avais un excellent rythme, j\u2019ai essay\u00e9 de rattraper<br \/>\nRa\u00fal mais il \u00e9tait vraiment loin. Vraiment content. Vraiment<br \/>\ncontent pour moi et pour l\u2019\u00e9quipe. On ne l\u00e2che rien, on ne baisse<br \/>\njamais les bras. M\u00eame si c\u2019est une saison de montagnes russes, on<br \/>\nessaye toujours de continuer. \u00bb<\/p>\n<p><strong>R\u00e9sultats du <a href=\"https:\/\/www.paddock-gp.com\/motogp-australie-course-live-4\/\" target=\"_blank\" rel=\"noopener\">Grand Prix d\u2019Australie<\/a> MotoGP<br \/>\n2025 :<\/strong><\/p>\n<p><img loading=\"lazy\" decoding=\"async\" class=\"aligncenter size-full wp-image-1340383\" src=\"https:\/\/www.europesays.com\/fr\/wp-content\/uploads\/2025\/10\/Capture-decran-2025-10-19-070405.png\" alt=\"Grand Prix Australie\" width=\"801\" height=\"537\"  \/><\/p>\n<p>Cr\u00e9dit classement :\u00a0<a href=\"https:\/\/www.motogp.com\/fr\/live+timing\/data-timing\/standing\" target=\"_blank\" rel=\"noopener\">MotoGP.com<\/a><\/p>\n","protected":false},"excerpt":{"rendered":"\u00c0 peine descendu de sa Ducati GP25 du team satellite VR46 apr\u00e8s avoir termin\u00e9 deuxi\u00e8me du Grand Prix&hellip;\n","protected":false},"author":2,"featured_media":474447,"comment_status":"","ping_status":"","sticky":false,"template":"","format":"standard","meta":{"footnotes":""},"categories":[1413],"tags":[1011,27,1457,1456,60],"class_list":{"0":"post-474446","1":"post","2":"type-post","3":"status-publish","4":"format-standard","5":"has-post-thumbnail","7":"category-moto","8":"tag-fr","9":"tag-france","10":"tag-moto","11":"tag-motocycle","12":"tag-sports"},"share_on_mastodon":{"url":"https:\/\/pubeurope.com\/@fr\/115400022147304919","error":""},"_links":{"self":[{"href":"https:\/\/www.europesays.com\/fr\/wp-json\/wp\/v2\/posts\/474446","targetHints":{"allow":["GET"]}}],"collection":[{"href":"https:\/\/www.europesays.com\/fr\/wp-json\/wp\/v2\/posts"}],"about":[{"href":"https:\/\/www.europesays.com\/fr\/wp-json\/wp\/v2\/types\/post"}],"author":[{"embeddable":true,"href":"https:\/\/www.europesays.com\/fr\/wp-json\/wp\/v2\/users\/2"}],"replies":[{"embeddable":true,"href":"https:\/\/www.europesays.com\/fr\/wp-json\/wp\/v2\/comments?post=474446"}],"version-history":[{"count":0,"href":"https:\/\/www.europesays.com\/fr\/wp-json\/wp\/v2\/posts\/474446\/revisions"}],"wp:featuredmedia":[{"embeddable":true,"href":"https:\/\/www.europesays.com\/fr\/wp-json\/wp\/v2\/media\/474447"}],"wp:attachment":[{"href":"https:\/\/www.europesays.com\/fr\/wp-json\/wp\/v2\/media?parent=474446"}],"wp:term":[{"taxonomy":"category","embeddable":true,"href":"https:\/\/www.europesays.com\/fr\/wp-json\/wp\/v2\/categories?post=474446"},{"taxonomy":"post_tag","embeddable":true,"href":"https:\/\/www.europesays.com\/fr\/wp-json\/wp\/v2\/tags?post=474446"}],"curies":[{"name":"wp","href":"https:\/\/api.w.org\/{rel}","templated":true}]}}