{"id":474448,"date":"2025-10-19T09:02:15","date_gmt":"2025-10-19T09:02:15","guid":{"rendered":"https:\/\/www.europesays.com\/fr\/474448\/"},"modified":"2025-10-19T09:02:15","modified_gmt":"2025-10-19T09:02:15","slug":"f1-charles-leclerc-surpris-par-sa-3e-place-a-austin-veut-essayer-de-comprendre-des-choses-sur-sa-ferrari","status":"publish","type":"post","link":"https:\/\/www.europesays.com\/fr\/474448\/","title":{"rendered":"F1 &#8211; Charles Leclerc surpris par sa 3e place \u00e0 Austin, veut \u00ab essayer de comprendre des choses \u00bb sur sa Ferrari"},"content":{"rendered":"<p>C\u2019est un <a href=\"https:\/\/www.autohebdo.fr\/pilote\/f1\/charles-leclerc\" data-internallinksmanager029f6b8e52c=\"5\" title=\"Charles Leclerc\" rel=\"nofollow noopener\" target=\"_blank\">Charles Leclerc<\/a> \u00e9tonn\u00e9 qui est apparu apr\u00e8s les qualifications du Grand Prix des \u00c9tats-Unis de <a href=\"https:\/\/www.autohebdo.fr\/actualites\/f1\" data-internallinksmanager029f6b8e52c=\"1\" title=\"F1\" rel=\"nofollow noopener\" target=\"_blank\">F1<\/a>. Qualifi\u00e9 troisi\u00e8me derri\u00e8re <a href=\"https:\/\/www.autohebdo.fr\/pilote\/f1\/max-verstappen\" data-internallinksmanager029f6b8e52c=\"2\" title=\"Max Verstappen\" rel=\"nofollow noopener\" target=\"_blank\">Max Verstappen<\/a> et <a href=\"https:\/\/www.autohebdo.fr\/pilote\/f1\/lando-norris\" data-internallinksmanager029f6b8e52c=\"11\" title=\"Lando Norris\" rel=\"nofollow noopener\" target=\"_blank\">Lando Norris<\/a>, le Mon\u00e9gasque accusait plusieurs dixi\u00e8mes de retard sur la pole position, mais se retrouvait \u00e0 une meilleure place que ce qu\u2019il esp\u00e9rait au regard de la v\u00e9locit\u00e9 suppos\u00e9e de sa <a href=\"https:\/\/www.autohebdo.fr\/actualites\/ecurie\/ferrari\" data-internallinksmanager029f6b8e52c=\"74\" title=\"Ferrari\" rel=\"nofollow noopener\" target=\"_blank\">Ferrari<\/a>. Au regard de l\u2019incapacit\u00e9 des <a href=\"https:\/\/www.autohebdo.fr\/actualites\/ecurie\/mercedes\" data-internallinksmanager029f6b8e52c=\"80\" title=\"Ecurie Mercedes F1\" rel=\"nofollow noopener\" target=\"_blank\">Mercedes<\/a> \u00e0 am\u00e9liorer lors de leur derni\u00e8re tentative, et de la sixi\u00e8me place d\u2019<a href=\"https:\/\/www.autohebdo.fr\/pilote\/f1\/oscar-piastri\" data-internallinksmanager029f6b8e52c=\"96\" title=\"Oscar Piastri\" rel=\"nofollow noopener\" target=\"_blank\">Oscar Piastri<\/a>, Charles Leclerc s\u2019est retrouv\u00e9 \u00e0 une place flatteuse en amont de la course.<\/p>\n<\/p>\n<p>\u00ab C\u2019est une assez grosse surprise ! Surtout au regard du week-end que l\u2019on a eu jusqu\u2019ici, commentait-il apr\u00e8s la s\u00e9ance. On a essay\u00e9 de tout mettre bout \u00e0 bout, mais je crois que l\u2019on doit encore essayer de comprendre des choses avec cette voiture. Il y a trop d\u2019\u00e9carts de performances sur un m\u00eame week-end, il faut que l\u2019on se penche sur le sujet. Mais on a appris beaucoup avec la course sprint, et les choses ont mieux march\u00e9 en qualifications. On arrive \u00e0 revenir dans le match. \u00bb<\/p>\n<p>Quel objectif pour Ferrari \u00e0 Austin ?<\/p>\n<p>D\u00e9sormais, la question se pose quant \u00e0 la place \u00e0 laquelle Charles Leclerc peut esp\u00e9rer finir \u00e0 l\u2019issue du Grand Prix des \u00c9tats-Unis. Conserver une place dans le top 3 sugg\u00e8re un rythme suffisant, et surtout, une conservation des pneumatiques au moins aussi bonne que celle des Mercedes. <a href=\"https:\/\/www.autohebdo.fr\/pilote\/f1\/lewis-hamilton-2\" data-internallinksmanager029f6b8e52c=\"41\" title=\"Lewis Hamilton\" rel=\"nofollow noopener\" target=\"_blank\">Lewis Hamilton<\/a> d\u00e9butant son \u00e9preuve depuis la cinqui\u00e8me place, le duel entre les deux constructeurs pourrait \u00eatre le v\u00e9ritable animateur de la course de ce dimanche, derri\u00e8re la confrontation entre Lando Norris et Max Verstappen pour la premi\u00e8re place.<\/p>\n<p><strong>\u00c0 LIRE AUSSI &gt; <a href=\"https:\/\/www.autohebdo.fr\/actualites\/f1\/la-grille-de-depart-du-grand-prix-des-etats-unis-2025.html\" target=\"_blank\" rel=\"noopener nofollow\">La grille de d\u00e9part du Grand Prix des \u00c9tats-Unis 2025<\/a><\/strong><\/p>\n<p>Dans un sc\u00e9nario id\u00e9al, le Mon\u00e9gasque pourrait m\u00eame esp\u00e9rer profiter, comme ce f\u00fbt le cas en 2024 par exemple, d\u2019un duel d\u00e9passant les limites de la piste entre les deux leaders. Opportuniste en Sprint, le pilote Ferrari pourrait-il r\u00e9it\u00e9rer en course ? \u00c0 la r\u00e9guli\u00e8re, la SF-25 ne semble en effet pas disposer des m\u00eames ressources que la <a href=\"https:\/\/www.autohebdo.fr\/actualites\/ecurie\/mclaren\" data-internallinksmanager029f6b8e52c=\"76\" title=\"Ecurie F1 McLaren Racing\" rel=\"nofollow noopener\" target=\"_blank\">McLaren<\/a> flanqu\u00e9e du num\u00e9ro 4, ou m\u00eame de la <a href=\"https:\/\/www.autohebdo.fr\/actualites\/ecurie\/red-bull-racing\" data-internallinksmanager029f6b8e52c=\"78\" title=\"Ecurie F1 Red Bull Racing\" rel=\"nofollow noopener\" target=\"_blank\">Red Bull<\/a> arborant le num\u00e9ro 1, mais le jeu d\u2019attaque \/ d\u00e9fense se pr\u00e9parant possiblement avec George Russell pourrait rapidement attirer l\u2019attention.<\/p>\n<p>\u00ab Notre voiture est meilleure en course normalement, r\u00e9p\u00e9tait Charles Leclerc. C\u2019est un point positif. Je ne sais pas si ce sera suffisant pour aller se battre avec Max et Lando mais on fera tout ce que l\u2019on peut. Un bon d\u00e9part comme en Sprint, ou comme l\u2019ann\u00e9e derni\u00e8re, et essayer de rester devant, ce sera l\u2019objectif. \u00bb<\/p><\/p>\n","protected":false},"excerpt":{"rendered":"C\u2019est un Charles Leclerc \u00e9tonn\u00e9 qui est apparu apr\u00e8s les qualifications du Grand Prix des \u00c9tats-Unis de F1.&hellip;\n","protected":false},"author":2,"featured_media":474449,"comment_status":"","ping_status":"","sticky":false,"template":"","format":"standard","meta":{"footnotes":""},"categories":[1412],"tags":[1451,1452,1453,1454,1455,1011,27,60],"class_list":{"0":"post-474448","1":"post","2":"type-post","3":"status-publish","4":"format-standard","5":"has-post-thumbnail","7":"category-f1","8":"tag-f1","9":"tag-formula-1","10":"tag-formula1","11":"tag-formule-1","12":"tag-formule1","13":"tag-fr","14":"tag-france","15":"tag-sports"},"share_on_mastodon":{"url":"https:\/\/pubeurope.com\/@fr\/115400025358027858","error":""},"_links":{"self":[{"href":"https:\/\/www.europesays.com\/fr\/wp-json\/wp\/v2\/posts\/474448","targetHints":{"allow":["GET"]}}],"collection":[{"href":"https:\/\/www.europesays.com\/fr\/wp-json\/wp\/v2\/posts"}],"about":[{"href":"https:\/\/www.europesays.com\/fr\/wp-json\/wp\/v2\/types\/post"}],"author":[{"embeddable":true,"href":"https:\/\/www.europesays.com\/fr\/wp-json\/wp\/v2\/users\/2"}],"replies":[{"embeddable":true,"href":"https:\/\/www.europesays.com\/fr\/wp-json\/wp\/v2\/comments?post=474448"}],"version-history":[{"count":0,"href":"https:\/\/www.europesays.com\/fr\/wp-json\/wp\/v2\/posts\/474448\/revisions"}],"wp:featuredmedia":[{"embeddable":true,"href":"https:\/\/www.europesays.com\/fr\/wp-json\/wp\/v2\/media\/474449"}],"wp:attachment":[{"href":"https:\/\/www.europesays.com\/fr\/wp-json\/wp\/v2\/media?parent=474448"}],"wp:term":[{"taxonomy":"category","embeddable":true,"href":"https:\/\/www.europesays.com\/fr\/wp-json\/wp\/v2\/categories?post=474448"},{"taxonomy":"post_tag","embeddable":true,"href":"https:\/\/www.europesays.com\/fr\/wp-json\/wp\/v2\/tags?post=474448"}],"curies":[{"name":"wp","href":"https:\/\/api.w.org\/{rel}","templated":true}]}}