{"id":474456,"date":"2025-10-19T09:06:13","date_gmt":"2025-10-19T09:06:13","guid":{"rendered":"https:\/\/www.europesays.com\/fr\/474456\/"},"modified":"2025-10-19T09:06:13","modified_gmt":"2025-10-19T09:06:13","slug":"figures-de-nos-communes-des-toiles-de-manet-a-restaurer-aux-pinceaux-ressortis-a-geruge-la-vie-dartiste-de-laurent-laxenaire","status":"publish","type":"post","link":"https:\/\/www.europesays.com\/fr\/474456\/","title":{"rendered":"Figures de nos communes. Des toiles de Manet \u00e0 restaurer aux pinceaux ressortis \u00e0 Geruge, la vie d\u2019artiste de Laurent Laxenaire"},"content":{"rendered":"<p>\u00ab C\u2019est mon grand-p\u00e8re, peintre amateur, qui m\u2019a donn\u00e9 le go\u00fbt de la peinture. \u00c0 20 ans, j\u2019ai commenc\u00e9 \u00e0 faire mes premi\u00e8res expositions\u00a0\u00bb Laurent Laxenaire se rem\u00e9more ses d\u00e9buts artistiques avec \u00e9motions. Apr\u00e8s des \u00e9tudes \u00e0 l\u2019universit\u00e9 Paris Panth\u00e9on Sorbonne, il obtient un master en restauration et conservation des \u0153uvres d\u2019art puis devient responsable de l\u2019atelier Rostain \u00e0 Paris, dans le 6e arrondissement, l\u2019un des plus anciens et prestigieux ateliers de restauration de la capitale.<\/p>\n<p>\u00c0 30 ans, Laurent Laxenaire obtient le prestigieux titre de Meilleur ouvrier de France. Le Canada l\u2019appelle en 1993 et il rejoint le centre de conservation du Qu\u00e9bec o\u00f9 il intervient en conseil aupr\u00e8s des peintres. De retour en France, c\u2019est \u00e0 Dijon qu\u2019il pose ses valises, pr\u00e9cis\u00e9ment \u00e0 l\u2019atelier du centre de conservation du patrimoine.<\/p>\n<p>  Des toiles de Monet, Manet et Pissaro entre les mains<\/p>\n<p>Lorsqu\u2019il \u00e9tait \u00e0 Paris, le Jurassien a restaur\u00e9 des tableaux de grands ma\u00eetres\u00a0: Monet, Manet, Pissaro\u2026 \u00ab Quand on observe de pr\u00e8s une toile de Manet, on sent le geste, pr\u00e9cis, parfait, plus ou moins appuy\u00e9, comme une calligraphie. Quand tu travailles l\u00e0-dessus, tu ne peins plus. J\u2019ai mis de c\u00f4t\u00e9 l\u2019artiste. Je ne pouvais pas \u00eatre cr\u00e9atif.\u00a0\u00bb Laurent a \u00e9galement c\u00f4toy\u00e9 de grands artistes, dont Pierre Soulages, qui l\u2019a beaucoup inspir\u00e9. \u00ab\u00a0Ses tableaux font appel \u00e0 des reliefs, des sillons dans la mati\u00e8re noire qui r\u00e9v\u00e8lent la r\u00e9flexion de la lumi\u00e8re pour obtenir un noir \u00e9metteur de clart\u00e9, appel\u00e9 \u201coutrenoir\u201d\u00a0\u00bb.<\/p>\n<p>  \u00ab L\u2019impression de peindre avec du soleil\u00a0\u00bb<\/p>\n<p>Aujourd\u2019hui install\u00e9 <a href=\"https:\/\/www.leprogres.fr\/edition-jura-sud\/geruge\" target=\"_blank\" rel=\"noopener\">\u00e0 Geruge<\/a>, au sud de Lons, Laurent est beaucoup plus dans l\u2019observation et il a envie de retranscrire quelque chose. \u00ab Je pars sur un fond d\u2019acrylique color\u00e9 car remplir une page blanche me g\u00eane beaucoup. Ce qui m\u2019int\u00e9resse, c\u2019est la lumi\u00e8re, les contre-jours. Je jubile plus sur un fond color\u00e9. Quand tu peins sur fond noir, tu peins avec de la lumi\u00e8re. J\u2019ai l\u2019impression de peindre avec du soleil. Chez moi la lumi\u00e8re vient du fond.\u00a0\u00bb<\/p>\n<p>C\u2019est dans la ferme de Montorient que Laurent, membre b\u00e9n\u00e9vole tr\u00e8s actif de l\u2019association des Amis montorientais, a expos\u00e9 derni\u00e8rement quelques toiles \u00e0 l\u2019occasion des journ\u00e9es du patrimoine.<\/p>\n","protected":false},"excerpt":{"rendered":"\u00ab C\u2019est mon grand-p\u00e8re, peintre amateur, qui m\u2019a donn\u00e9 le go\u00fbt de la peinture. \u00c0 20 ans, j\u2019ai&hellip;\n","protected":false},"author":2,"featured_media":474457,"comment_status":"","ping_status":"","sticky":false,"template":"","format":"standard","meta":{"footnotes":""},"categories":[1358],"tags":[1348,1384,1385,1386,58,2274,59,1011,27,59775,1826,12940,104],"class_list":{"0":"post-474456","1":"post","2":"type-post","3":"status-publish","4":"format-standard","5":"has-post-thumbnail","7":"category-arts-et-design","8":"tag-arts","9":"tag-arts-and-design","10":"tag-arts-et-design","11":"tag-design","12":"tag-divertissement","13":"tag-edition-jura-sud","14":"tag-entertainment","15":"tag-fr","16":"tag-france","17":"tag-geruge","18":"tag-jura","19":"tag-lons-le-saunier-bassin","20":"tag-societe"},"share_on_mastodon":{"url":"https:\/\/pubeurope.com\/@fr\/115400041208492040","error":""},"_links":{"self":[{"href":"https:\/\/www.europesays.com\/fr\/wp-json\/wp\/v2\/posts\/474456","targetHints":{"allow":["GET"]}}],"collection":[{"href":"https:\/\/www.europesays.com\/fr\/wp-json\/wp\/v2\/posts"}],"about":[{"href":"https:\/\/www.europesays.com\/fr\/wp-json\/wp\/v2\/types\/post"}],"author":[{"embeddable":true,"href":"https:\/\/www.europesays.com\/fr\/wp-json\/wp\/v2\/users\/2"}],"replies":[{"embeddable":true,"href":"https:\/\/www.europesays.com\/fr\/wp-json\/wp\/v2\/comments?post=474456"}],"version-history":[{"count":0,"href":"https:\/\/www.europesays.com\/fr\/wp-json\/wp\/v2\/posts\/474456\/revisions"}],"wp:featuredmedia":[{"embeddable":true,"href":"https:\/\/www.europesays.com\/fr\/wp-json\/wp\/v2\/media\/474457"}],"wp:attachment":[{"href":"https:\/\/www.europesays.com\/fr\/wp-json\/wp\/v2\/media?parent=474456"}],"wp:term":[{"taxonomy":"category","embeddable":true,"href":"https:\/\/www.europesays.com\/fr\/wp-json\/wp\/v2\/categories?post=474456"},{"taxonomy":"post_tag","embeddable":true,"href":"https:\/\/www.europesays.com\/fr\/wp-json\/wp\/v2\/tags?post=474456"}],"curies":[{"name":"wp","href":"https:\/\/api.w.org\/{rel}","templated":true}]}}