{"id":474460,"date":"2025-10-19T09:08:11","date_gmt":"2025-10-19T09:08:11","guid":{"rendered":"https:\/\/www.europesays.com\/fr\/474460\/"},"modified":"2025-10-19T09:08:11","modified_gmt":"2025-10-19T09:08:11","slug":"quel-score-pour-le-retour-sur-tf1-de-star-academy","status":"publish","type":"post","link":"https:\/\/www.europesays.com\/fr\/474460\/","title":{"rendered":"Quel score pour le retour, sur TF1, de \u00abStar Academy\u00bb?"},"content":{"rendered":"<p>    \u00abStar Academy\u00bb a repris ce samedi 18 octobre 2025 sur TF1.<br \/>\n                \uff69 TF1<\/p>\n<p>\n    Les audiences du samedi 18 octobre 2025 pour les programmes de premi\u00e8re partie de soir\u00e9e.<\/p>\n<p class=\"fig-paragraph\"><a href=\"https:\/\/tvmag.lefigaro.fr\/programme-tv\/chaine\/192\/tous-les-programmes-de-tf1\" target=\"_blank\" rel=\"noopener nofollow\" data-gtm-custom-categorie=\"navigation\" data-gtm-custom-action=\"crossclick\" data-gtm-custom-label=\"Contextuel\" data-gtm-event=\"customEventSPE\">TF1<\/a>\u00a0remporte la course aux audiences de premi\u00e8re partie de soir\u00e9e, ce samedi 18 octobre 2025, gr\u00e2ce au lancement attendu de la treizi\u00e8me saison de\u00a0<a href=\"https:\/\/tvmag.lefigaro.fr\/programme-tv\/programme\/star-academy-f1990520018\" target=\"_blank\" rel=\"noopener nofollow\" data-gtm-custom-categorie=\"navigation\" data-gtm-custom-action=\"crossclick\" data-gtm-custom-label=\"Contextuel\" data-gtm-event=\"customEventSPE\">\u00abStar Academy\u00bb<\/a>, pr\u00e9sent\u00e9e par l\u2019ind\u00e9tr\u00f4nable\u00a0<a href=\"http:\/\/tvmag.lefigaro.fr\/programme-tv\/actu-tele\/il-y-a-quelque-chose-que-je-peux-faire-le-nikos-aliagas-americain-repeche-un-talent-dans-the-voice-20250923\" target=\"_blank\" data-fig-type=\"Article\" rel=\"noopener nofollow\" data-gtm-custom-categorie=\"navigation\" data-gtm-custom-action=\"crossclick\" data-gtm-custom-label=\"Contextuel\" data-gtm-event=\"customEventSPE\" data-fig-domain=\"TVMAG\">Nikos Aliagas<\/a>. Cette premi\u00e8re soir\u00e9e, marqu\u00e9e par la d\u00e9couverte des nouveaux pensionnaires du ch\u00e2teau, a \u00e9t\u00e9 suivie par 3,26 millions de fans soit 18,1% du public \u00e2g\u00e9 de quatre ans et plus (4+) et 34,8% des femmes responsables des achats de moins de cinquante ans (FRDA-50). Selon M\u00e9diam\u00e9trie, la seconde partie de l\u2019\u00e9mission a maintenu 2,50 millions de t\u00e9l\u00e9spectateurs devant le poste, soit 19,6% du public (4+) et 36,1% des FRDA-50.<\/p>\n<p class=\"fig-paragraph\"><a href=\"https:\/\/tvmag.lefigaro.fr\/programme-tv\/chaine\/4\/tous-les-programmes-de-france-2\" target=\"_blank\" rel=\"noopener nofollow\" data-gtm-custom-categorie=\"navigation\" data-gtm-custom-action=\"crossclick\" data-gtm-custom-label=\"Contextuel\" data-gtm-event=\"customEventSPE\">France 2<\/a>\u00a0prend la deuxi\u00e8me place avec\u00a0<a href=\"https:\/\/tvmag.lefigaro.fr\/programme-tv\/programme\/100-logique-la-reponse-est-sous-vos-yeux-d117316956\" target=\"_blank\" rel=\"noopener nofollow\" data-gtm-custom-categorie=\"navigation\" data-gtm-custom-action=\"crossclick\" data-gtm-custom-label=\"Contextuel\" data-gtm-event=\"customEventSPE\">\u00ab100% logique\u00a0: la r\u00e9ponse est sous vos yeux\u00bb<\/a>, anim\u00e9 par\u00a0<a href=\"http:\/\/tvmag.lefigaro.fr\/programme-tv\/ce-soir-tele\/il-y-a-autant-d-ecrans-qu-aux-nrj-music-awards-que-reserve-intuition-le-nouveau-jeu-de-cyril-feraud-20250913\" target=\"_blank\" data-fig-type=\"Article\" rel=\"noopener nofollow\" data-gtm-custom-categorie=\"navigation\" data-gtm-custom-action=\"crossclick\" data-gtm-custom-label=\"Contextuel\" data-gtm-event=\"customEventSPE\" data-fig-domain=\"TVMAG\">Cyril F\u00e9raud<\/a>. Ce nouveau num\u00e9ro in\u00e9dit a \u00e9t\u00e9 suivi par 2,89 millions de joueurs, soit 17,9% du public (4+) et 16,7% des FRDA-50. \u00c0 titre indicatif, la pr\u00e9c\u00e9dente \u00e9mission, diffus\u00e9e la semaine derni\u00e8re, avait s\u00e9duit 2,83 millions de t\u00e9l\u00e9spectateurs, soit 17,9% du public (4+) et 16,4% des FRDA-50.<\/p>\n<p>                                    <a class=\"fig-a11y-skip a11y-hidden\" href=\"#fig-a11y-skip-main-inarticle\"><br \/>\n        Passer la publicit\u00e9<br \/>\n    <\/a><\/p>\n<p>France 5 au-dessus du million avec \u00ab\u00c9chapp\u00e9es belles\u00bb<\/p>\n<p class=\"fig-paragraph\"><a href=\"https:\/\/tvmag.lefigaro.fr\/programme-tv\/chaine\/80\/tous-les-programmes-de-france-3\" target=\"_blank\" rel=\"sponsored noopener nofollow\" data-gtm-custom-categorie=\"navigation\" data-gtm-custom-action=\"crossclick\" data-gtm-custom-label=\"Contextuel\" data-gtm-event=\"customEventSPE\">France 3<\/a>\u00a0se classe troisi\u00e8me avec\u00a0<a href=\"https:\/\/tvmag.lefigaro.fr\/programme-tv\/programme\/meurtres-a-f1014085258\" target=\"_blank\" rel=\"noopener nofollow\" data-gtm-custom-categorie=\"navigation\" data-gtm-custom-action=\"crossclick\" data-gtm-custom-label=\"Contextuel\" data-gtm-event=\"customEventSPE\">Meurtres \u00e0 Meaux<\/a> . En rediffusion, ce quatri\u00e8me \u00e9pisode de la onzi\u00e8me saison de la s\u00e9rie de polars de la cha\u00eene a f\u00e9d\u00e9r\u00e9 2,79 millions de t\u00e9l\u00e9spectateurs, soit 15,9% du public (4+) et 3,1% des FRDA-50. La semaine derni\u00e8re, l\u2019in\u00e9dit intitul\u00e9 Meurtres \u00e0 Mont-de-Marsan avait rassembl\u00e9 4,18 millions d\u2019amateurs, soit 24,2% du public (4+) et 5,7% des FRDA-50.<\/p>\n<p class=\"fig-body-link\">\n            \u00c0 lire aussi<br \/>\n        <a class=\"fig-body-link__link\" href=\"https:\/\/photo.lefigaro.fr\/programme-tv\/tele-realite\/star-academy-les-17-candidats-de-la-saison-13-20251018\" data-fig-type=\"SlideShowResource\" data-gtm-custom-categorie=\"navigation\" data-gtm-custom-action=\"crossclick\" data-gtm-custom-label=\"Contextuel\" data-gtm-event=\"customEventSPE\" data-fig-domain=\"TVMAG\" rel=\"nofollow noopener\" target=\"_blank\">\u00abStar Academy\u00bb\u00a0: les 17 candidats de la saison 13<br \/>\n    <\/a>\n<\/p>\n<p class=\"fig-paragraph\"><a href=\"https:\/\/tvmag.lefigaro.fr\/programme-tv\/chaine\/118\/tous-les-programmes-de-m6\" target=\"_blank\" rel=\"noopener nofollow\" data-gtm-custom-categorie=\"navigation\" data-gtm-custom-action=\"crossclick\" data-gtm-custom-label=\"Contextuel\" data-gtm-event=\"customEventSPE\">M6<\/a>\u00a0est quatri\u00e8me avec le lancement de la nouvelle s\u00e9rie judiciaire am\u00e9ricaine\u00a0<a href=\"https:\/\/tvmag.lefigaro.fr\/programme-tv\/programme\/matlock-2024-f661866592\" target=\"_blank\" rel=\"noopener nofollow\" data-gtm-custom-categorie=\"navigation\" data-gtm-custom-action=\"crossclick\" data-gtm-custom-label=\"Contextuel\" data-gtm-event=\"customEventSPE\">Matlock<\/a>, incarn\u00e9e par la grande\u00a0<a href=\"https:\/\/tvmag.lefigaro.fr\/programme-tv\/the-big-bang-theory-mark-hamill-et-kathy-bates-s-invitent-dans-le-final-de-la-saison-11_6ff0390e-46dc-11e8-8b34-7c03ed467104\" target=\"_blank\" data-fig-type=\"Article\" rel=\"noopener nofollow\" data-gtm-custom-categorie=\"navigation\" data-gtm-custom-action=\"crossclick\" data-gtm-custom-label=\"Contextuel\" data-gtm-event=\"customEventSPE\" data-fig-domain=\"TVMAG\">Kathy Bates<\/a>. Les deux \u00e9pisodes in\u00e9dits de cette premi\u00e8re saison ont \u00e9t\u00e9 suivis par 1,23 million de t\u00e9l\u00e9spectateurs en moyenne, soit 7,1% du public (4+) et 10% des FRDA-50. Le premier opus a, quant \u00e0 lui, suscit\u00e9 la curiosit\u00e9 de 1,34 million de personnes, soit 7,4% du public (4+).<\/p>\n<p class=\"fig-paragraph\">Du c\u00f4t\u00e9 des autres cha\u00eenes\u00a0:\u00a0<a href=\"https:\/\/tvmag.lefigaro.fr\/programme-tv\/chaine\/47\/tous-les-programmes-de-france-5\" target=\"_blank\" rel=\"noopener nofollow\" data-gtm-custom-categorie=\"navigation\" data-gtm-custom-action=\"crossclick\" data-gtm-custom-label=\"Contextuel\" data-gtm-event=\"customEventSPE\">France 5<\/a>\u00a0tire son \u00e9pingle du jeu avec un in\u00e9dit du magazine de d\u00e9couverte\u00a0<a href=\"https:\/\/tvmag.lefigaro.fr\/programme-tv\/programme\/echappees-belles-f2056585004\" target=\"_blank\" rel=\"noopener nofollow\" data-gtm-custom-categorie=\"navigation\" data-gtm-custom-action=\"crossclick\" data-gtm-custom-label=\"Contextuel\" data-gtm-event=\"customEventSPE\">\u00ab\u00c9chapp\u00e9es belles\u00bb<\/a>\u00a0consacr\u00e9 \u00e0 la Haute-Savoie, vu par 1,11 million de voyageurs (6,3% du public et 3,9% des FRDA-50).<\/p>\n<p class=\"fig-tv-audience__title\">Audiences de 1\u00e8re partie de soir\u00e9e du samedi 18 octobre<\/p>\n<tr>\n<td class=\"fig-tv-audience__position\">1<\/td>\n<td class=\"fig-tv-audience__channel-container\">\n                        <a class=\"fig-channel-media fig-channel-media--no-margin\" href=\"https:\/\/tvmag.lefigaro.fr\/programme-tv\/chaine\/192\/tous-les-programmes-de-tf1\" title=\"Programme TV TF1\" rel=\"nofollow noopener\" target=\"_blank\"><br \/>\n        <img   alt=\"Programme TV TF1\" class=\"fig-img\"\/><\/p>\n<p>    <\/a><\/p>\n<\/td>\n<td class=\"fig-tv-audience__data\">\n                    <a href=\"https:\/\/tvmag.lefigaro.fr\/programme-tv\/programme\/star-academy-f1990520018\" class=\"fig-tv-audience__program-title\" rel=\"nofollow noopener\" target=\"_blank\"><br \/>\n                        Star Academy<br \/>\n                    <\/a><\/p>\n<p>                        3\u202f257\u202f000 t\u00e9l\u00e9spectateurs<\/p>\n<p>                    18,1\u00a0%<\/p>\n<\/td>\n<\/tr>\n<tr>\n<td class=\"fig-tv-audience__position\">2<\/td>\n<td class=\"fig-tv-audience__channel-container\">\n                        <a class=\"fig-channel-media fig-channel-media--no-margin\" href=\"https:\/\/tvmag.lefigaro.fr\/programme-tv\/chaine\/4\/tous-les-programmes-de-france-2\" title=\"Programme TV France 2\" rel=\"nofollow noopener\" target=\"_blank\"><br \/>\n        <img   alt=\"Programme TV France 2\" class=\"fig-img\"\/><\/p>\n<p>    <\/a><\/p>\n<\/td>\n<td class=\"fig-tv-audience__data\">\n                    <a href=\"https:\/\/tvmag.lefigaro.fr\/programme-tv\/programme\/100-logique-la-reponse-est-sous-vos-yeux-f1926493835\" class=\"fig-tv-audience__program-title\" rel=\"nofollow noopener\" target=\"_blank\"><br \/>\n                        100 % logique\u00a0: la r\u00e9ponse est sous vos yeux<br \/>\n                    <\/a><\/p>\n<p>                        2\u202f891\u202f000 t\u00e9l\u00e9spectateurs<\/p>\n<p>                    17,9\u00a0%<\/p>\n<\/td>\n<\/tr>\n<tr>\n<td class=\"fig-tv-audience__position\">3<\/td>\n<td class=\"fig-tv-audience__channel-container\">\n                        <a class=\"fig-channel-media fig-channel-media--no-margin\" href=\"https:\/\/tvmag.lefigaro.fr\/programme-tv\/chaine\/80\/tous-les-programmes-de-france-3\" title=\"Programme TV France 3\" rel=\"nofollow noopener\" target=\"_blank\"><br \/>\n        <img   alt=\"Programme TV France 3\" class=\"fig-img\"\/><\/p>\n<p>    <\/a><\/p>\n<\/td>\n<td class=\"fig-tv-audience__data\">\n                    <a href=\"https:\/\/tvmag.lefigaro.fr\/programme-tv\/programme\/meurtres-a-f1014085258\" class=\"fig-tv-audience__program-title\" rel=\"nofollow noopener\" target=\"_blank\"><br \/>\n                        Meurtres \u00e0&#8230;<br \/>\n                    <\/a><\/p>\n<p>                        2\u202f785\u202f000 t\u00e9l\u00e9spectateurs<\/p>\n<p>                    15,9\u00a0%<\/p>\n<\/td>\n<\/tr>\n<tr>\n<td class=\"fig-tv-audience__position\">4<\/td>\n<td class=\"fig-tv-audience__channel-container\">\n                        <a class=\"fig-channel-media fig-channel-media--no-margin\" href=\"https:\/\/tvmag.lefigaro.fr\/programme-tv\/chaine\/118\/tous-les-programmes-de-m6\" title=\"Programme TV M6\" rel=\"nofollow noopener\" target=\"_blank\"><br \/>\n        <img   alt=\"Programme TV M6\" class=\"fig-img\"\/><\/p>\n<p>    <\/a><\/p>\n<\/td>\n<td class=\"fig-tv-audience__data\">\n                    <a href=\"https:\/\/tvmag.lefigaro.fr\/programme-tv\/programme\/matlock-2024-f1354099905\" class=\"fig-tv-audience__program-title\" rel=\"nofollow noopener\" target=\"_blank\"><br \/>\n                        Matlock<br \/>\n                    <\/a><\/p>\n<p>                        1\u202f343\u202f000 t\u00e9l\u00e9spectateurs<\/p>\n<p>                    7,4\u00a0%<\/p>\n<\/td>\n<\/tr>\n<tr>\n<td class=\"fig-tv-audience__position\">5<\/td>\n<td class=\"fig-tv-audience__channel-container\">\n                        <a class=\"fig-channel-media fig-channel-media--no-margin\" href=\"https:\/\/tvmag.lefigaro.fr\/programme-tv\/chaine\/47\/tous-les-programmes-de-france-5\" title=\"Programme TV France 5\" rel=\"nofollow noopener\" target=\"_blank\"><br \/>\n        <img   alt=\"Programme TV France 5\" class=\"fig-img\"\/><\/p>\n<p>    <\/a><\/p>\n<\/td>\n<td class=\"fig-tv-audience__data\">\n                    <a href=\"https:\/\/tvmag.lefigaro.fr\/programme-tv\/programme\/echappees-belles-f2056585004\" class=\"fig-tv-audience__program-title\" rel=\"nofollow noopener\" target=\"_blank\"><br \/>\n                        Echapp\u00e9es belles<br \/>\n                    <\/a><\/p>\n<p>                        1\u202f112\u202f000 t\u00e9l\u00e9spectateurs<\/p>\n<p>                    6,3\u00a0%<\/p>\n<\/td>\n<\/tr>\n<tr aria-hidden=\"true\">\n<td class=\"fig-tv-audience__position\">6<\/td>\n<td class=\"fig-tv-audience__channel-container\">\n                        <a class=\"fig-channel-media fig-channel-media--no-margin\" href=\"https:\/\/tvmag.lefigaro.fr\/programme-tv\/chaine\/111\/tous-les-programmes-de-arte\" title=\"Programme TV Arte\" rel=\"nofollow noopener\" target=\"_blank\"><br \/>\n        <img   alt=\"Programme TV Arte\" class=\"fig-img\"\/><\/p>\n<p>    <\/a><\/p>\n<\/td>\n<td class=\"fig-tv-audience__data\">\n                    <a href=\"https:\/\/tvmag.lefigaro.fr\/programme-tv\/programme\/sorcieres-chronique-d-un-massacre-f1074111931\" class=\"fig-tv-audience__program-title\" rel=\"nofollow noopener\" target=\"_blank\"><br \/>\n                        Sorci\u00e8res\u00a0: Chronique d&rsquo;un massacre<br \/>\n                    <\/a><\/p>\n<p>                        626\u202f000 t\u00e9l\u00e9spectateurs<\/p>\n<p>                    3,5\u00a0%<\/p>\n<\/td>\n<\/tr>\n<tr aria-hidden=\"true\">\n<td class=\"fig-tv-audience__position\">7<\/td>\n<td class=\"fig-tv-audience__channel-container\">\n                        <a class=\"fig-channel-media fig-channel-media--no-margin\" href=\"https:\/\/tvmag.lefigaro.fr\/programme-tv\/chaine\/195\/tous-les-programmes-de-tmc\" title=\"Programme TV TMC\" rel=\"nofollow noopener\" target=\"_blank\"><br \/>\n        <img   alt=\"Programme TV TMC\" class=\"fig-img\"\/><\/p>\n<p>    <\/a><\/p>\n<\/td>\n<td class=\"fig-tv-audience__data\">\n                    <a href=\"https:\/\/tvmag.lefigaro.fr\/programme-tv\/programme\/columbo-f1086748078\" class=\"fig-tv-audience__program-title\" rel=\"nofollow noopener\" target=\"_blank\"><br \/>\n                        Columbo<br \/>\n                    <\/a><\/p>\n<p>                        539\u202f000 t\u00e9l\u00e9spectateurs<\/p>\n<p>                    3,2\u00a0%<\/p>\n<\/td>\n<\/tr>\n<tr aria-hidden=\"true\">\n<td class=\"fig-tv-audience__position\">8<\/td>\n<td class=\"fig-tv-audience__channel-container\">\n                        <a class=\"fig-channel-media fig-channel-media--no-margin\" href=\"https:\/\/tvmag.lefigaro.fr\/programme-tv\/chaine\/446\/tous-les-programmes-de-tfx\" title=\"Programme TV TFX\" rel=\"nofollow noopener\" target=\"_blank\"><br \/>\n        <img   alt=\"Programme TV TFX\" class=\"fig-img\"\/><\/p>\n<p>    <\/a><\/p>\n<\/td>\n<td class=\"fig-tv-audience__data\">\n                    <a href=\"https:\/\/tvmag.lefigaro.fr\/programme-tv\/programme\/chroniques-criminelles-f1330164990\" class=\"fig-tv-audience__program-title\" rel=\"nofollow noopener\" target=\"_blank\"><br \/>\n                        Chroniques criminelles<br \/>\n                    <\/a><\/p>\n<p>                        378\u202f000 t\u00e9l\u00e9spectateurs<\/p>\n<p>                    2,2\u00a0%<\/p>\n<\/td>\n<\/tr>\n<tr aria-hidden=\"true\">\n<td class=\"fig-tv-audience__position\">9<\/td>\n<td class=\"fig-tv-audience__channel-container\">\n                        <a class=\"fig-channel-media fig-channel-media--no-margin\" href=\"https:\/\/tvmag.lefigaro.fr\/programme-tv\/chaine\/119\/tous-les-programmes-de-w9\" title=\"Programme TV W9\" rel=\"nofollow noopener\" target=\"_blank\"><br \/>\n        <img   alt=\"Programme TV W9\" class=\"fig-img\"\/><\/p>\n<p>    <\/a><\/p>\n<\/td>\n<td class=\"fig-tv-audience__data\">\n                    <a href=\"https:\/\/tvmag.lefigaro.fr\/programme-tv\/programme\/la-petite-histoire-de-france-f2080638036\" class=\"fig-tv-audience__program-title\" rel=\"nofollow noopener\" target=\"_blank\"><br \/>\n                        La petite histoire de France<br \/>\n                    <\/a><\/p>\n<p>                        251\u202f000 t\u00e9l\u00e9spectateurs<\/p>\n<p>                    1,6\u00a0%<\/p>\n<\/td>\n<\/tr>\n<tr aria-hidden=\"true\">\n<td class=\"fig-tv-audience__position\">10<\/td>\n<td class=\"fig-tv-audience__channel-container\">\n                        <a class=\"fig-channel-media fig-channel-media--no-margin\" href=\"https:\/\/tvmag.lefigaro.fr\/programme-tv\/chaine\/482\/tous-les-programmes-de-gulli\" title=\"Programme TV Gulli\" rel=\"nofollow noopener\" target=\"_blank\"><br \/>\n        <img   alt=\"Programme TV Gulli\" class=\"fig-img\"\/><\/p>\n<p>    <\/a><\/p>\n<\/td>\n<td class=\"fig-tv-audience__data\">\n                    <a href=\"https:\/\/tvmag.lefigaro.fr\/programme-tv\/programme\/battlebots-le-choc-des-robots-f42035963\" class=\"fig-tv-audience__program-title\" rel=\"nofollow noopener\" target=\"_blank\"><br \/>\n                        Battlebots\u00a0: le choc des robots<br \/>\n                    <\/a><\/p>\n<p>                        260\u202f000 t\u00e9l\u00e9spectateurs<\/p>\n<p>                    1,4\u00a0%<\/p>\n<\/td>\n<\/tr>\n<tr aria-hidden=\"true\">\n<td class=\"fig-tv-audience__position\">11<\/td>\n<td class=\"fig-tv-audience__channel-container\">\n                        <a class=\"fig-channel-media fig-channel-media--no-margin\" href=\"https:\/\/tvmag.lefigaro.fr\/programme-tv\/chaine\/458\/tous-les-programmes-de-cstar\" title=\"Programme TV CSTAR\" rel=\"nofollow noopener\" target=\"_blank\"><br \/>\n        <img   alt=\"Programme TV CSTAR\" class=\"fig-img\"\/><\/p>\n<p>    <\/a><\/p>\n<\/td>\n<td class=\"fig-tv-audience__data\">\n                    <a href=\"https:\/\/tvmag.lefigaro.fr\/programme-tv\/programme\/les-heros-de-la-route-f1390535374\" class=\"fig-tv-audience__program-title\" rel=\"nofollow noopener\" target=\"_blank\"><br \/>\n                        Les h\u00e9ros de la route<br \/>\n                    <\/a><\/p>\n<p>                        209\u202f000 t\u00e9l\u00e9spectateurs<\/p>\n<p>                    1,2\u00a0%<\/p>\n<\/td>\n<\/tr>\n<tr aria-hidden=\"true\">\n<td class=\"fig-tv-audience__position\">12<\/td>\n<td class=\"fig-tv-audience__channel-container\">\n                        <a class=\"fig-channel-media fig-channel-media--no-margin\" href=\"https:\/\/tvmag.lefigaro.fr\/programme-tv\/chaine\/1400\/tous-les-programmes-de-rmc-decouverte\" title=\"Programme TV RMC D\u00e9couverte\" rel=\"nofollow noopener\" target=\"_blank\"><br \/>\n        <img   alt=\"Programme TV RMC D\u00e9couverte\" class=\"fig-img\"\/><\/p>\n<p>    <\/a><\/p>\n<\/td>\n<td class=\"fig-tv-audience__data\">\n                    <a href=\"https:\/\/tvmag.lefigaro.fr\/programme-tv\/programme\/retour-a-l-instinct-primaire-f1448913477\" class=\"fig-tv-audience__program-title\" rel=\"nofollow noopener\" target=\"_blank\"><br \/>\n                        Retour \u00e0 l&rsquo;instinct primaire<br \/>\n                    <\/a><\/p>\n<p>                        187\u202f000 t\u00e9l\u00e9spectateurs<\/p>\n<p>                    1\u00a0%<\/p>\n<\/td>\n<\/tr>\n<tr aria-hidden=\"true\">\n<td class=\"fig-tv-audience__position\">13<\/td>\n<td class=\"fig-tv-audience__channel-container\">\n                        <a class=\"fig-channel-media fig-channel-media--no-margin\" href=\"https:\/\/tvmag.lefigaro.fr\/programme-tv\/chaine\/1402\/tous-les-programmes-de-rmc-story\" title=\"Programme TV RMC Story\" rel=\"nofollow noopener\" target=\"_blank\"><br \/>\n        <img   alt=\"Programme TV RMC Story\" class=\"fig-img\"\/><\/p>\n<p>    <\/a><\/p>\n<\/td>\n<td class=\"fig-tv-audience__data\">\n                    <a href=\"https:\/\/tvmag.lefigaro.fr\/programme-tv\/programme\/big-bang-theory-f424763793\" class=\"fig-tv-audience__program-title\" rel=\"nofollow noopener\" target=\"_blank\"><br \/>\n                        Big Bang Theory<br \/>\n                    <\/a><\/p>\n<p>                        146\u202f000 t\u00e9l\u00e9spectateurs<\/p>\n<p>                    0,8\u00a0%<\/p>\n<\/td>\n<\/tr>\n<tr aria-hidden=\"true\">\n<td class=\"fig-tv-audience__position\">14<\/td>\n<td class=\"fig-tv-audience__channel-container\">\n                        <a class=\"fig-channel-media fig-channel-media--no-margin\" href=\"https:\/\/tvmag.lefigaro.fr\/programme-tv\/chaine\/1404\/tous-les-programmes-de-tf1-series-films\" title=\"Programme TV TF1 S\u00e9ries Films\" rel=\"nofollow noopener\" target=\"_blank\"><br \/>\n        <img   alt=\"Programme TV TF1 S\u00e9ries Films\" class=\"fig-img\"\/><\/p>\n<p>    <\/a><\/p>\n<\/td>\n<td class=\"fig-tv-audience__data\">\n                    <a href=\"https:\/\/tvmag.lefigaro.fr\/programme-tv\/programme\/josephine-ange-gardien-f1881505296\" class=\"fig-tv-audience__program-title\" rel=\"nofollow noopener\" target=\"_blank\"><br \/>\n                        Jos\u00e9phine, ange gardien<br \/>\n                    <\/a><\/p>\n<p>                        123\u202f000 t\u00e9l\u00e9spectateurs<\/p>\n<p>                    0,7\u00a0%<\/p>\n<\/td>\n<\/tr>\n<tr aria-hidden=\"true\">\n<td class=\"fig-tv-audience__position\">15<\/td>\n<td class=\"fig-tv-audience__channel-container\">\n                        <a class=\"fig-channel-media fig-channel-media--no-margin\" href=\"https:\/\/tvmag.lefigaro.fr\/programme-tv\/chaine\/1403\/tous-les-programmes-de-6ter\" title=\"Programme TV 6ter\" rel=\"nofollow noopener\" target=\"_blank\"><br \/>\n        <img   alt=\"Programme TV 6ter\" class=\"fig-img\"\/><\/p>\n<p>    <\/a><\/p>\n<\/td>\n<td class=\"fig-tv-audience__data\">\n                    <a href=\"https:\/\/tvmag.lefigaro.fr\/programme-tv\/programme\/nausicaa-dans-les-coulisses-du-plus-grand-aquarium-d-europe-f1010075504\" class=\"fig-tv-audience__program-title\" rel=\"nofollow noopener\" target=\"_blank\"><br \/>\n                        Nausica\u00e1, dans les coulisses du plus grand aquarium d&rsquo;Europe<br \/>\n                    <\/a><\/p>\n<p>                        115\u202f000 t\u00e9l\u00e9spectateurs<\/p>\n<p>                    0,6\u00a0%<\/p>\n<\/td>\n<\/tr>\n<tr aria-hidden=\"true\">\n<td class=\"fig-tv-audience__position\">16<\/td>\n<td class=\"fig-tv-audience__channel-container\">\n                        <a class=\"fig-channel-media fig-channel-media--no-margin\" href=\"https:\/\/tvmag.lefigaro.fr\/programme-tv\/chaine\/1399\/tous-les-programmes-de-cherie-25\" title=\"Programme TV Ch\u00e9rie 25\" rel=\"nofollow noopener\" target=\"_blank\"><br \/>\n        <img   alt=\"Programme TV Ch\u00e9rie 25\" class=\"fig-img\"\/><\/p>\n<p>    <\/a><\/p>\n<\/td>\n<td class=\"fig-tv-audience__data\">\n                    <a href=\"https:\/\/tvmag.lefigaro.fr\/programme-tv\/programme\/la-folie-du-camping-car-des-vacances-pas-comme-les-autres-f1207450578\" class=\"fig-tv-audience__program-title\" rel=\"nofollow noopener\" target=\"_blank\"><br \/>\n                        La folie du camping-car\u00a0: des vacances pas comme les autres<br \/>\n                    <\/a><\/p>\n<p>                        112\u202f000 t\u00e9l\u00e9spectateurs<\/p>\n<p>                    0,6\u00a0%<\/p>\n<\/td>\n<\/tr>\n<p>            Voir plus<\/p>\n","protected":false},"excerpt":{"rendered":"\u00abStar Academy\u00bb a repris ce samedi 18 octobre 2025 sur TF1. \uff69 TF1 Les audiences du samedi 18&hellip;\n","protected":false},"author":2,"featured_media":474461,"comment_status":"","ping_status":"","sticky":false,"template":"","format":"standard","meta":{"footnotes":""},"categories":[1356],"tags":[2377,58,59,1011,27,5095,252,199,1364],"class_list":{"0":"post-474460","1":"post","2":"type-post","3":"status-publish","4":"format-standard","5":"has-post-thumbnail","7":"category-television","8":"tag-audiences-tv","9":"tag-divertissement","10":"tag-entertainment","11":"tag-fr","12":"tag-france","13":"tag-star-academy","14":"tag-television","15":"tag-tf1","16":"tag-tv"},"share_on_mastodon":{"url":"https:\/\/pubeurope.com\/@fr\/115400048973142541","error":""},"_links":{"self":[{"href":"https:\/\/www.europesays.com\/fr\/wp-json\/wp\/v2\/posts\/474460","targetHints":{"allow":["GET"]}}],"collection":[{"href":"https:\/\/www.europesays.com\/fr\/wp-json\/wp\/v2\/posts"}],"about":[{"href":"https:\/\/www.europesays.com\/fr\/wp-json\/wp\/v2\/types\/post"}],"author":[{"embeddable":true,"href":"https:\/\/www.europesays.com\/fr\/wp-json\/wp\/v2\/users\/2"}],"replies":[{"embeddable":true,"href":"https:\/\/www.europesays.com\/fr\/wp-json\/wp\/v2\/comments?post=474460"}],"version-history":[{"count":0,"href":"https:\/\/www.europesays.com\/fr\/wp-json\/wp\/v2\/posts\/474460\/revisions"}],"wp:featuredmedia":[{"embeddable":true,"href":"https:\/\/www.europesays.com\/fr\/wp-json\/wp\/v2\/media\/474461"}],"wp:attachment":[{"href":"https:\/\/www.europesays.com\/fr\/wp-json\/wp\/v2\/media?parent=474460"}],"wp:term":[{"taxonomy":"category","embeddable":true,"href":"https:\/\/www.europesays.com\/fr\/wp-json\/wp\/v2\/categories?post=474460"},{"taxonomy":"post_tag","embeddable":true,"href":"https:\/\/www.europesays.com\/fr\/wp-json\/wp\/v2\/tags?post=474460"}],"curies":[{"name":"wp","href":"https:\/\/api.w.org\/{rel}","templated":true}]}}