{"id":474462,"date":"2025-10-19T09:09:10","date_gmt":"2025-10-19T09:09:10","guid":{"rendered":"https:\/\/www.europesays.com\/fr\/474462\/"},"modified":"2025-10-19T09:09:10","modified_gmt":"2025-10-19T09:09:10","slug":"helene-segara-son-ancien-partenaire-saffiche-fierement-au-cote-de-donald-trump","status":"publish","type":"post","link":"https:\/\/www.europesays.com\/fr\/474462\/","title":{"rendered":"H\u00e9l\u00e8ne S\u00e9gara : son ancien partenaire s\u2019affiche fi\u00e8rement au c\u00f4t\u00e9 de Donald Trump"},"content":{"rendered":"<p>      R\u00e9sum\u00e9<\/p>\n<p>Andrea Bocelli, ancien partenaire d&rsquo;H\u00e9l\u00e8ne S\u00e9gara, a r\u00e9cemment chant\u00e9 pour Donald Trump dans le bureau ovale, avec une nouvelle performance pr\u00e9vue prochainement \u00e0 la Maison Blanche.<\/p>\n<p>        Sommaire<\/p>\n<p>Ce vendredi 17 octobre, le pr\u00e9sident des Etats-Unis, <strong>Donald Trump<\/strong>, a re\u00e7u un c\u00e9l\u00e8bre chanteur italien dans son bureau ovale : <a href=\"https:\/\/www.public.fr\/kendji-girac-son-histoire-cache-avec-une-mega-star-italienne\" target=\"_blank\" rel=\"noopener\">Andrea Bocelli<\/a>. L&rsquo;homme de 67 ans avait acquis une forte notori\u00e9t\u00e9 en France au milieu des ann\u00e9es 1990, <strong>gr\u00e2ce au duo qu&rsquo;il avait fait avec H\u00e9l\u00e8ne S\u00e9gara<\/strong>. Tous deux avaient \u00e9mu la France enti\u00e8re avec leur chanson Vivo per lei. Il l&rsquo;avait chant\u00e9e dans plusieurs langues, en choisissant chaque fois une chanteuse diff\u00e9rente selon le pays : Giorgia pour l&rsquo;italien, <strong>H\u00e9l\u00e8ne S\u00e9gara<\/strong> pour le fran\u00e7ais, <strong>Judy Weiss<\/strong> pour l&rsquo;allemand, <strong>Marta Sanchez<\/strong> pour l&rsquo;espagnol, <strong>Sandy Leah Lima <\/strong>pour le portugais, et d&rsquo;autres encore pour l&rsquo;anglais et le grec\u2026 <\/p>\n<p>H\u00e9l\u00e8ne S\u00e9gara a d\u00fb \u00eatre surprise en d\u00e9couvrant les vid\u00e9os diffus\u00e9es sur les r\u00e9seaux sociaux de @POTUS sur X notamment. <a href=\"https:\/\/www.public.fr\/diaporamas\/photos-helene-segara-fete-ses-50-ans-retour-sur-sa-carriere-ponctuee-de-malheureux-problemes-de-sante\" target=\"_blank\" rel=\"noopener\">Celui avec lequel elle a r\u00e9alis\u00e9 un carton il y a trente ans<\/a> se retrouve d\u00e9sormais \u00e0 chanter pour le pr\u00e9sident des \u00c9tats-Unis. Donald Trump a effectivement eu la surprise de voir Andrea Bocelli chanter pour lui. Ce dernier a improvis\u00e9 <strong>une revisite de sa c\u00e9l\u00e8bre chanson Time To Say Goodbye<\/strong>, pour le pr\u00e9sident, depuis son c\u00e9l\u00e8bre bureau ovale.<\/p>\n<p>Donald Trump est totalement fan<\/p>\n<p>Sur la vid\u00e9o relay\u00e9e par l&rsquo;assistance de Donald Trump, <strong>on entend tr\u00e8s clairement le pr\u00e9sident s&rsquo;enthousiasmer : \u00ab\u00a0Ecoutez ceci !\u00a0\u00bb<\/strong>. Quelques secondes apr\u00e8s, Andrea Bocelli commence \u00e0 donner de la voix, sur le titre qui lui a valu une renomm\u00e9e \u00e0 l&rsquo;internationale, quelques ann\u00e9es avant de retrouver le succ\u00e8s aux c\u00f4t\u00e9s d&rsquo;H\u00e9l\u00e8ne S\u00e9gara.<\/p>\n<p>\u00ab\u00a0Il a commenc\u00e9 \u00e0 chanter spontan\u00e9ment, sans protocole, <strong>avec une \u00e9l\u00e9gance et une humilit\u00e9 impressionnantes<\/strong>\u00a0\u00bb a applaudi Margo Martin sur X. Sur un autre clich\u00e9, on d\u00e9couvre Donald Trump s&rsquo;entretenir plus longuement avec Andrea Bocelli. Ils \u00e9coutent ensuite des enregistrements musicaux de l&rsquo;artiste. Le pr\u00e9sident, heureux, lui d\u00e9clare toute son admiration : <strong>\u00ab\u00a0C&rsquo;est un honneur de t&rsquo;avoir ici, Andrea\u00a0\u00bb<\/strong>. Et ce n&rsquo;est pas fini !<\/p>\n<p>Andrea Bocelli a accept\u00e9 une nouvelle invitation du pr\u00e9sident<\/p>\n<p>En effet, comme le r\u00e9v\u00e8le Deadline, l&rsquo;ex-partenaire d&rsquo;H\u00e9l\u00e8ne S\u00e9gara se produira \u00e0 nouveau \u00e0 <a href=\"https:\/\/vsd.fr\/72113-de-paris-a-la-maison-blanche-le-fabuleux-destin-daudrey\/\" target=\"_blank\" rel=\"noopener\">la Maison Blanche<\/a>, <strong>le 5 d\u00e9cembre prochain<\/strong>. Le pr\u00e9sident l&rsquo;a invit\u00e9 \u00e0 venir chanter \u00e0 l&rsquo;occasion de la c\u00e9r\u00e9monie annuelle des Kennedy Center Honors, qui se tiendront deux jours apr\u00e8s. A noter que les relations de Bocelli et Trump sont cordiales depuis d\u00e9j\u00e0 plus de quinze ans, puisque le pr\u00e9sident, en 2010, <strong>avait d\u00e9j\u00e0 assist\u00e9 \u00e0 un concert priv\u00e9 du t\u00e9nor italien en Floride<\/strong>, aux c\u00f4t\u00e9s de son \u00e9pouse.<\/p>\n<p>      Mentionn\u00e9s dans cet article<\/p>\n<p>      Sur le m\u00eame sujet<\/p>\n","protected":false},"excerpt":{"rendered":"R\u00e9sum\u00e9 Andrea Bocelli, ancien partenaire d&rsquo;H\u00e9l\u00e8ne S\u00e9gara, a r\u00e9cemment chant\u00e9 pour Donald Trump dans le bureau ovale, avec&hellip;\n","protected":false},"author":2,"featured_media":474463,"comment_status":"","ping_status":"","sticky":false,"template":"","format":"standard","meta":{"footnotes":""},"categories":[1355],"tags":[58,75,59,1011,27,38075,1361,873],"class_list":{"0":"post-474462","1":"post","2":"type-post","3":"status-publish","4":"format-standard","5":"has-post-thumbnail","7":"category-musique","8":"tag-divertissement","9":"tag-donald-trump","10":"tag-entertainment","11":"tag-fr","12":"tag-france","13":"tag-helene-segara","14":"tag-music","15":"tag-musique"},"share_on_mastodon":{"url":"https:\/\/pubeurope.com\/@fr\/115400052889316416","error":""},"_links":{"self":[{"href":"https:\/\/www.europesays.com\/fr\/wp-json\/wp\/v2\/posts\/474462","targetHints":{"allow":["GET"]}}],"collection":[{"href":"https:\/\/www.europesays.com\/fr\/wp-json\/wp\/v2\/posts"}],"about":[{"href":"https:\/\/www.europesays.com\/fr\/wp-json\/wp\/v2\/types\/post"}],"author":[{"embeddable":true,"href":"https:\/\/www.europesays.com\/fr\/wp-json\/wp\/v2\/users\/2"}],"replies":[{"embeddable":true,"href":"https:\/\/www.europesays.com\/fr\/wp-json\/wp\/v2\/comments?post=474462"}],"version-history":[{"count":0,"href":"https:\/\/www.europesays.com\/fr\/wp-json\/wp\/v2\/posts\/474462\/revisions"}],"wp:featuredmedia":[{"embeddable":true,"href":"https:\/\/www.europesays.com\/fr\/wp-json\/wp\/v2\/media\/474463"}],"wp:attachment":[{"href":"https:\/\/www.europesays.com\/fr\/wp-json\/wp\/v2\/media?parent=474462"}],"wp:term":[{"taxonomy":"category","embeddable":true,"href":"https:\/\/www.europesays.com\/fr\/wp-json\/wp\/v2\/categories?post=474462"},{"taxonomy":"post_tag","embeddable":true,"href":"https:\/\/www.europesays.com\/fr\/wp-json\/wp\/v2\/tags?post=474462"}],"curies":[{"name":"wp","href":"https:\/\/api.w.org\/{rel}","templated":true}]}}