{"id":474470,"date":"2025-10-19T09:13:11","date_gmt":"2025-10-19T09:13:11","guid":{"rendered":"https:\/\/www.europesays.com\/fr\/474470\/"},"modified":"2025-10-19T09:13:11","modified_gmt":"2025-10-19T09:13:11","slug":"le-bassiste-et-cofondateur-de-limp-bizkit-sam-rivers-est-mort-a-48-ans","status":"publish","type":"post","link":"https:\/\/www.europesays.com\/fr\/474470\/","title":{"rendered":"Le bassiste et cofondateur de Limp Bizkit, Sam Rivers, est mort \u00e0 48 ans"},"content":{"rendered":"<p>\n    Le groupe am\u00e9ricain de nu metal a annonc\u00e9 samedi soir la disparition de son bassiste et cofondateur, salu\u00e9 comme \u00abl\u2019\u00e2me\u00bb de Limp Bizkit.<\/p>\n<p class=\"fig-paragraph\">Le monde du rock est en deuil. Sam Rivers, bassiste et membre fondateur de\u00a0<a href=\"http:\/\/evene.lefigaro.fr\/celebre\/biographie\/limp-bizkit-40741.php\" target=\"_blank\" rel=\"sponsored noopener\" data-gtm-custom-categorie=\"navigation\" data-gtm-custom-action=\"crossclick\" data-gtm-custom-label=\"Contextuel\" data-gtm-event=\"customEventSPE\">Limp Bizkit<\/a>, est mort \u00e0 l\u2019\u00e2ge de 48 ans, a annonc\u00e9 le groupe dans la nuit de samedi \u00e0 dimanche sur Instagram. \u00abAujourd\u2019hui, nous avons perdu notre fr\u00e8re\u00bb, ont \u00e9crit Fred Durst et ses compagnons, \u00e9voquant un artiste \u00ab\u00e0 la lumi\u00e8re inoubliable\u00bb et un homme au \u00abgrand c\u0153ur\u00bb. Les causes de sa mort n\u2019ont pas \u00e9t\u00e9 rendues publiques, et la famille a demand\u00e9 le respect de son intimit\u00e9.<\/p>\n<p>L\u2019\u00e2me du groupe<\/p>\n<p class=\"fig-paragraph\">N\u00e9 \u00e0 Jacksonville, en Floride, Samuel Robert Rivers fonde Limp Bizkit en 1994 avec Fred Durst, John Otto, Wes Borland et DJ Lethal. Leur fusion de metal et de hip-hop fait fureur \u00e0 la fin des ann\u00e9es 1990, avec plus de 40 millions d\u2019albums vendus dans le monde. En 2000, il re\u00e7oit le Gibson Award du meilleur bassiste. Rivers avait quitt\u00e9 le groupe en 2015 pour soigner une grave maladie du foie, cons\u00e9quence d\u2019un alcoolisme s\u00e9v\u00e8re. Il avait subi une transplantation avant de revenir sur sc\u00e8ne en 2018. Limp Bizkit poursuit sa tourn\u00e9e internationale, mais sans celui que ses membres appellent \u00able rythme que nous ne pourrons jamais remplacer\u00bb.<\/p>\n","protected":false},"excerpt":{"rendered":"Le groupe am\u00e9ricain de nu metal a annonc\u00e9 samedi soir la disparition de son bassiste et cofondateur, salu\u00e9&hellip;\n","protected":false},"author":2,"featured_media":474471,"comment_status":"","ping_status":"","sticky":false,"template":"","format":"standard","meta":{"footnotes":""},"categories":[8],"tags":[58,59,1011,27,7040],"class_list":{"0":"post-474470","1":"post","2":"type-post","3":"status-publish","4":"format-standard","5":"has-post-thumbnail","7":"category-divertissement","8":"tag-divertissement","9":"tag-entertainment","10":"tag-fr","11":"tag-france","12":"tag-rock"},"share_on_mastodon":{"url":"https:\/\/pubeurope.com\/@fr\/115400068680226463","error":""},"_links":{"self":[{"href":"https:\/\/www.europesays.com\/fr\/wp-json\/wp\/v2\/posts\/474470","targetHints":{"allow":["GET"]}}],"collection":[{"href":"https:\/\/www.europesays.com\/fr\/wp-json\/wp\/v2\/posts"}],"about":[{"href":"https:\/\/www.europesays.com\/fr\/wp-json\/wp\/v2\/types\/post"}],"author":[{"embeddable":true,"href":"https:\/\/www.europesays.com\/fr\/wp-json\/wp\/v2\/users\/2"}],"replies":[{"embeddable":true,"href":"https:\/\/www.europesays.com\/fr\/wp-json\/wp\/v2\/comments?post=474470"}],"version-history":[{"count":0,"href":"https:\/\/www.europesays.com\/fr\/wp-json\/wp\/v2\/posts\/474470\/revisions"}],"wp:featuredmedia":[{"embeddable":true,"href":"https:\/\/www.europesays.com\/fr\/wp-json\/wp\/v2\/media\/474471"}],"wp:attachment":[{"href":"https:\/\/www.europesays.com\/fr\/wp-json\/wp\/v2\/media?parent=474470"}],"wp:term":[{"taxonomy":"category","embeddable":true,"href":"https:\/\/www.europesays.com\/fr\/wp-json\/wp\/v2\/categories?post=474470"},{"taxonomy":"post_tag","embeddable":true,"href":"https:\/\/www.europesays.com\/fr\/wp-json\/wp\/v2\/tags?post=474470"}],"curies":[{"name":"wp","href":"https:\/\/api.w.org\/{rel}","templated":true}]}}