{"id":474478,"date":"2025-10-19T09:17:10","date_gmt":"2025-10-19T09:17:10","guid":{"rendered":"https:\/\/www.europesays.com\/fr\/474478\/"},"modified":"2025-10-19T09:17:10","modified_gmt":"2025-10-19T09:17:10","slug":"malgre-son-appel-de-detresse-il-se-tue-en-atterrissant-a-bord-dun-ulm","status":"publish","type":"post","link":"https:\/\/www.europesays.com\/fr\/474478\/","title":{"rendered":"Malgr\u00e9 son appel de d\u00e9tresse, il se tue en atterrissant \u00e0 bord d\u2019un ULM"},"content":{"rendered":"<p>Un grave accident a\u00e9ronautique s\u2019est produit ce samedi sur la base d\u2019<a href=\"https:\/\/www.20minutes.fr\/dossier\/ulm\" class=\"c-link c-link--is-underlined\" rel=\"nofollow noopener\" target=\"_blank\">ULM<\/a> de Doucier dans le <a href=\"https:\/\/www.20minutes.fr\/dossier\/jura\" class=\"c-link c-link--is-underlined\" rel=\"nofollow noopener\" target=\"_blank\">Haut Jura<\/a>. Un pilote a perdu la vie apr\u00e8s s\u2019\u00eatre \u00e9cras\u00e9 \u00e0 l\u2019atterrissage. Il \u00e9tait <a href=\"https:\/\/www.20minutes.fr\/arts-stars\/loisirs\/4093516-20240601-risque-chaque-fois-vie-quand-fait-ulm\" target=\"_blank\" class=\"c-link c-link--is-underlined\" rel=\"nofollow noopener\">seul \u00e0 bord de son a\u00e9ronef<\/a>, rapporte <a href=\"https:\/\/france3-regions.franceinfo.fr\/bourgogne-franche-comte\/jura\/haut-jura\/crash-mortel-en-ulm-un-septuagenaire-decede-sur-un-petit-aerodrome-du-jura-3235805.html\" target=\"_blank\" class=\"c-link c-link--is-underlined\" rel=\"nofollow noopener\">France 3 Bourgogne-Franche-Comt\u00e9<\/a>.<\/p>\n<p>L\u2019accident s\u2019est produit samedi en fin d\u2019apr\u00e8s-midi, aux alentours de 17 heures. La victime avait auparavant appel\u00e9 lui-m\u00eame les secours depuis son t\u00e9l\u00e9phone portable avant d\u2019atterrir. Son ULM s\u2019est finalement \u00e9cras\u00e9 sur la piste. A l\u2019arriv\u00e9e des gendarmes, son a\u00e9ronef \u00e9tait sur le dos, pr\u00e9cisent ces derniers. \u00c2g\u00e9e de 78 ans, la victime, qui \u00e9tait en arr\u00eat cardio-respiratoire \u00e0 l\u2019arriv\u00e9e du m\u00e9decin du SMUR, <a href=\"https:\/\/www.20minutes.fr\/dossier\/secours\" class=\"c-link c-link--is-underlined\" rel=\"nofollow noopener\" target=\"_blank\">n\u2019a pu \u00eatre r\u00e9anim\u00e9e<\/a>. Originaire de Limoges, le pilote vivait en Suisse.<\/p>\n","protected":false},"excerpt":{"rendered":"Un grave accident a\u00e9ronautique s\u2019est produit ce samedi sur la base d\u2019ULM de Doucier dans le Haut Jura.&hellip;\n","protected":false},"author":2,"featured_media":474479,"comment_status":"","ping_status":"","sticky":false,"template":"","format":"standard","meta":{"footnotes":""},"categories":[4],"tags":[119,47,11,296,2718,118,1011,27,3672,1826,12,25,104,59779],"class_list":{"0":"post-474478","1":"post","2":"type-post","3":"status-publish","4":"format-standard","5":"has-post-thumbnail","7":"category-france","8":"tag-accident","9":"tag-actualite","10":"tag-actualites","11":"tag-aeronautique","12":"tag-bourgogne-franche-comte","13":"tag-faits-divers","14":"tag-fr","15":"tag-france","16":"tag-franche-comte","17":"tag-jura","18":"tag-news","19":"tag-republique-francaise","20":"tag-societe","21":"tag-ulm"},"share_on_mastodon":{"url":"https:\/\/pubeurope.com\/@fr\/115400084375928104","error":""},"_links":{"self":[{"href":"https:\/\/www.europesays.com\/fr\/wp-json\/wp\/v2\/posts\/474478","targetHints":{"allow":["GET"]}}],"collection":[{"href":"https:\/\/www.europesays.com\/fr\/wp-json\/wp\/v2\/posts"}],"about":[{"href":"https:\/\/www.europesays.com\/fr\/wp-json\/wp\/v2\/types\/post"}],"author":[{"embeddable":true,"href":"https:\/\/www.europesays.com\/fr\/wp-json\/wp\/v2\/users\/2"}],"replies":[{"embeddable":true,"href":"https:\/\/www.europesays.com\/fr\/wp-json\/wp\/v2\/comments?post=474478"}],"version-history":[{"count":0,"href":"https:\/\/www.europesays.com\/fr\/wp-json\/wp\/v2\/posts\/474478\/revisions"}],"wp:featuredmedia":[{"embeddable":true,"href":"https:\/\/www.europesays.com\/fr\/wp-json\/wp\/v2\/media\/474479"}],"wp:attachment":[{"href":"https:\/\/www.europesays.com\/fr\/wp-json\/wp\/v2\/media?parent=474478"}],"wp:term":[{"taxonomy":"category","embeddable":true,"href":"https:\/\/www.europesays.com\/fr\/wp-json\/wp\/v2\/categories?post=474478"},{"taxonomy":"post_tag","embeddable":true,"href":"https:\/\/www.europesays.com\/fr\/wp-json\/wp\/v2\/tags?post=474478"}],"curies":[{"name":"wp","href":"https:\/\/api.w.org\/{rel}","templated":true}]}}