{"id":474488,"date":"2025-10-19T09:26:19","date_gmt":"2025-10-19T09:26:19","guid":{"rendered":"https:\/\/www.europesays.com\/fr\/474488\/"},"modified":"2025-10-19T09:26:19","modified_gmt":"2025-10-19T09:26:19","slug":"aux-ecureuils-83-me-investis-pour-accompagner-lautonomie","status":"publish","type":"post","link":"https:\/\/www.europesays.com\/fr\/474488\/","title":{"rendered":"Aux \u00c9cureuils, 8,3 M\u20ac investis pour accompagner l\u2019autonomie"},"content":{"rendered":"<p>Les foyers des \u00c9cureuils de l\u2019Unapei 34, \u00e0 la Valsi\u00e8re, ont officiellement inaugur\u00e9, cette semaine, leurs nouveaux b\u00e2timents et espaces r\u00e9nov\u00e9s en pr\u00e9sence de repr\u00e9sentants du D\u00e9partement. Cet \u00e9v\u00e9nement marque l\u2019aboutissement de plusieurs ann\u00e9es de travaux.<\/p>\n<p>Inaugur\u00e9 en 1975 avec un premier foyer, aujourd\u2019hui reconverti en services administratifs et en bar des Amis, le site n\u2019a cess\u00e9 d\u2019\u00e9voluer. Dans les ann\u00e9es suivantes sont apparues huit villas pour l\u2019accueil des travailleurs d\u2019Esat, une cuisine et un restaurant collectifs, puis une villa de fonction. Le foyer de vie a \u00e9t\u00e9 ouvert en 1996, l\u2019ATO en 2002 et, en 2010, une extension c\u00f4t\u00e9 Valsi\u00e8re a permis d\u2019accueillir 48 r\u00e9sidents suppl\u00e9mentaires ainsi que 50 personnes en ATO, dont 10 externes.<\/p>\n<p>L\u2019extension du foyer de vie porte aujourd\u2019hui la capacit\u00e9 d\u2019h\u00e9bergement \u00e0 60 places et 14 externes en ATO. Le nouveau b\u00e2timent accueille des r\u00e9sidents aux besoins sp\u00e9cifiques dans un environnement apais\u00e9. Les studios modulables ont \u00e9t\u00e9 con\u00e7us pour devenir des T2 lorsque les projets de vie en couple l\u2019exigent<\/p>\n<p>La reconstruction des villas du FLE est \u00e9galement accomplie : les b\u00e2timents v\u00e9tustes et peu isol\u00e9s ont laiss\u00e9 place \u00e0 des formes d\u2019habitat vari\u00e9es. \u00ab\u00a0C\u2019est une vraie innovation\u00a0\u00bb, pr\u00e9cise M. Baelde, directeur des foyers Les \u00c9cureuils.<\/p>\n<p>Chaque micro-quartier de trois villas dispose d\u2019une \u00e9quipe \u00e9ducative d\u00e9di\u00e9e et d\u2019une orientation d\u2019accompagnement.<\/p>\n<p>L\u2019un des points centraux du projet a port\u00e9 sur la refonte compl\u00e8te des espaces cuisine et restauration. Pour mieux r\u00e9pondre aux besoins de chacun, la nouvelle configuration comprend deux petites salles de repas, d\u00e9di\u00e9es aux personnes qui supportent mal les grands groupes, et une cuisine moderne facilitant l\u2019adaptation des repas.<\/p>\n<p>Le co\u00fbt des travaux pour le foyer de vie s\u2019est \u00e9lev\u00e9 \u00e0 2 535 000 \u20ac et la reconstruction des espaces de restauration \u00e0 1 962 000 \u20ac, soit un montant total de 4 497 000 \u20ac financ\u00e9s directement par le D\u00e9partement de l\u2019H\u00e9rault. Les villas du FLE repr\u00e9sentent, quant \u00e0 elles, un investissement de 3 822 000 \u20ac, financ\u00e9 par des fonds propres associatifs issus des loyers.<\/p>\n<p>\u00ab\u00a0Plus qu\u2019un chantier immobilier, c\u2019est une philosophie d\u2019accompagnement qui s\u2019est concr\u00e9tis\u00e9e. Nous avons construit des lieux de vie qui permettent \u00e0 chacun de d\u00e9velopper son autonomie, ses projets et ses envies tout en restant pleinement accompagn\u00e9. Cette transformation n\u2019aurait pas \u00e9t\u00e9 possible sans l\u2019appui du D\u00e9partement\u00a0\u00bb, conclut M. Dessimoulie, pr\u00e9sident de l\u2019Unapei 34.<\/p>\n<p>Correspondante Midi Libre : 06 72 85 20 41<\/p>\n","protected":false},"excerpt":{"rendered":"Les foyers des \u00c9cureuils de l\u2019Unapei 34, \u00e0 la Valsi\u00e8re, ont officiellement inaugur\u00e9, cette semaine, leurs nouveaux b\u00e2timents&hellip;\n","protected":false},"author":2,"featured_media":474489,"comment_status":"","ping_status":"","sticky":false,"template":"","format":"standard","meta":{"footnotes":""},"categories":[9599],"tags":[1111,11,1777,674,1011,27,2208,12,2680,25],"class_list":{"0":"post-474488","1":"post","2":"type-post","3":"status-publish","4":"format-standard","5":"has-post-thumbnail","7":"category-montpellier","8":"tag-actu","9":"tag-actualites","10":"tag-eu","11":"tag-europe","12":"tag-fr","13":"tag-france","14":"tag-montpellier","15":"tag-news","16":"tag-occitanie","17":"tag-republique-francaise"},"share_on_mastodon":{"url":"https:\/\/pubeurope.com\/@fr\/115400119732362305","error":""},"_links":{"self":[{"href":"https:\/\/www.europesays.com\/fr\/wp-json\/wp\/v2\/posts\/474488","targetHints":{"allow":["GET"]}}],"collection":[{"href":"https:\/\/www.europesays.com\/fr\/wp-json\/wp\/v2\/posts"}],"about":[{"href":"https:\/\/www.europesays.com\/fr\/wp-json\/wp\/v2\/types\/post"}],"author":[{"embeddable":true,"href":"https:\/\/www.europesays.com\/fr\/wp-json\/wp\/v2\/users\/2"}],"replies":[{"embeddable":true,"href":"https:\/\/www.europesays.com\/fr\/wp-json\/wp\/v2\/comments?post=474488"}],"version-history":[{"count":0,"href":"https:\/\/www.europesays.com\/fr\/wp-json\/wp\/v2\/posts\/474488\/revisions"}],"wp:featuredmedia":[{"embeddable":true,"href":"https:\/\/www.europesays.com\/fr\/wp-json\/wp\/v2\/media\/474489"}],"wp:attachment":[{"href":"https:\/\/www.europesays.com\/fr\/wp-json\/wp\/v2\/media?parent=474488"}],"wp:term":[{"taxonomy":"category","embeddable":true,"href":"https:\/\/www.europesays.com\/fr\/wp-json\/wp\/v2\/categories?post=474488"},{"taxonomy":"post_tag","embeddable":true,"href":"https:\/\/www.europesays.com\/fr\/wp-json\/wp\/v2\/tags?post=474488"}],"curies":[{"name":"wp","href":"https:\/\/api.w.org\/{rel}","templated":true}]}}