{"id":474518,"date":"2025-10-19T09:45:14","date_gmt":"2025-10-19T09:45:14","guid":{"rendered":"https:\/\/www.europesays.com\/fr\/474518\/"},"modified":"2025-10-19T09:45:14","modified_gmt":"2025-10-19T09:45:14","slug":"croix-un-camping-car-pour-soutenir-les-personnes-a-la-rue-dans-la-metropole-de-lille","status":"publish","type":"post","link":"https:\/\/www.europesays.com\/fr\/474518\/","title":{"rendered":"Croix. Un camping-car pour soutenir les personnes \u00e0 la rue dans la m\u00e9tropole de Lille"},"content":{"rendered":"<p>            Par<br \/>\n        <strong><br \/>\n            <a href=\"https:\/\/actu.fr\/auteur\/annesophie-2\" title=\"Consulter tous les articles de Anne-Sophie Hourdeaux\" target=\"_blank\" rel=\"noopener\">Anne-Sophie Hourdeaux<\/a><br \/>\n        <\/strong><\/p>\n<p>        Publi\u00e9 le<\/p>\n<p>            19 oct. 2025 \u00e0 11h20        <\/p>\n<p><b>Des tiny houses pour lutter contre le sans abrisme<\/b>\u2009: voil\u00e0 l\u2019id\u00e9e de la <b>Ch\u2019tite maison solidaire <\/b>\u00e0 Lille. Pour aider \u00e0 financer ses projets, l\u2019association a inaugur\u00e9 \u00e0 Croix (Nord) un nouvel outil\u2009: <b>un camping-car, que vous pourrez bient\u00f4t louer<\/b> pour d\u00e9couvrir les tiers-lieux de la r\u00e9gion.<\/p>\n<p>    <img   decoding=\"async\" loading=\"lazy\" class=\"size-large\" src=\"https:\/\/www.europesays.com\/fr\/wp-content\/uploads\/2025\/10\/3d1f0396ffd86112f0396ffd8e42f0v-960x640.jpeg\" alt=\"tiny house chtite maison solidaire\" width=\"960\" height=\"640\"\/><br \/>\n    C\u2019est un hangar situ\u00e9 sur l\u2019ancienne friche Rabot Dutilleul de Croix, rachet\u00e9e par Nacarat pour en faire des logements, qui accueille temporairement l\u2019atelier des tiny houses de la Ch\u2019tite Maison solidaire. \u00a9Anne-Sophie Hourdeaux\/Croix du Nord<\/p>\n<p class=\" wall-content\">Des tiny houses, un \u00e9co-quartier \u00e0 Lille, et maintenant un camping-car\u2009: l\u2019association la Ch\u2019tite Maison solidaire ne s\u2019arr\u00eate pas\u2009! Il faut \u00eatre inventif, pour transformer le sur-confort en lutte contre le mal-logement. Comment \u00e7a marche\u2009? C\u2019est Christophe Thomas, ancien banquier, qui a lanc\u00e9 le concept, bas\u00e9 sur plusieurs axes. <a href=\"https:\/\/www.airbnb.fr\/rooms\/17403177?source_impression_id=p3_1760607178_P3N4Fht9jL2JBng9\" target=\"_blank\" rel=\"noopener\">L\u2019id\u00e9e est de devenir \u00ab\u2009h\u00f4te solidaire\u2009\u00bb, comme lui\u2009<\/a>: \u00ab\u2009Je loue ma maison de temps en temps \u00e0 des touristes ou des voyageurs, et l\u2019argent g\u00e9n\u00e9r\u00e9 sert \u00e0 financer des nuits d\u2019h\u00f4tel ou des logements \u00e0 des personnes \u00e0 la rue\u2009\u00bb. D\u2019autres h\u00f4tes solidaires ont rejoint cette d\u00e9marche baptis\u00e9e \u00ab\u2009Host for good\u2009\u00bb. Pour l\u2019anecdote, les \u00e9quipes de la fameuse s\u00e9rie de TF1 \u00ab\u2009HPI\u2009\u00bb ont d\u00e9j\u00e0 s\u00e9journ\u00e9 dans ces h\u00e9bergements\u2009!<\/p>\n<p>Un hangar dans une friche<\/p>\n<p>La friche Rabot Dutilleul \u00e0 Croix aura dans quelques mois un nouvel horizon\u2009: rachet\u00e9e par Nacarat, le site est vou\u00e9 \u00e0 un gros projet immobilier. En attendant, il n&rsquo;est pas compl\u00e8tement \u00e0 l&rsquo;abandon, quelques entreprises y r\u00e9sident pour une occupation temporaire. C&rsquo;est l\u00e0 que nous retrouvons dans un hangar l&rsquo;association la Ch&rsquo;tite Maison solidaire qui y a \u00e9tabli son \u00ab\u00a0\u2009atelier\u2009\u00a0\u00bb.<br \/>&#13;<br \/>\nUn atelier bois par semaine aussi<br \/>&#13;<br \/>\nDeux tiny houses sont en r\u00e9paration, mais pas seulement. Chaque mardi apr\u00e8s midi, le site accueille un atelier menuiserie ouvert \u00e0 tous, \u00e0 partir de r\u00e9cup\u00e9ration de palettes. \u00ab\u00a0\u2009On propose de cr\u00e9er du mobilier, de la d\u00e9co. Regardez ces bancs, ces tables, c&rsquo;est fait ici\u2009!\u2009\u00a0\u00bb sourit Christophe Thomas. \u00ab\u00a0\u2009Avant, on retapait nos tiny \u00e0 l&rsquo;ext\u00e9rieur, ici, on est \u00e0 l&rsquo;abri\u2009!\u2009\u00a0\u00bb se r\u00e9jouit-il.<br \/>&#13;<br \/>\nLa Ch&rsquo;tite maison solidaire y est install\u00e9e depuis d\u00e9but 2025, \u00ab\u00a0\u2009et y restera environ 2\u00a0ans, jusqu&rsquo;\u00e0 la construction du projet immobilier\u2009\u00a0\u00bb nous confirme Guillaume Tiberghien, directeur de d\u00e9veloppement chez Nacarat.<\/p>\n<p>    <img   decoding=\"async\" loading=\"lazy\" class=\"size-large\" src=\"https:\/\/www.europesays.com\/fr\/wp-content\/uploads\/2025\/10\/199a2396ffd86ec9a2396ffd8a0aa2v-960x640.jpeg\" alt=\"camping car chtite maison solidaire\" width=\"960\" height=\"640\"\/><br \/>\n    L\u2019int\u00e9rieur du camping-car a \u00e9t\u00e9 relook\u00e9, avec un nouveau lit-coffre, des toilettes s\u00e8ches, un nouveau lino\u2026 \u00a9Anne-Sophie Hourdeaux\/Croix du NordUne amiti\u00e9 entre un banquier et un Rom<\/p>\n<p class=\" wall-content\">Pour Christophe Thomas, tout a commenc\u00e9 par une amiti\u00e9 avec Tony et sa famille, d\u2019origine rom, qui l\u2019a amen\u00e9 \u00e0 r\u00e9fl\u00e9chir au mal-logement et \u00e0 la solidarit\u00e9. L\u2019\u00e9tape suivante a \u00e9t\u00e9 d\u2019investir dans des tiny houses, pour lutter contre les difficult\u00e9s de logement avec une dimension \u00e9cologique. Le village Lil\u2019Pouss, avec ses 5 premi\u00e8res tiny houses, s\u2019est cr\u00e9\u00e9 quartier Pellevoisin \u00e0 Lille depuis 2023. \u00ab\u2009Nous avons 5\u00a0habitants, dont certains anciens SDF, et d\u2019autres non, des Roms aussi, des personnes engag\u00e9es dans la sobri\u00e9t\u00e9, qui paient 350\u00a0\u20ac par mois. Ils partagent des temps communs, jardinent ensemble\u2026\u2009\u00bb, r\u00e9sume Christophe Thomas. Ce village devrait perdurer jusque 2030.<\/p>\n<p class=\" wall-content\">La nouvelle \u00e9tape du projet prend la forme d\u2019un\u2026 camping-car\u2009! \u00ab\u2009On nous a fait un don d\u2019un v\u00e9hicule des ann\u00e9es 1970. Il n\u2019\u00e9tait pas adapt\u00e9 pour accueillir un SDF, mais on a eu une autre id\u00e9e\u2009\u00bb dit Christophe Thomas.<\/p>\n<p>Votre r\u00e9gion, votre actu !<\/p>\n<p>Recevez chaque jour les infos qui comptent pour vous.<\/p>\n<p>\t<a href=\"https:\/\/actu.fr\/newsletter\" class=\"ac-btn ac-btn--corner ac-btn--medium ac-btn--blue800\" target=\"_blank\" rel=\"noopener\">S&rsquo;incrire<\/a><\/p>\n<p class=\" wall-content\">C\u2019est Marc qui a tout retap\u00e9, et il a fallu \u00eatre inventif pour restaurer et embellir le v\u00e9hicule de 1972. \u00ab\u2009Je suis tr\u00e8s bricoleur, j\u2019aime \u00e7a. C\u2019est par mon bailleur, le groupe Tisserin, que j\u2019ai \u00e9t\u00e9 mis en lien avec le projet de Christophe. J\u2019ai tout refait \u00e0 l\u2019int\u00e9rieur\u2009!\u2009\u00bb dit Marc, heureux de contribuer avec ses talents.<\/p>\n<p>\u00c0 louer sur les tiers-lieux de la r\u00e9gion<\/p>\n<p class=\" wall-content\">Concr\u00e8tement, Marc a enlev\u00e9 les rev\u00eatements, mis un nouveau lino, retapiss\u00e9, cr\u00e9\u00e9 un coffre en bois, chang\u00e9 de place une armoire, install\u00e9 des toilettes s\u00e8ches\u2026 Des heures de travail pour la bonne cause\u2009! \u00c0 quoi va donc servir le camping-car\u2009? On pourra le louer, mais pas n\u2019importe o\u00f9\u2009! \u00ab\u2009Il sera install\u00e9 \u00e0 la demande un mois par ci, un mois par l\u00e0, sur les tiers-lieux de la r\u00e9gion\u2009\u00bb confirme Christophe. On pourra m\u00eame bient\u00f4t passer par Airbnb pour le r\u00e9server\u2009! \u00ab\u2009Ce sera environ 50\u00a0\u20ac la nuit, l\u2019argent r\u00e9colt\u00e9 ira au financement des tiny houses\u2009\u00bb. Ce projet est baptis\u00e9 \u00ab\u2009Vala\u2009\u00bb, \u00ab\u2009Votre aventure, leur avenir\u2009\u00bb.<\/p>\n<p>Le camping-car sera bient\u00f4t disponible \u00e0 la location notamment sur Airbnb, pour se renseigner\u2009: contact@lachtitemaisonsolidaire. Plus d\u2019infos\u2009: <a href=\"https:\/\/www.chtitemaisonsolidaire.mystrikingly.com\" target=\"_blank\" rel=\"noopener\">chtitemaisonsolidaire.mystrikingly.com<\/a><\/p>\n<p class=\" wall-content\">Personnalisez votre actualit\u00e9 en ajoutant vos villes et m\u00e9dias en favori avec <a href=\"https:\/\/moncompte.actu.fr\" title=\"D\u00e9couvez Mon Actu\" rel=\"nofollow noopener\" data-trk=\"{&quot;cta&quot;:{&quot;action&quot;:&quot;https:\\\/\\\/moncompte.actu.fr&quot;,&quot;category&quot;:&quot;mon compte&quot;,&quot;from&quot;:&quot;article footer&quot;,&quot;name&quot;:&quot;Mon actu&quot;,&quot;type&quot;:&quot;cta&quot;}}\" target=\"_blank\">Mon Actu<\/a>.<\/p>\n","protected":false},"excerpt":{"rendered":"Par Anne-Sophie Hourdeaux Publi\u00e9 le 19 oct. 2025 \u00e0 11h20 Des tiny houses pour lutter contre le sans&hellip;\n","protected":false},"author":2,"featured_media":474519,"comment_status":"","ping_status":"","sticky":false,"template":"","format":"standard","meta":{"footnotes":""},"categories":[2815],"tags":[1111,11,1777,674,1011,27,811,1307,12,25,104,3400],"class_list":{"0":"post-474518","1":"post","2":"type-post","3":"status-publish","4":"format-standard","5":"has-post-thumbnail","7":"category-lille","8":"tag-actu","9":"tag-actualites","10":"tag-eu","11":"tag-europe","12":"tag-fr","13":"tag-france","14":"tag-hauts-de-france","15":"tag-lille","16":"tag-news","17":"tag-republique-francaise","18":"tag-societe","19":"tag-solidarite"},"share_on_mastodon":{"url":"https:\/\/pubeurope.com\/@fr\/115400195596073773","error":""},"_links":{"self":[{"href":"https:\/\/www.europesays.com\/fr\/wp-json\/wp\/v2\/posts\/474518","targetHints":{"allow":["GET"]}}],"collection":[{"href":"https:\/\/www.europesays.com\/fr\/wp-json\/wp\/v2\/posts"}],"about":[{"href":"https:\/\/www.europesays.com\/fr\/wp-json\/wp\/v2\/types\/post"}],"author":[{"embeddable":true,"href":"https:\/\/www.europesays.com\/fr\/wp-json\/wp\/v2\/users\/2"}],"replies":[{"embeddable":true,"href":"https:\/\/www.europesays.com\/fr\/wp-json\/wp\/v2\/comments?post=474518"}],"version-history":[{"count":0,"href":"https:\/\/www.europesays.com\/fr\/wp-json\/wp\/v2\/posts\/474518\/revisions"}],"wp:featuredmedia":[{"embeddable":true,"href":"https:\/\/www.europesays.com\/fr\/wp-json\/wp\/v2\/media\/474519"}],"wp:attachment":[{"href":"https:\/\/www.europesays.com\/fr\/wp-json\/wp\/v2\/media?parent=474518"}],"wp:term":[{"taxonomy":"category","embeddable":true,"href":"https:\/\/www.europesays.com\/fr\/wp-json\/wp\/v2\/categories?post=474518"},{"taxonomy":"post_tag","embeddable":true,"href":"https:\/\/www.europesays.com\/fr\/wp-json\/wp\/v2\/tags?post=474518"}],"curies":[{"name":"wp","href":"https:\/\/api.w.org\/{rel}","templated":true}]}}