{"id":474526,"date":"2025-10-19T09:51:16","date_gmt":"2025-10-19T09:51:16","guid":{"rendered":"https:\/\/www.europesays.com\/fr\/474526\/"},"modified":"2025-10-19T09:51:16","modified_gmt":"2025-10-19T09:51:16","slug":"le-remake-du-premier-film-a-la-sauce-michael-mann","status":"publish","type":"post","link":"https:\/\/www.europesays.com\/fr\/474526\/","title":{"rendered":"le remake du premier film\u00a0\u00e0 la sauce Michael Mann"},"content":{"rendered":"<p>Ce samedi 18 octobre, le 17e Prix Lumi\u00e8re, Michael Mann, a tourn\u00e9 sa version\u00a0de La Sortie de l\u2019usine Lumi\u00e8re \u00e0 Lyon avec un casting des plus prestigieux.\u00a0Rapha\u00ebl Quenard, Orelasan,\u00a0Camelia Jordana ou encore Laurent Lafitte sont pass\u00e9s sous l&rsquo;objectif du cin\u00e9aste, qui a tourn\u00e9 ce tr\u00e8s court-m\u00e9trage avec la rigueur et le s\u00e9rieux des plus grands.<\/p>\n","protected":false},"excerpt":{"rendered":"Ce samedi 18 octobre, le 17e Prix Lumi\u00e8re, Michael Mann, a tourn\u00e9 sa version\u00a0de La Sortie de l\u2019usine&hellip;\n","protected":false},"author":2,"featured_media":474527,"comment_status":"","ping_status":"","sticky":false,"template":"","format":"standard","meta":{"footnotes":""},"categories":[1889],"tags":[1111,11,2430,650,1687,2757,1777,674,34755,107,1011,27,2797,5325,2798,2428,12,25,2429,273,3151],"class_list":{"0":"post-474526","1":"post","2":"type-post","3":"status-publish","4":"format-standard","5":"has-post-thumbnail","7":"category-lyon","8":"tag-actu","9":"tag-actualites","10":"tag-auvergne-rhone-alpes","11":"tag-cinema","12":"tag-culture-loisirs","13":"tag-edition-lyon-villeurbanne","14":"tag-eu","15":"tag-europe","16":"tag-festival-lumiere","17":"tag-fil-info","18":"tag-fr","19":"tag-france","20":"tag-galerie-loisirs","21":"tag-galerie-media","22":"tag-galerie-photo","23":"tag-lyon","24":"tag-news","25":"tag-republique-francaise","26":"tag-rhone","27":"tag-selection-de-la-redaction","28":"tag-selection-de-la-redaction-69"},"share_on_mastodon":{"url":"https:\/\/pubeurope.com\/@fr\/115400217906672180","error":""},"_links":{"self":[{"href":"https:\/\/www.europesays.com\/fr\/wp-json\/wp\/v2\/posts\/474526","targetHints":{"allow":["GET"]}}],"collection":[{"href":"https:\/\/www.europesays.com\/fr\/wp-json\/wp\/v2\/posts"}],"about":[{"href":"https:\/\/www.europesays.com\/fr\/wp-json\/wp\/v2\/types\/post"}],"author":[{"embeddable":true,"href":"https:\/\/www.europesays.com\/fr\/wp-json\/wp\/v2\/users\/2"}],"replies":[{"embeddable":true,"href":"https:\/\/www.europesays.com\/fr\/wp-json\/wp\/v2\/comments?post=474526"}],"version-history":[{"count":0,"href":"https:\/\/www.europesays.com\/fr\/wp-json\/wp\/v2\/posts\/474526\/revisions"}],"wp:featuredmedia":[{"embeddable":true,"href":"https:\/\/www.europesays.com\/fr\/wp-json\/wp\/v2\/media\/474527"}],"wp:attachment":[{"href":"https:\/\/www.europesays.com\/fr\/wp-json\/wp\/v2\/media?parent=474526"}],"wp:term":[{"taxonomy":"category","embeddable":true,"href":"https:\/\/www.europesays.com\/fr\/wp-json\/wp\/v2\/categories?post=474526"},{"taxonomy":"post_tag","embeddable":true,"href":"https:\/\/www.europesays.com\/fr\/wp-json\/wp\/v2\/tags?post=474526"}],"curies":[{"name":"wp","href":"https:\/\/api.w.org\/{rel}","templated":true}]}}